{"id":1101,"date":"2020-03-25T09:04:14","date_gmt":"2020-03-25T09:04:14","guid":{"rendered":"https:\/\/www.affinite.fr\/index.php\/2020\/03\/25\/the-walking-dead-saison-10-le-final-reporte-a-cause-du-coronavirus-news-series-a-la-tv\/"},"modified":"2020-03-25T09:04:14","modified_gmt":"2020-03-25T09:04:14","slug":"the-walking-dead-saison-10-le-final-reporte-a-cause-du-coronavirus-news-series-a-la-tv","status":"publish","type":"post","link":"http:\/\/www.affinite.fr\/index.php\/2020\/03\/25\/the-walking-dead-saison-10-le-final-reporte-a-cause-du-coronavirus-news-series-a-la-tv\/","title":{"rendered":"The Walking Dead saison 10 : le final report\u00e9 \u00e0 cause du coronavirus &#8211; News S\u00e9ries \u00e0 la TV"},"content":{"rendered":"<p> [ad_1]<br \/>\n<\/p>\n<div id=\"article-container\">\n<p class=\"article-lead\">La cha\u00eene am\u00e9ricaine AMC vient d&rsquo;annoncer que le Coronavirus avait fait une nouvelle victime : \u00ab\u00a0The Walking Dead\u00a0\u00bb. Le final de la saison 10 ne sera finalement pas diffus\u00e9 \u00e0 la date pr\u00e9vue mais \u00ab\u00a0plus tard dans l&rsquo;ann\u00e9e\u00a0\u00bb. Explications.<\/p>\n<div id=\"article-content\">\n<figure class=\"article-figure article-main-figure\"><img loading=\"lazy\" decoding=\"async\" class=\"article-figure-img\" width=\"640\" height=\"360\" src=\"http:\/\/fr.web.img6.acsta.net\/r_640_360\/newsv7\/20\/03\/25\/09\/29\/3059418.jpg\"\/><\/figure>\n<p>Apr\u00e8s le deuxi\u00e8me spin-off <a title=\"The Walking Dead: World Beyond (U.S.A.) (Epouvante-horreur,Drame)\" href=\"http:\/\/www.allocine.fr\/series\/ficheserie_gen_cserie=25046.html\">The Walking Dead : World Beyond<\/a>, dont le lancement a \u00e9t\u00e9 repouss\u00e9 \u00e0 une date ult\u00e9rieure, c&rsquo;est la s\u00e9rie m\u00e8re qui ne terminera pas la diffusion de sa saison 10. C&rsquo;est la cha\u00eene am\u00e9ricaine AMC qui vient de l&rsquo;annoncer : pr\u00e9vu le 12 avril prochain, le final est report\u00e9 \u00e0 une date ult\u00e9rieure, \u00ab\u00a0plus tard dans l&rsquo;ann\u00e9e\u00a0\u00bb, pas encore pr\u00e9cis\u00e9e. On ne sait pas s&rsquo;il sera diffus\u00e9 ind\u00e9pendamment ou raccroch\u00e9 \u00e0 la saison 11, d\u00e9j\u00e0 command\u00e9e et dont on dit qu&rsquo;elle pourrait \u00eatre la derni\u00e8re, sans toutefois de confirmation \u00e0 ce stade.<\/p>\n<p>Derri\u00e8re cette d\u00e9cision, la pand\u00e9mie de Coronavirus : si le tournage de la saison 10 \u00e9tait bien termin\u00e9 depuis quelques temps, c&rsquo;est la post-production qui, elle, n&rsquo;a pas pu \u00eatre achev\u00e9e dans les temps. L&rsquo;\u00e9pisode 15 de la saison 10, diffus\u00e9 le 5 avril prochain sur AMC (chez nous le 6 sur OCS) fera donc office de final improvis\u00e9. Quant \u00e0 la pr\u00e9-production de la saison 11, elle a \u00e9t\u00e9 repouss\u00e9e. Mais pour l&rsquo;heure, un lancement \u00e0 l&rsquo;automne comme c&rsquo;est de coutume ne semble pas menac\u00e9.<\/p>\n<p>La bande-annonce du prochain \u00e9pisode :<\/p>\n<p>\u00a0<\/p>\n<\/p><\/div>\n<\/p><\/div>\n<p>[ad_2]<br \/>\n<br \/><a href=\"http:\/\/rss.allocine.fr\/~r\/ac\/actualites\/~3\/xKhc6mxqDAE\/fichearticle_gen_carticle=18688781.html\">Source link <\/a><\/p>\n","protected":false},"excerpt":{"rendered":"<p>[ad_1] La cha\u00eene am\u00e9ricaine AMC vient d&rsquo;annoncer que le Coronavirus avait fait une nouvelle victime : \u00ab\u00a0The Walking Dead\u00a0\u00bb. Le &hellip; <a href=\"http:\/\/www.affinite.fr\/index.php\/2020\/03\/25\/the-walking-dead-saison-10-le-final-reporte-a-cause-du-coronavirus-news-series-a-la-tv\/\" class=\"more-link\">Plus <span class=\"screen-reader-text\">The Walking Dead saison 10 : le final report\u00e9 \u00e0 cause du coronavirus &#8211; News S\u00e9ries \u00e0 la TV<\/span> <span class=\"meta-nav\">&rarr;<\/span><\/a><\/p>\n","protected":false},"author":1,"featured_media":1102,"comment_status":"open","ping_status":"open","sticky":false,"template":"","format":"standard","meta":{"_sitemap_exclude":false,"_sitemap_priority":"","_sitemap_frequency":"","footnotes":""},"categories":[1],"tags":[],"class_list":["post-1101","post","type-post","status-publish","format-standard","has-post-thumbnail","hentry","category-tous"],"_links":{"self":[{"href":"http:\/\/www.affinite.fr\/index.php\/wp-json\/wp\/v2\/posts\/1101"}],"collection":[{"href":"http:\/\/www.affinite.fr\/index.php\/wp-json\/wp\/v2\/posts"}],"about":[{"href":"http:\/\/www.affinite.fr\/index.php\/wp-json\/wp\/v2\/types\/post"}],"author":[{"embeddable":true,"href":"http:\/\/www.affinite.fr\/index.php\/wp-json\/wp\/v2\/users\/1"}],"replies":[{"embeddable":true,"href":"http:\/\/www.affinite.fr\/index.php\/wp-json\/wp\/v2\/comments?post=1101"}],"version-history":[{"count":0,"href":"http:\/\/www.affinite.fr\/index.php\/wp-json\/wp\/v2\/posts\/1101\/revisions"}],"wp:featuredmedia":[{"embeddable":true,"href":"http:\/\/www.affinite.fr\/index.php\/wp-json\/wp\/v2\/media\/1102"}],"wp:attachment":[{"href":"http:\/\/www.affinite.fr\/index.php\/wp-json\/wp\/v2\/media?parent=1101"}],"wp:term":[{"taxonomy":"category","embeddable":true,"href":"http:\/\/www.affinite.fr\/index.php\/wp-json\/wp\/v2\/categories?post=1101"},{"taxonomy":"post_tag","embeddable":true,"href":"http:\/\/www.affinite.fr\/index.php\/wp-json\/wp\/v2\/tags?post=1101"}],"curies":[{"name":"wp","href":"https:\/\/api.w.org\/{rel}","templated":true}]}}