{"id":11000,"date":"2024-11-19T11:45:23","date_gmt":"2024-11-19T11:45:23","guid":{"rendered":"http:\/\/www.affinite.fr\/index.php\/2024\/11\/19\/brigitte-macron-ne-se-separe-plus-de-ce-jean\/"},"modified":"2024-11-19T11:45:23","modified_gmt":"2024-11-19T11:45:23","slug":"brigitte-macron-ne-se-separe-plus-de-ce-jean","status":"publish","type":"post","link":"http:\/\/www.affinite.fr\/index.php\/2024\/11\/19\/brigitte-macron-ne-se-separe-plus-de-ce-jean\/","title":{"rendered":"Brigitte Macron ne se s\u00e9pare plus de ce jean"},"content":{"rendered":"<p> [ad_1]<br \/>\n<br \/><img decoding=\"async\" src=\"https:\/\/img-3.journaldesfemmes.fr\/gOMAq1zKH45VO-TQPD3DpeOHKao=\/1280x\/smart\/4261b310133845d48cc8c9c12e5a5bc7\/ccmcms-jdf\/40003535.jpg\" \/><\/p>\n<p>\n                Ce jeudi 14\u00a0novembre, Brigitte Macron a assist\u00e9 au vernissage de sa fille Laurence Auzi\u00e8re dans une tenue d\u00e9contract\u00e9e, avec un jean qu&rsquo;on va s&#8217;empresser de lui piquer. Elle n&rsquo;en a pas fini de nous donner des le\u00e7ons de mode\u00a0!            <\/p>\n<div>\n<p>Chaque sortie de <a href=\"https:\/\/www.journaldesfemmes.fr\/people\/personnalites\/2559562-brigitte-macron\/\" title=\"Brigitte Trogneux\">Brigitte Macron<\/a> est une v\u00e9ritable le\u00e7on de mode. \u00c0 71\u00a0ans, la premi\u00e8re dame se r\u00e9invente sans cesse. Elle ne porte jamais le m\u00eame tailleur ou\u00a0la m\u00eame robe, et arbore \u00e0 chaque occasion des v\u00eatements de cr\u00e9ateurs. La plupart sont pr\u00eat\u00e9s par Nicolas Ghesqui\u00e8re, le directeur artistique de Louis Vuitton, ou encore par Dior, ses deux marques pr\u00e9f\u00e9r\u00e9es.\u00a0<\/p>\n<p>Mais, il lui arrive aussi de porter des tenues plus d\u00e9contract\u00e9es, tout en gardant une touche d&rsquo;\u00e9l\u00e9gance. C&rsquo;est ce que l&rsquo;on appelle le look <em>effortless chic<\/em>, et c&rsquo;est un style que la femme du pr\u00e9sident fran\u00e7ais adopte \u00e0 la perfection. D\u00e9j\u00e0 ce mardi 5\u00a0novembre, sur le plateau de la Star Academy, Brigitte Macron a montr\u00e9 qu&rsquo;elle pouvait bien porter le look rock. Elle \u00e9tait v\u00eatue d&rsquo;une veste en cuir, d&rsquo;un <a href=\"https:\/\/www.journaldesfemmes.fr\/mode\/conseils-mode\/2529190-jean-femme-marques-tendances-histoire\/\" title=\"Denim\">jean<\/a> et de bottes noires.\u00a0<\/p>\n<p>Quelques jours plus tard, le 14\u00a0novembre, elle s&rsquo;est rendue au vernissage de sa fille Laurence Auzi\u00e8re, dans le 6\u1d49 arrondissement de Paris, dans un look similaire au pr\u00e9c\u00e9dent.\u00a0En effet, elle a de nouveau troqu\u00e9 les jupes et les robes contre un\u00a0jean. Et pas n&rsquo;importe lequel\u00a0! Ce jean <a href=\"https:\/\/www.journaldesfemmes.fr\/mode\/conseils-mode\/2841796-levi-s\/\" title=\"Levi's\">Levi&rsquo;s<\/a> bleu fonc\u00e9 \u00e0 coupe droite est parfait pour allonger ses jambes. Associ\u00e9 \u00e0 une paire de bottines \u00e0 plateformes, c&rsquo;est le moyen id\u00e9al de\u00a0mettre sa silhouette en valeur. Aujourd&rsquo;hui encore, la Premi\u00e8re Dame nous donne des le\u00e7ons de mode\u00a0!<\/p>\n<p>Brigitte Macron a habill\u00e9 son pantalon d&rsquo;un long manteau noir et d&rsquo;une \u00e9charpe bleu marine. En dessous, elle portait deux tee-shirts\u00a0: un haut \u00e0 manches courtes dot\u00e9 d&rsquo;\u00e9paulettes\u00a0et un tee-shirt \u00e0 manches longues.<\/p>\n<p>Quant \u00e0 sa fille, Laurence Auzi\u00e8re, le proverbe \u00ab\u00a0telle m\u00e8re, telle fille\u00a0\u00bb prend tout son sens, car elle est aussi \u00e9l\u00e9gante que sa m\u00e8re\u00a0! En effet, elle portait pour l&rsquo;occasion une robe blanche et une veste en daim camel assortie \u00e0 ses talons. Son sac n&rsquo;est autre que Le 5\u00a0a 7\u00a0Marron de Saint-Laurent\u00a0!\u00a0<\/p>\n<\/p><\/div>\n<p>[ad_2]<br \/>\n<br \/><a href=\"https:\/\/www.journaldesfemmes.fr\/mode\/looks-de-star\/3206896-brigitte-macron-ne-se-separe-plus-de-ce-jean-sa-coupe-parfaite-sublime-sa-silhouette-longiligne\/\">Source link <\/a><\/p>\n","protected":false},"excerpt":{"rendered":"<p>[ad_1] Ce jeudi 14\u00a0novembre, Brigitte Macron a assist\u00e9 au vernissage de sa fille Laurence Auzi\u00e8re dans une tenue d\u00e9contract\u00e9e, avec &hellip; <a href=\"http:\/\/www.affinite.fr\/index.php\/2024\/11\/19\/brigitte-macron-ne-se-separe-plus-de-ce-jean\/\" class=\"more-link\">Plus <span class=\"screen-reader-text\">Brigitte Macron ne se s\u00e9pare plus de ce jean<\/span> <span class=\"meta-nav\">&rarr;<\/span><\/a><\/p>\n","protected":false},"author":1,"featured_media":11001,"comment_status":"","ping_status":"open","sticky":false,"template":"","format":"standard","meta":{"_sitemap_exclude":false,"_sitemap_priority":"","_sitemap_frequency":"","footnotes":""},"categories":[1],"tags":[],"class_list":["post-11000","post","type-post","status-publish","format-standard","has-post-thumbnail","hentry","category-tous"],"_links":{"self":[{"href":"http:\/\/www.affinite.fr\/index.php\/wp-json\/wp\/v2\/posts\/11000"}],"collection":[{"href":"http:\/\/www.affinite.fr\/index.php\/wp-json\/wp\/v2\/posts"}],"about":[{"href":"http:\/\/www.affinite.fr\/index.php\/wp-json\/wp\/v2\/types\/post"}],"author":[{"embeddable":true,"href":"http:\/\/www.affinite.fr\/index.php\/wp-json\/wp\/v2\/users\/1"}],"replies":[{"embeddable":true,"href":"http:\/\/www.affinite.fr\/index.php\/wp-json\/wp\/v2\/comments?post=11000"}],"version-history":[{"count":0,"href":"http:\/\/www.affinite.fr\/index.php\/wp-json\/wp\/v2\/posts\/11000\/revisions"}],"wp:featuredmedia":[{"embeddable":true,"href":"http:\/\/www.affinite.fr\/index.php\/wp-json\/wp\/v2\/media\/11001"}],"wp:attachment":[{"href":"http:\/\/www.affinite.fr\/index.php\/wp-json\/wp\/v2\/media?parent=11000"}],"wp:term":[{"taxonomy":"category","embeddable":true,"href":"http:\/\/www.affinite.fr\/index.php\/wp-json\/wp\/v2\/categories?post=11000"},{"taxonomy":"post_tag","embeddable":true,"href":"http:\/\/www.affinite.fr\/index.php\/wp-json\/wp\/v2\/tags?post=11000"}],"curies":[{"name":"wp","href":"https:\/\/api.w.org\/{rel}","templated":true}]}}