{"id":10998,"date":"2024-11-18T11:44:41","date_gmt":"2024-11-18T11:44:41","guid":{"rendered":"https:\/\/www.affinite.fr\/index.php\/2024\/11\/18\/pierre-garnier-a-t-il-pris-la-grosse-tete-apres-la-star-ac-ils-peuvent-encore-me-parler-comme-de-la\/"},"modified":"2024-11-18T11:44:41","modified_gmt":"2024-11-18T11:44:41","slug":"pierre-garnier-a-t-il-pris-la-grosse-tete-apres-la-star-ac-ils-peuvent-encore-me-parler-comme-de-la","status":"publish","type":"post","link":"http:\/\/www.affinite.fr\/index.php\/2024\/11\/18\/pierre-garnier-a-t-il-pris-la-grosse-tete-apres-la-star-ac-ils-peuvent-encore-me-parler-comme-de-la\/","title":{"rendered":"Pierre Garnier a-t-il pris la grosse t\u00eate apr\u00e8s la Star Ac\u00a0? \u00ab\u00a0Ils peuvent encore me parler comme de la&#8230;\u00a0\u00bb"},"content":{"rendered":"<p> [ad_1]<br \/>\n<br \/><img decoding=\"async\" src=\"https:\/\/img-3.journaldesfemmes.fr\/6DJzdXWaUSv1HbfK-dMG5sA49eg=\/1280x\/smart\/40f951ec42044885b264b0e1c4723485\/ccmcms-jdf\/40003531.jpg\" \/><\/p>\n<p>\n                Apr\u00e8s sa victoire dans \u00ab\u00a0Star Academy\u00a0\u00bb, le jeune chanteur Pierre Garnier est toujours sur un petit nuage et doit composer avec sa nouvelle notori\u00e9t\u00e9. Dur dur de rester le m\u00eame\u00a0? Il r\u00e9pond sans langue de bois.            <\/p>\n<div>\n<p>Le 22\u00a0novembre prochain, <a href=\"https:\/\/www.journaldesfemmes.fr\/people\/personnalites\/3161182-pierre-garnier-origine-star-academy-buzz-etudes-relation-avec-helena\/\" title=\"Pierre Garnier\">Pierre Garnier<\/a>, le grand gagnant de la onzi\u00e8me saison de la <em>Star Academy<\/em>, d\u00e9voilera la r\u00e9\u00e9dition de son tout premier album, <em>Chaque seconde.<\/em>\u00a0Au programme\u00a0: quatre nouveaux titres pens\u00e9s pour l&rsquo;occasion, qui s&rsquo;annoncent d\u00e9j\u00e0 comme de v\u00e9ritables succ\u00e8s.\u00a0<\/p>\n<h2>Comment Pierre Garnier appr\u00e9hende-t-il sa nouvelle vie post Star Ac&rsquo; ?\u00a0<\/h2>\n<p>Il faut dire que, depuis sa sortie du ch\u00e2teau de la <em><a href=\"https:\/\/www.journaldesfemmes.fr\/people\/rendez-vous\/2828791-star-academy-chateau-prime-invites-finale-finalistes-anisha-enola-louis-lea-saison-2023-gagnant\/\" title=\"Star Ac\">Star Academy<\/a>,<\/em>\u00a0le jeune homme de 22\u00a0ans cartonne sur les ondes et les plateformes de streaming, notamment avec son tube\u00a0<em>Ceux qu&rsquo;on \u00e9tait<\/em>. Il\u00a0s&rsquo;appr\u00eate \u00e0 prendre la route pour sa propre tourn\u00e9e. \u00c0 l&rsquo;occasion d&rsquo;un passage en Belgique, Pierre Garnier a\u00a0pu \u00e9changer avec\u00a0<a href=\"https:\/\/www.7sur7.be\/people\/jetais-toujours-un-peu-sous-pression-pierre-garnier-revient-sur-le-tourbillon-vecu-apres-la-star-academy~afb48342\/\" target=\"_blank\" rel=\"noopener\"><em>7\u00a0sur 7<\/em><\/a>\u00a0et le jeune homme d\u00e9couvert sur TF1 a \u00e9voqu\u00e9 sa c\u00e9l\u00e9brit\u00e9.<\/p>\n<p><em>\u00ab\u00a0En vrai, au d\u00e9but, on ne g\u00e8re pas. C&rsquo;est compliqu\u00e9. Je suis sorti de la Star Ac&rsquo;\u00a0dans un tourbillon. \u00c0 la sortie, on apprend tout ce qui se passe dehors, il y a eu les m\u00e9dias, la tourn\u00e9e qui a commenc\u00e9 super vite, aussi. Moi, j&rsquo;\u00e9tais en train de travailler sur mon album en m\u00eame temps. J&rsquo;\u00e9tais un peu comme dans un tunnel\u00a0\u00bb<\/em>, a expliqu\u00e9 l&rsquo;auteur, compositeur, interpr\u00e8te.\u00a0Avant de clore quelque peu le sujet\u00a0: <em>\u00ab\u00a0Ce m\u00e9tier-l\u00e0, je pense qu&rsquo;il faut le vivre pour l&rsquo;apprendre.\u00a0\u00bb<\/em><\/p>\n<h2>Pierre Garnier a-t-il chang\u00e9\u00a0? <em>\u00ab\u00a0Il n&rsquo;y a pas de traitement de faveur\u00a0\u00bb<\/em><\/h2>\n<p>Interrog\u00e9 sur le poids de cette notori\u00e9t\u00e9 dans sa vie priv\u00e9e, Pierre Garnier a estim\u00e9 qu&rsquo;il n&rsquo;avait pas chang\u00e9, surtout dans sa sph\u00e8re personnelle. <em>\u00ab\u00a0Dans ma vie priv\u00e9e, je n&rsquo;ai pas chang\u00e9. Et \u00e7a, c&rsquo;est aussi gr\u00e2ce \u00e0 mes potes qui me traitent exactement comme avant. Quand je rentre chez moi, on parle de tout ce qui m&rsquo;arrive \u00e9videmment, mais on est rest\u00e9 les m\u00eames. Il n&rsquo;y a pas de traitement de faveur, ils peuvent encore me parler comme de la merde, et c&rsquo;est \u00e7a qui est cool\u00a0\u00bb<\/em>, a-t-il confi\u00e9 avec humour.<\/p>\n<p><em>\u00ab\u00a0\u00c7a me permet de garder les pieds sur terre\u00a0\u00bb<\/em>, a continu\u00e9 le jeune homme originaire de Villedieu-les-Po\u00eales, en <a href=\"http:\/\/www.affinite.fr\/index.php\/2024\/11\/21\/construire-votre-maison-en-normandie\/\">Normandie<\/a>. Et Pierre Garnier, qui a r\u00e9cemment collabor\u00e9 avec <a href=\"https:\/\/www.journaldesfemmes.fr\/people\/personnalites\/2944725-m-pokora-vrai-nom-age-femme-enfants-infos\/\" title=\"M. Pokora\">M. Pokora<\/a> sur le titre\u00a0<em>Chaque Seconde<\/em> d&rsquo;ajouter : <em>\u00ab\u00a0J&rsquo;ai \u00e9volu\u00e9, ce qui est important, parce qu&rsquo;on ne va pas rester le m\u00eame \u00e0 18\u00a0ans qu&rsquo;\u00e0 40, mais je pense que je suis rest\u00e9 fid\u00e8le \u00e0 ce que je suis.\u00a0\u00bb<\/em><\/p>\n<\/p><\/div>\n<p>[ad_2]<br \/>\n<br \/><a href=\"https:\/\/www.journaldesfemmes.fr\/people\/actus\/3206894-pierre-garnier-a-t-il-pris-la-grosse-tete-apres-la-star-ac-ils-peuvent-encore-me-parler-comme-de-la-merde\/\">Source link <\/a><\/p>\n","protected":false},"excerpt":{"rendered":"<p>[ad_1] Apr\u00e8s sa victoire dans \u00ab\u00a0Star Academy\u00a0\u00bb, le jeune chanteur Pierre Garnier est toujours sur un petit nuage et doit &hellip; <a href=\"http:\/\/www.affinite.fr\/index.php\/2024\/11\/18\/pierre-garnier-a-t-il-pris-la-grosse-tete-apres-la-star-ac-ils-peuvent-encore-me-parler-comme-de-la\/\" class=\"more-link\">Plus <span class=\"screen-reader-text\">Pierre Garnier a-t-il pris la grosse t\u00eate apr\u00e8s la Star Ac\u00a0? \u00ab\u00a0Ils peuvent encore me parler comme de la&#8230;\u00a0\u00bb<\/span> <span class=\"meta-nav\">&rarr;<\/span><\/a><\/p>\n","protected":false},"author":1,"featured_media":10999,"comment_status":"","ping_status":"open","sticky":false,"template":"","format":"standard","meta":{"_sitemap_exclude":false,"_sitemap_priority":"","_sitemap_frequency":"","footnotes":""},"categories":[1],"tags":[],"class_list":["post-10998","post","type-post","status-publish","format-standard","has-post-thumbnail","hentry","category-tous"],"_links":{"self":[{"href":"http:\/\/www.affinite.fr\/index.php\/wp-json\/wp\/v2\/posts\/10998"}],"collection":[{"href":"http:\/\/www.affinite.fr\/index.php\/wp-json\/wp\/v2\/posts"}],"about":[{"href":"http:\/\/www.affinite.fr\/index.php\/wp-json\/wp\/v2\/types\/post"}],"author":[{"embeddable":true,"href":"http:\/\/www.affinite.fr\/index.php\/wp-json\/wp\/v2\/users\/1"}],"replies":[{"embeddable":true,"href":"http:\/\/www.affinite.fr\/index.php\/wp-json\/wp\/v2\/comments?post=10998"}],"version-history":[{"count":0,"href":"http:\/\/www.affinite.fr\/index.php\/wp-json\/wp\/v2\/posts\/10998\/revisions"}],"wp:featuredmedia":[{"embeddable":true,"href":"http:\/\/www.affinite.fr\/index.php\/wp-json\/wp\/v2\/media\/10999"}],"wp:attachment":[{"href":"http:\/\/www.affinite.fr\/index.php\/wp-json\/wp\/v2\/media?parent=10998"}],"wp:term":[{"taxonomy":"category","embeddable":true,"href":"http:\/\/www.affinite.fr\/index.php\/wp-json\/wp\/v2\/categories?post=10998"},{"taxonomy":"post_tag","embeddable":true,"href":"http:\/\/www.affinite.fr\/index.php\/wp-json\/wp\/v2\/tags?post=10998"}],"curies":[{"name":"wp","href":"https:\/\/api.w.org\/{rel}","templated":true}]}}