{"id":10996,"date":"2024-11-18T11:31:39","date_gmt":"2024-11-18T11:31:39","guid":{"rendered":"http:\/\/www.affinite.fr\/index.php\/2024\/11\/18\/il-etait-une-fois-la-patisserie-309\/"},"modified":"2024-11-18T11:31:39","modified_gmt":"2024-11-18T11:31:39","slug":"il-etait-une-fois-la-patisserie-309","status":"publish","type":"post","link":"http:\/\/www.affinite.fr\/index.php\/2024\/11\/18\/il-etait-une-fois-la-patisserie-309\/","title":{"rendered":"Il \u00e9tait une fois la p\u00e2tisserie"},"content":{"rendered":"<p> [ad_1]<br \/>\n<\/p>\n<div id=\"post-body-8580861108513119646\" itemprop=\"articleBody\">\nLe Black Friday commence chez <span class=\"lienamazon\"><a href=\"https:\/\/www.davidvanille.com\/fr\/71-promotions-fete-de-la-vanille\" rel=\"nofollow noopener\" target=\"_blank\">David vanille<\/a><\/span> avec de la vanille \u00e0 partir de 0,11 \u20ac la gousse (vanille d\u00e9class\u00e9e) avec le code <b>CHRISTELLE10<\/b>. Des r\u00e9ductions allant <b>jusqu&rsquo;\u00e0 -80%,<\/b> cumulables avec mon code. C&rsquo;est de la folie !<\/p>\n<div class=\"separator\" style=\"clear: both; text-align: center;\"><a href=\"https:\/\/www.davidvanille.com\/fr\/71-promotions-fete-de-la-vanille\" rel=\"nofollow noopener\" style=\"margin-left: 1em; margin-right: 1em;\" target=\"_blank\"><img decoding=\"async\" alt=\"vanille-pas-cher\" border=\"0\" data-original-height=\"335\" data-original-width=\"400\" loading=\"lazy\" src=\"https:\/\/blogger.googleusercontent.com\/img\/b\/R29vZ2xl\/AVvXsEjsbYgkqdfp7d5ufd4o7BpsO_M6QlnYv3v_FBmpZJqBIsYzZLuyTKuNPwSaW4elPaTwvoGJJJulN3NL67nOI6Ol7FNnRhxhYlHLuDH6exxWOrJ1qOs1GU9sy_OFN0g1TSvW0zloNzyAipue4EYVhz8eXiL01jvnNJPd0K9x4z4pC0ijtVLmXpaAI2SgDfU\/s16000-rw\/vanille-black-friday.jpg\" title=\"vanille pas chere\"\/><\/a><\/div>\n<p><a name=\"more\"\/><br \/>\n<br \/>Le Black Week vient de commencer chez plusieurs marques, et parmi elles David Vanille ! Vous connaissez s\u00fbrement ce site car j&rsquo;utilise leur vanille depuis maintenant plusieurs ann\u00e9es.<\/p>\n<p>Vous pouvez consulter <span class=\"lienamazon\"><a href=\"https:\/\/www.davidvanille.com\/fr\/71-promotions-fete-de-la-vanille\" rel=\"nofollow noopener\" target=\"_blank\">toutes leurs offres ici<\/a><\/span>, mais je vous fais un r\u00e9cap des meilleures :<\/p>\n<h3 style=\"text-align: left;\">1. Vanille d\u00e9class\u00e9e \u00e0 11 centimes la gousse<\/h3>\n<p>Profitez de <span class=\"lienamazon\"><a href=\"https:\/\/bit.ly\/VanilleDeclassee\" rel=\"nofollow noopener\" target=\"_blank\">-50% sur la vanille d\u00e9class\u00e9e<\/a><\/span>, et les frais de port offerts en point relais ! Cette offre est cumulable avec mon code <b>CHRISTELLE10 <\/b>qui vous donne <b>10% de r\u00e9duction suppl\u00e9mentaire<\/b>. La vanille revient ainsi \u00e0 <b>11 centimes la gousse<\/b> \ud83d\ude31<\/p>\n<p>Attention, il s&rsquo;agit de <b>vanille d\u00e9class\u00e9e<\/b>, c&rsquo;est-\u00e0-dire soit fendue, soit s\u00e8che, soit avec un autre d\u00e9faut, elle ne sera donc pas jolie visuellement. Par contre, ses ar\u00f4mes sont intactes !<\/p>\n<p>Si elle est s\u00e8che, elle reprendra sa forme normale en infusant.<\/p>\n<p>En gros, elle ressemble \u00e0 la vanille qu&rsquo;on trouve pour 30 fois ce prix en supermarch\u00e9&#8230; Quand vous h\u00e9sitiez \u00e0 mettre une gousse dans une pr\u00e9paration car \u00e7a co\u00fbte une fortune, l\u00e0 vous pourrez mettre 3 gousses, \u00e7a vous co\u00fbtera toujours <b>10 fois moins cher<\/b>, pour un <b>ar\u00f4me d\u00e9cupl\u00e9<\/b> !<\/p>\n<div class=\"separator\" style=\"clear: both; text-align: center;\"><a href=\"https:\/\/bit.ly\/VanilleDeclassee\" rel=\"nofollow noopener\" style=\"margin-left: 1em; margin-right: 1em;\" target=\"_blank\"><img decoding=\"async\" alt=\"vanille-pas-chere\" border=\"0\" data-original-height=\"653\" data-original-width=\"650\" loading=\"lazy\" src=\"https:\/\/blogger.googleusercontent.com\/img\/b\/R29vZ2xl\/AVvXsEhTNDOQdLKwZfOeXHJshyK-Ejl_M-3BkyriZ7hqfw2j6SPHWQAAJhiQLcu8VIlenrvbP8IAQU7ETVKAoiIsDjXh2dTm5p5Q44591-FJfjmhtmiDhqKYs-c9y_Jy186SFDss9kpgFKYL-jqNIgA__bxB4nv-kq7ZVbzmoi9J0EVmFl2zuFt4wxPRG6SjU4c\/s16000-rw\/vanille-declassee.jpg\" title=\"vanille pas ch\u00e8re\"\/><\/a><\/div>\n<p><\/p>\n<h3 style=\"text-align: left;\">2. &#8211; 40% sur la vanille en poudre<\/h3>\n<p>La <span class=\"lienamazon\"><a href=\"https:\/\/www.davidvanille.com\/fr\/gousses-de-vanille\/286-7569-poudre-de-vanille.html#\/267-quantite-25g\" rel=\"nofollow noopener\" target=\"_blank\">vanille en poudre<\/a><\/span> passe de 4,99 \u20ac \u00e0 2,99 \u20ac. C&rsquo;est de la super qualit\u00e9.<\/p>\n<div class=\"separator\" style=\"clear: both; text-align: center;\"><a href=\"https:\/\/www.davidvanille.com\/fr\/gousses-de-vanille\/286-7569-poudre-de-vanille.html#\/267-quantite-25g\" rel=\"nofollow noopener\" style=\"margin-left: 1em; margin-right: 1em;\" target=\"_blank\"><img decoding=\"async\" alt=\"vanille-poudre-pas-chere\" border=\"0\" data-original-height=\"650\" data-original-width=\"650\" loading=\"lazy\" src=\"https:\/\/blogger.googleusercontent.com\/img\/b\/R29vZ2xl\/AVvXsEjj9o9ptICJLlP4QF8nnkNJXja49cugAvBj-I1W7nd3FDs9331yNvNKyEdiqyYa_TZsuezYbCMvCf2vgnyhUB_GHWro77PjNbKtTkJq2-BlO_8nbbqaILkGsr7vpdMWxySrLkXwKGQccF8HeqcoPN40fw3F0-YBoyxMH1RGfVmthaCRwiZberg0oxtaRZM\/s16000-rw\/vanille-en-poudre-pas-chere.jpg\" title=\"promo vanille en poudre\"\/><\/a><\/div>\n<p><\/p>\n<h3 style=\"text-align: left;\">3. &#8211; 35% sur la vanille Bourbon<\/h3>\n<p>Ma vanille pr\u00e9f\u00e9r\u00e9e : la <span class=\"lienamazon\"><a href=\"https:\/\/www.davidvanille.com\/fr\/gousses-de-vanille\/62-8207-vanille-bourbon-de-madagascar-m-bourbon-gold.html#\/227-quantite-10_gousses\" rel=\"nofollow noopener\" target=\"_blank\">vanille Bourbon<\/a><\/span> ! Des gousses bien charnues, super aromatiques, 1\/2 gousse suffit dans la plupart des pr\u00e9parations. Elle est en promo \u00e0 -35%, cumulable avec les -10% de mon code <b>CHRISTELLE10<\/b>.<\/p>\n<div class=\"separator\" style=\"clear: both; text-align: center;\"><a href=\"https:\/\/www.davidvanille.com\/fr\/gousses-de-vanille\/62-8207-vanille-bourbon-de-madagascar-m-bourbon-gold.html#\/227-quantite-10_gousses\" rel=\"nofollow noopener\" style=\"margin-left: 1em; margin-right: 1em;\" target=\"_blank\"><img decoding=\"async\" alt=\"vanille-bourbon-pas-chere\" border=\"0\" data-original-height=\"650\" data-original-width=\"650\" loading=\"lazy\" src=\"https:\/\/blogger.googleusercontent.com\/img\/b\/R29vZ2xl\/AVvXsEgimHm4JnsUsOgCZmyDAX7KHa-Gp6r627wKMEV2xoXeX_MsGTtpQGhyvyUmYdxTgttoHdBoJMP-NpK1YG3rjYmxlE7jXfJkw56RAyCPirhvWkm6k9kg_hWSHbfxG3lXgj9uttQregtvkmsATcCFJ16j1OddteH6da2LSIwRAP7a6aPLFaUMn9VUobHpOhA\/s16000-rw\/vanille-bourbon-pas-chere.jpg\" title=\"vanille bourbon pas ch\u00e8re promo\"\/><\/a><\/div>\n<h3 style=\"text-align: left;\">4. &#8211; 50% sur la vanille Noire Eb\u00e8ne<\/h3>\n<p>Je termine avec la vanille <span class=\"lienamazon\"><a href=\"https:\/\/www.davidvanille.com\/fr\/gousses-de-vanille\/98-8194-vanille-d-ouganda-noire-ebene-m.html#\/227-quantite-10_gousses\" rel=\"nofollow noopener\" target=\"_blank\">Noire Eb\u00e8ne d&rsquo;Ouganda<\/a><\/span>. Il s&rsquo;agit d&rsquo;une <b>vanille tr\u00e8s peu ch\u00e8re<\/b>, ici en promo \u00e0 <b>-50%<\/b>, cumulable avec les -10% de mon code <b>CHRISTELLE10<\/b>.<\/p>\n<p>Cette vanille est \u00e0 privil\u00e9gier dans tout ce qui doit infuser, mais elle peut \u00eatre utilis\u00e9e partout.<\/p>\n<p>\u00a0<\/p>\n<div class=\"separator\" style=\"clear: both; text-align: center;\"><a href=\"https:\/\/www.davidvanille.com\/fr\/gousses-de-vanille\/98-8194-vanille-d-ouganda-noire-ebene-m.html#\/227-quantite-10_gousses\" rel=\"nofollow noopener\" style=\"margin-left: 1em; margin-right: 1em;\" target=\"_blank\"><img decoding=\"async\" alt=\"black-friday-vanille\" border=\"0\" data-original-height=\"655\" data-original-width=\"650\" loading=\"lazy\" src=\"https:\/\/blogger.googleusercontent.com\/img\/b\/R29vZ2xl\/AVvXsEjB7p8baxFCPtaBkn3DsFXaLx1AbOuSQkb1tI4ka9ts3OH5ZbDhW7xqn0nHvo8eULl9-udNfS_4UhUJJXh2I6_fmmJbUXqrOZXbHmloWgvXPlSzqsU6QG3dbga3FOLZ_OGSmmeluVrhMrP4dHLNhVC2SpPYEH34HkTWp4R8EnDLsoN030qjMGxCF6XMX0A\/s16000-rw\/vanille-noire-ebene.jpg\" title=\"vanille black friday\"\/><\/a><\/div>\n<p>Elle revient \u00e0 <b>0,54 \u20ac la gousse<\/b> avec mon code. <\/p>\n<p><\/p>\n<h3 style=\"text-align: left;\">Comment conserver la vanille ?<\/h3>\n<p>Attention, il y a un minimum d&rsquo;achat \u00e0 25 \u20ac. Pour conserver votre vanille, je vous conseille de placer les gousses soit dans un <span class=\"lienamazon\"><a href=\"https:\/\/amzlink.to\/az0WHlblEaZNZ\" rel=\"nofollow noopener\" target=\"_blank\">bocal en verre<\/a><\/span> (plusieurs mois, jusqu&rsquo;\u00e0 1 an), soit au cong\u00e9lateur. Elles restent vraiment tr\u00e8s bien ! Et \u00e0 ce prix, vous allez en mettre partout donc vous ne les garderez de toute fa\u00e7on pas tr\u00e8s longtemps. <\/p>\n<\/div>\n<p>[ad_2]<br \/>\n<br \/><a href=\"https:\/\/www.iletaitunefoislapatisserie.com\/2024\/11\/black-friday-vanille-partir-de-11.html\">Source link <\/a><\/p>\n","protected":false},"excerpt":{"rendered":"<p>[ad_1] Le Black Friday commence chez David vanille avec de la vanille \u00e0 partir de 0,11 \u20ac la gousse (vanille &hellip; <a href=\"http:\/\/www.affinite.fr\/index.php\/2024\/11\/18\/il-etait-une-fois-la-patisserie-309\/\" class=\"more-link\">Plus <span class=\"screen-reader-text\">Il \u00e9tait une fois la p\u00e2tisserie<\/span> <span class=\"meta-nav\">&rarr;<\/span><\/a><\/p>\n","protected":false},"author":1,"featured_media":10997,"comment_status":"","ping_status":"open","sticky":false,"template":"","format":"standard","meta":{"_sitemap_exclude":false,"_sitemap_priority":"","_sitemap_frequency":"","footnotes":""},"categories":[1],"tags":[],"class_list":["post-10996","post","type-post","status-publish","format-standard","has-post-thumbnail","hentry","category-tous"],"_links":{"self":[{"href":"http:\/\/www.affinite.fr\/index.php\/wp-json\/wp\/v2\/posts\/10996"}],"collection":[{"href":"http:\/\/www.affinite.fr\/index.php\/wp-json\/wp\/v2\/posts"}],"about":[{"href":"http:\/\/www.affinite.fr\/index.php\/wp-json\/wp\/v2\/types\/post"}],"author":[{"embeddable":true,"href":"http:\/\/www.affinite.fr\/index.php\/wp-json\/wp\/v2\/users\/1"}],"replies":[{"embeddable":true,"href":"http:\/\/www.affinite.fr\/index.php\/wp-json\/wp\/v2\/comments?post=10996"}],"version-history":[{"count":0,"href":"http:\/\/www.affinite.fr\/index.php\/wp-json\/wp\/v2\/posts\/10996\/revisions"}],"wp:featuredmedia":[{"embeddable":true,"href":"http:\/\/www.affinite.fr\/index.php\/wp-json\/wp\/v2\/media\/10997"}],"wp:attachment":[{"href":"http:\/\/www.affinite.fr\/index.php\/wp-json\/wp\/v2\/media?parent=10996"}],"wp:term":[{"taxonomy":"category","embeddable":true,"href":"http:\/\/www.affinite.fr\/index.php\/wp-json\/wp\/v2\/categories?post=10996"},{"taxonomy":"post_tag","embeddable":true,"href":"http:\/\/www.affinite.fr\/index.php\/wp-json\/wp\/v2\/tags?post=10996"}],"curies":[{"name":"wp","href":"https:\/\/api.w.org\/{rel}","templated":true}]}}