{"id":10967,"date":"2024-11-12T11:38:32","date_gmt":"2024-11-12T11:38:32","guid":{"rendered":"https:\/\/www.affinite.fr\/index.php\/2024\/11\/12\/ce-que-risque-la-suspecte-date-du-proces-ou-en-est-laffaire\/"},"modified":"2024-11-12T11:38:32","modified_gmt":"2024-11-12T11:38:32","slug":"ce-que-risque-la-suspecte-date-du-proces-ou-en-est-laffaire","status":"publish","type":"post","link":"http:\/\/www.affinite.fr\/index.php\/2024\/11\/12\/ce-que-risque-la-suspecte-date-du-proces-ou-en-est-laffaire\/","title":{"rendered":"Ce que risque la suspecte, date du proc\u00e8s&#8230; O\u00f9 en est l&rsquo;affaire\u00a0?"},"content":{"rendered":"<p> [ad_1]<br \/>\n<br \/><img decoding=\"async\" src=\"https:\/\/img-3.journaldesfemmes.fr\/PtE0bY18oe7fFJLpOauL-7OVIr8=\/1280x\/smart\/b5e78230811d490b87335f6119bbee07\/ccmcms-jdf\/40002581.jpg\" \/><\/p>\n<p>\n                Plus de deux ans apr\u00e8s le terrible meurtre de la petite Lola, sa famille brise le silence dans l&rsquo;\u00e9mission de Faustine Bollaert, \u00ab\u00a0\u00c7a commence aujourd&rsquo;hui\u00a0\u00bb. O\u00f9 en est-on de l&rsquo;affaire\u00a0? Quand le proc\u00e8s doit-il avoir lieu\u00a0?            <\/p>\n<div>\n<p>Plus de deux ans apr\u00e8s le meurtre cruel de la petite Lola, sa famille prend la parole\u00a0face \u00e0 <a href=\"https:\/\/www.journaldesfemmes.fr\/people\/personnalites\/2704293-faustine-bollaert-age-mari-enfants-secrets-amour-couple\/\" title=\"Faustine Bollaert\">Faustine Bollaert<\/a>, dans son \u00e9mission <em>\u00c7a\u00a0commence aujourd&rsquo;hui<\/em>,\u00a0sur France 2,\u00a0ce 12\u00a0novembre. Mais o\u00f9 en est l&rsquo;affaire ? Que risque la suspecte, Dahbia B., et quand doit-elle \u00eatre jug\u00e9e ?<\/p>\n<h2>Meurtre de Lola : de quoi est accus\u00e9e la mise en cause et que risque -t-elle ?<\/h2>\n<p>Le 14 octobre 2022, alors que ses parents s&rsquo;inqui\u00e9taient de ne pas voir\u00a0Lola\u00a0rentrer du coll\u00e8ge, le corps de la fille de 12 ans\u00a0a \u00e9t\u00e9 retrouv\u00e9 dans une mallette par un SDF. Les vid\u00e9os de surveillance de l&rsquo;immeuble dans lequel la famille habitait, dans le XIXe arrondissement de Paris, montraient que la jeune fille \u00e9tait mont\u00e9e dans l&rsquo;ascenseur du b\u00e2timent avec une inconnue.\u00a0Rapidement plac\u00e9e en garde \u00e0 vue, la jeune femme, nomm\u00e9e Dahbia B., 26 ans, avait avou\u00e9 avoir abus\u00e9 sexuellement de la fillette et l&rsquo;avoir tu\u00e9e.\u00a0L&rsquo;autopsie avait r\u00e9v\u00e9l\u00e9 que\u00a0Lola \u00e9tait morte asphyxi\u00e9e.\u00a0<\/p>\n<p>En septembre dernier, un proc\u00e8s aux assises a \u00e9t\u00e9 requis contre Dahbia B. pour meurtre sur mineure de moins de 15\u00a0ans <em>\u00ab\u00a0accompagn\u00e9 de viol, torture ou acte de barbarie<\/em>\u00a0\u00bb et \u00ab\u00a0<em>viol sur mineure avec torture ou acte de barbarie<\/em>\u00ab\u00a0. C&rsquo;est le juge d&rsquo;instruction qui tranchera du renvoi du proc\u00e8s en cours d&rsquo;assises si les deux infractions sont retenues. Ces deux accusations font encourir la perp\u00e9tuit\u00e9.\u00a0<\/p>\n<p>Quant \u00e0 l&rsquo;homme qui avait conduit la mise en cause avec la malle, dans sa voiture, et qui l&rsquo;avait\u00a0accueillie chez lui quelques heures le soir du drame,\u00a0il avait \u00e9t\u00e9 mis en examen pour recel de cadavre. Mais un non-lieu a \u00e9t\u00e9 requis par le parquet.\u00a0<\/p>\n<h2>Quand doit avoir lieu le proc\u00e8s de Dahbia B. ?<\/h2>\n<p>Les expertises psychiatriques effectu\u00e9es ont permis de conclure \u00e0 une personnalit\u00e9 \u00ab\u00a0<em>pathologique s\u00e9v\u00e8re<\/em>\u00a0\u00bb et \u00ab\u00a0<em>une dangerosit\u00e9 criminologique \u00e9lev\u00e9e<\/em>\u00a0\u00bb de la mise en cause, selon <a href=\"https:\/\/www.leparisien.fr\/paris-75\/meurtre-de-lola-la-principale-suspecte-dahbia-b-penalement-responsable-confirme-une-seconde-expertise-21-03-2024-BXBIRJUMINBAHGGRTJO4VYA5CA.php\" target=\"_blank\" rel=\"noopener\"><em>Le Parisien<\/em><\/a>. Les derniers \u00e9l\u00e9ments indiquent que Dahbia B. est donc p\u00e9nalement responsable : elle n&rsquo;\u00e9tait pas \u00ab\u00a0<em>atteinte, au moment des faits, d&rsquo;un trouble psychique ayant aboli ou alt\u00e9r\u00e9 son discernement et le contr\u00f4le de ses actes<\/em>\u00a0\u00bb et\u00a0\u00ab\u00a0<em>peut r\u00e9pondre de ses actes devant une juridiction\u00a0\u00bb.<\/em>\u00a0Le proc\u00e8s de l&rsquo;accus\u00e9e devrait se tenir courant 2025.<\/p>\n<h2>\u00ab\u00a0Je ressens beaucoup de col\u00e8re\u00a0\u00bb :\u00a0 ce que\u00a0la m\u00e8re de Lola attend du proc\u00e8s<\/h2>\n<p>Le p\u00e8re de la petite Lola a succomb\u00e9 \u00e0 une crise cardiaque en f\u00e9vrier dernier, apr\u00e8s avoir replong\u00e9 dans l&rsquo;alcool \u00e0 la suite du drame. Quant \u00e0 la m\u00e8re de la victime, elle attend le proc\u00e8s pour conna\u00eetre les \u00ab\u00a0<em>r\u00e9ponses<\/em>\u00a0\u00bb de l&rsquo;accus\u00e9e, selon ses confidences au <a href=\"https:\/\/www.lefigaro.fr\/faits-divers\/toute-ma-vie-a-vole-en-eclats-deux-ans-apres-le-meurtre-de-la-petite-lola-a-paris-sa-mere-se-confie-au-figaro-20241013\" target=\"_blank\" rel=\"noopener\"><em>Figaro<\/em><\/a>.\u00a0\u00ab\u00a0<em>On se pose toujours la question du pourquoi. Pourquoi &lsquo;l&rsquo;autre&rsquo;\u00a0a fait \u00e7a\u00a0? Pourquoi Lola\u00a0? Pourquoi tout \u00e7a\u00a0? Pourquoi\u00a0? Je ressens beaucoup de col\u00e8re envers cette personne. J&rsquo;esp\u00e8re que le proc\u00e8s pourra m&rsquo;aider \u00e0 comprendre le pourquoi et le comment. Je n&rsquo;aurai peut-\u00eatre pas les r\u00e9ponses que j&rsquo;attends. On verra \u00e0 ce moment-l\u00e0 si elle parle<\/em>\u00ab\u00a0.<\/p>\n<\/p><\/div>\n<p>[ad_2]<br \/>\n<br \/><a href=\"https:\/\/www.journaldesfemmes.fr\/societe\/actu\/3206130-meurtre-lola-famille-ca-commence-aujourdhui\/\">Source link <\/a><\/p>\n","protected":false},"excerpt":{"rendered":"<p>[ad_1] Plus de deux ans apr\u00e8s le terrible meurtre de la petite Lola, sa famille brise le silence dans l&rsquo;\u00e9mission &hellip; <a href=\"http:\/\/www.affinite.fr\/index.php\/2024\/11\/12\/ce-que-risque-la-suspecte-date-du-proces-ou-en-est-laffaire\/\" class=\"more-link\">Plus <span class=\"screen-reader-text\">Ce que risque la suspecte, date du proc\u00e8s&#8230; O\u00f9 en est l&rsquo;affaire\u00a0?<\/span> <span class=\"meta-nav\">&rarr;<\/span><\/a><\/p>\n","protected":false},"author":1,"featured_media":10968,"comment_status":"","ping_status":"open","sticky":false,"template":"","format":"standard","meta":{"_sitemap_exclude":false,"_sitemap_priority":"","_sitemap_frequency":"","footnotes":""},"categories":[1],"tags":[],"class_list":["post-10967","post","type-post","status-publish","format-standard","has-post-thumbnail","hentry","category-tous"],"_links":{"self":[{"href":"http:\/\/www.affinite.fr\/index.php\/wp-json\/wp\/v2\/posts\/10967"}],"collection":[{"href":"http:\/\/www.affinite.fr\/index.php\/wp-json\/wp\/v2\/posts"}],"about":[{"href":"http:\/\/www.affinite.fr\/index.php\/wp-json\/wp\/v2\/types\/post"}],"author":[{"embeddable":true,"href":"http:\/\/www.affinite.fr\/index.php\/wp-json\/wp\/v2\/users\/1"}],"replies":[{"embeddable":true,"href":"http:\/\/www.affinite.fr\/index.php\/wp-json\/wp\/v2\/comments?post=10967"}],"version-history":[{"count":0,"href":"http:\/\/www.affinite.fr\/index.php\/wp-json\/wp\/v2\/posts\/10967\/revisions"}],"wp:featuredmedia":[{"embeddable":true,"href":"http:\/\/www.affinite.fr\/index.php\/wp-json\/wp\/v2\/media\/10968"}],"wp:attachment":[{"href":"http:\/\/www.affinite.fr\/index.php\/wp-json\/wp\/v2\/media?parent=10967"}],"wp:term":[{"taxonomy":"category","embeddable":true,"href":"http:\/\/www.affinite.fr\/index.php\/wp-json\/wp\/v2\/categories?post=10967"},{"taxonomy":"post_tag","embeddable":true,"href":"http:\/\/www.affinite.fr\/index.php\/wp-json\/wp\/v2\/tags?post=10967"}],"curies":[{"name":"wp","href":"https:\/\/api.w.org\/{rel}","templated":true}]}}