{"id":10965,"date":"2024-11-12T11:23:13","date_gmt":"2024-11-12T11:23:13","guid":{"rendered":"https:\/\/www.affinite.fr\/index.php\/2024\/11\/12\/eclair-au-chocolat-la-vraie-recette-il-etait-une-fois-la-patisserie\/"},"modified":"2024-11-12T11:23:13","modified_gmt":"2024-11-12T11:23:13","slug":"eclair-au-chocolat-la-vraie-recette-il-etait-une-fois-la-patisserie","status":"publish","type":"post","link":"http:\/\/www.affinite.fr\/index.php\/2024\/11\/12\/eclair-au-chocolat-la-vraie-recette-il-etait-une-fois-la-patisserie\/","title":{"rendered":"Eclair au chocolat &#8211; La vraie recette : Il \u00e9tait une fois la p\u00e2tisserie"},"content":{"rendered":"<p> [ad_1]<br \/>\n<\/p>\n<div>\nIl n&rsquo;y a pas beaucoup de p\u00e2tisseries commen\u00e7ant par la lettre E, mais celle que j&rsquo;ai choisie suffit \u00e0 elle seule : l&rsquo;<span style=\"font-size: large;\"><b><span class=\"fn\">\u00e9clair au <a href=\"http:\/\/www.affinite.fr\/index.php\/2025\/02\/27\/le-chocolat-et-le-materiel-indispensable-pour-reussir-vos-creations-gourmandes\/\">chocolat<\/a><\/span><\/b><\/span> ! Une p\u00e2tisserie que tout le monde a d\u00e9j\u00e0 mang\u00e9 plusieurs fois, mais dont on ne se lasse pas.<\/p>\n<p>La recette en vid\u00e9o est ici : <a href=\"https:\/\/youtu.be\/VYXvp1pQXfU\" target=\"_blank\" rel=\"noopener\">\u00e9clairs au chocolat en vid\u00e9o<\/a>.<\/p>\n<div class=\"separator\" style=\"clear: both; text-align: center;\">\n<a href=\"https:\/\/www.iletaitunefoislapatisserie.com\/2013\/08\/recette-eclair-au-chocolat.html\"><img decoding=\"async\" alt=\"eclairs au chocolat\" border=\"0\" class=\"photo\" data-original-height=\"698\" data-original-width=\"650\" loading=\"lazy\" src=\"https:\/\/blogger.googleusercontent.com\/img\/b\/R29vZ2xl\/AVvXsEjmnlxKU-WWvEBYqhLQBjnjXggBlbqkh8JCa8TN24CfIdTrpPZ-SCfYD-pvaBtPuJBuK-g8XM8uCvLQfXK37M9lcj_tDUsOAxpdssDRkWQai96KEbyiqYQrQwrgTaCV4GGHOlDp9wXMXWg\/s1600-rw\/eclairs-au-chocolat.jpg\" title=\"\u00e9clairs au chocolat\"\/><\/a><\/div>\n<p>\n<a name=\"more\"\/><br \/>\nPour la petite histoire, l&rsquo;\u00e9clair n&rsquo;a pas toujours port\u00e9 ce nom. Avant le milieu du XIX\u00e8 si\u00e8cle, on l&rsquo;appelait le <b>pain \u00e0 la duchesse<\/b>. C&rsquo;\u00e9tait alors une p\u00e2tisserie en p\u00e2te \u00e0 choux en forme de doigt, roul\u00e9 dans des amandes.<\/p>\n<p>Au XIX\u00e8 si\u00e8cle, <b>Antonin Car\u00e8me<\/b>, l&rsquo;un des sinon le plus grand p\u00e2tissier de l&rsquo;histoire, a l&rsquo;id\u00e9e de retirer les amandes, de la garnir de <a href=\"https:\/\/www.iletaitunefoislapatisserie.com\/2016\/06\/creme-patissiere-au-chocolat.html\" target=\"_blank\" rel=\"noopener\">cr\u00e8me p\u00e2tissi\u00e8re au chocolat<\/a> ou au caf\u00e9 et de le recouvrir de sucre fondant. L&rsquo;\u00e9clair \u00e9tait n\u00e9 !<\/p>\n<table align=\"center\" cellpadding=\"0\" cellspacing=\"0\" class=\"tr-caption-container\" style=\"margin-left: auto; margin-right: auto;\">\n<tbody>\n<tr>\n<td style=\"text-align: center;\"><a href=\"https:\/\/blogger.googleusercontent.com\/img\/b\/R29vZ2xl\/AVvXsEiCE9SqczbY9Ofwm4sGfVGH6sfv6ahJD68TJ3M_AJHtnNwSrNaxJnGXZT3SLfyvDH4u7qUYaIcfBKKtBG18EfgGozCka4MNKPj_x6r_5eZinczTt2DrZWKQm5GfAsIg2EuZpE4EUm-X8Ug\/s1600\/recette-%25C3%25A9clairs-au-chocolat.jpg\" style=\"margin-left: auto; margin-right: auto;\"><img decoding=\"async\" alt=\"recette \u00e9clairs au chocolat\" border=\"0\" data-original-height=\"446\" data-original-width=\"650\" loading=\"lazy\" src=\"https:\/\/blogger.googleusercontent.com\/img\/b\/R29vZ2xl\/AVvXsEiCE9SqczbY9Ofwm4sGfVGH6sfv6ahJD68TJ3M_AJHtnNwSrNaxJnGXZT3SLfyvDH4u7qUYaIcfBKKtBG18EfgGozCka4MNKPj_x6r_5eZinczTt2DrZWKQm5GfAsIg2EuZpE4EUm-X8Ug\/s1600-rw\/recette-%25C3%25A9clairs-au-chocolat.jpg\" title=\"\u00e9clairs au chocolat recette\"\/><\/a><\/td>\n<\/tr>\n<tr>\n<td class=\"tr-caption\" style=\"text-align: center;\">Eclairs au chocolat<\/td>\n<\/tr>\n<\/tbody>\n<\/table>\n<p>Mais alors pourquoi l&rsquo;avoir appel\u00e9 \u00ab\u00a0\u00e9clair\u00a0\u00bb ? Et bien, on n&rsquo;en sait fichtrement rien !<\/p>\n<p>Plusieurs pistes sont \u00e9voqu\u00e9es : les p\u00e2tissiers de l&rsquo;\u00e9poque l&rsquo;auraient nomm\u00e9 ainsi parce qu&rsquo;<b>il se mangeait en un \u00e9clair<\/b> ! Pas b\u00eate ^^ Ou alors, ce nom viendrait de la brillance du gla\u00e7age. Peut-\u00eatre aussi que cela viendrait de sa forme qui rappellerait celle d&rsquo;un \u00e9clair (bof, je ne suis pas convaincue).<\/p>\n<div class=\"separator\" style=\"clear: both; text-align: center;\">\n<a href=\"https:\/\/blogger.googleusercontent.com\/img\/b\/R29vZ2xl\/AVvXsEhXob6cOQenhiOzPWjq2ybbAAcJRObBQnvZfRqgxV2HJA99b2R-_DUsEP0EdvRpHO0PlVcywUs4eQ1Ri7olfY71OAIkqJTlxDdJn0bMbFvTTWE1POT8YTXPyAh9Fg1-eZsD4wyZoCT9gCE\/s1600\/eclairs-au-chocolat-facile.jpg\" style=\"margin-left: 1em; margin-right: 1em;\"><img decoding=\"async\" alt=\"comment faire des \u00e9clairs au chocolat\" border=\"0\" data-original-height=\"453\" data-original-width=\"650\" loading=\"lazy\" src=\"https:\/\/blogger.googleusercontent.com\/img\/b\/R29vZ2xl\/AVvXsEhXob6cOQenhiOzPWjq2ybbAAcJRObBQnvZfRqgxV2HJA99b2R-_DUsEP0EdvRpHO0PlVcywUs4eQ1Ri7olfY71OAIkqJTlxDdJn0bMbFvTTWE1POT8YTXPyAh9Fg1-eZsD4wyZoCT9gCE\/s1600-rw\/eclairs-au-chocolat-facile.jpg\" title=\"\u00e9clairs chocolat\"\/><\/a><\/div>\n<p>On en trouve aujourd&rsquo;hui pour tous les go\u00fbts, \u00e0 la cr\u00e8me p\u00e2tissi\u00e8re \u00e0 la vanille, au chocolat ou au caf\u00e9, \u00e0 la cr\u00e8me chantilly, \u00e0 la mousse de fruits, au th\u00e9 et m\u00eame sal\u00e9s ! Quant au <b>gla\u00e7age<\/b>, il peut s&rsquo;agir du<br \/>\ntraditionnel fondant au go\u00fbt inimitable, de chocolat ou de caramel.<\/p>\n<p>Aujourd&rsquo;hui, c&rsquo;est un des symboles de la p\u00e2tisserie fran\u00e7aise. Il faut dire que c&rsquo;est tellement bon !<\/p>\n<p>Mais passons \u00e0 la <b>recette<\/b>.<\/p>\n<div class=\"snippet2\">\n<b><u>INFOS RECETTE :<\/u><\/b><\/p>\n<p><i class=\"fas fa-user\"\/>\u00a0 Parts : <b><span class=\"yield\">10<\/span> \u00e9clairs au chocolat<\/b><br \/><i class=\"fas fa-utensils\"\/>\u00a0 Pr\u00e9paration : <b><span class=\"preptime\">1 heure<span class=\"value-title\" title=\"PT01H00M\"\/><\/span><\/b><br \/><i class=\"fas fa-cookie\"\/>\u00a0 Cuisson : <b><span class=\"cooktime\">25 \u00e0 30 minutes<span class=\"value-title\" title=\"PT00H25M\"\/><\/span><\/b><br \/><i class=\"far fa-clock\"\/>\u00a0 Total : <b><span class=\"duration\">1 h 30<span class=\"value-title\" title=\"PT01H25M\"\/><\/span><\/b><\/p>\n<\/div>\n<div class=\"quantite\">\n<u>Ingr\u00e9dients :<\/u><br \/>\n<u>Pour la p\u00e2te \u00e0 choux :<\/u><\/p>\n<ul style=\"text-align: left;\">\n<li><span class=\"ingredient\">60 ml d&rsquo;eau<\/span><\/li>\n<li><span class=\"ingredient\">60 ml de lait<\/span><\/li>\n<li><span class=\"ingredient\">2 g de sel<\/span><\/li>\n<li><span class=\"ingredient\">4 g de sucre<\/span><\/li>\n<li><span class=\"ingredient\">50 g de beurre<\/span><\/li>\n<li><span class=\"ingredient\">75 g de farine<\/span><\/li>\n<li><span class=\"ingredient\">2 \u0153ufs<\/span><\/li>\n<\/ul>\n<p><u><br \/><\/u><br \/>\n<u>Pour la cr\u00e8me p\u00e2tissi\u00e8re au chocolat :<\/u><\/p>\n<ul style=\"text-align: left;\">\n<li><span class=\"ingredient\">300 ml de lait entier<\/span><\/li>\n<li><span class=\"ingredient\">2 jaunes d\u2019\u0153ufs<\/span><\/li>\n<li><span class=\"ingredient\">60 g de sucre en poudre<\/span><\/li>\n<li><span class=\"ingredient\">25 g de f\u00e9cule de ma\u00efs<\/span><\/li>\n<li><span class=\"ingredient\">15 g de cacao en poudre non sucr\u00e9<\/span><\/li>\n<li><span class=\"ingredient\">30 g de beurre demi-sel<\/span><\/li>\n<\/ul>\n<p><u><br \/><\/u><br \/>\n<u>Pour le gla\u00e7age :<\/u><\/p>\n<ul style=\"text-align: left;\">\n<li><span class=\"ingredient\">80 g de chocolat noir<\/span><\/li>\n<li><span class=\"ingredient\">80 g de cr\u00e8me liquide<\/span><\/li>\n<li><span class=\"ingredient\">20 g de beurre<\/span><\/li>\n<\/ul>\n<\/div>\n<p><span class=\"instructions\"><u>Pr\u00e9paration :<\/u><\/span><br \/>La recette en vid\u00e9o <a href=\"https:\/\/youtu.be\/VYXvp1pQXfU\" target=\"_blank\" rel=\"noopener\">est ici<\/a> :<\/p>\n<p>\n<iframe loading=\"lazy\" allow=\"autoplay; encrypted-media\" allowfullscreen=\"\" frameborder=\"0\" height=\"360\" src=\"https:\/\/www.youtube.com\/embed\/VYXvp1pQXfU\" width=\"650\"><\/iframe><\/p>\n<p>\n<span class=\"instructions\">Pour la <b>p\u00e2te \u00e0 choux<\/b>, je vous renvoie \u00e0 <a href=\"https:\/\/www.iletaitunefoislapatisserie.com\/2013\/05\/pate-choux.html\" target=\"_blank\" rel=\"noopener\">cet article<\/a> dans lequel la recette est d\u00e9taill\u00e9e.<\/span><\/p>\n<p><span class=\"instructions\">Vous donne quand m\u00eame les grandes \u00e9tapes ici !<\/span><\/p>\n<p><span class=\"instructions\">Dans une casserole, faites chauffer ensemble le lait, l&rsquo;eau, le sel et le sucre. A l&rsquo;\u00e9bullition, diminuez le feu et ajoutez le beurre. Laissez-le fondre compl\u00e8tement.<\/span><\/p>\n<p><span class=\"instructions\">Ajoutez la farine en une fois et m\u00e9langez sur feu moyen jusqu&rsquo;\u00e0 ce que la p\u00e2te \u00e0 choux colle au fond de la casserole et laisse une pellicule.<\/span><\/p>\n<div class=\"separator\" style=\"clear: both; text-align: center;\">\n<a href=\"https:\/\/blogger.googleusercontent.com\/img\/b\/R29vZ2xl\/AVvXsEiZXtnAqHTh4L5lhq2FfLODdVlvgpTY6GoRvZ9Rmzlno9AeuurzPwWqktMeWTIZDsmf2bpCsByO_qAghEes8S0hk4R__HufAXrZKVrl3pAdu3_VEUzIAEVWd-hxsEmhiiu_KExsb33EO3g\/s1600\/IMG_7639.jpg\" style=\"margin-left: 1em; margin-right: 1em;\"><img decoding=\"async\" border=\"0\" data-original-height=\"300\" data-original-width=\"400\" loading=\"lazy\" src=\"https:\/\/blogger.googleusercontent.com\/img\/b\/R29vZ2xl\/AVvXsEiZXtnAqHTh4L5lhq2FfLODdVlvgpTY6GoRvZ9Rmzlno9AeuurzPwWqktMeWTIZDsmf2bpCsByO_qAghEes8S0hk4R__HufAXrZKVrl3pAdu3_VEUzIAEVWd-hxsEmhiiu_KExsb33EO3g\/s1600-rw\/IMG_7639.jpg\"\/><\/a><\/div>\n<p><span class=\"instructions\">Dans un autre r\u00e9cipient, fouettez les oeufs <b>en omelette<\/b>. Versez-les petits \u00e0 petit dans la p\u00e2te \u00e0 choux en m\u00e9langeant entre chaque ajout. Au d\u00e9but, vous aurez une texture un peu bizarre, mais c&rsquo;est normal.<\/span><\/p>\n<p><span class=\"instructions\">A la fin, elle doit \u00eatre <b>lisse et brillante<\/b>. Si ce n&rsquo;est pas le cas, ajoutez un peu d\u2019\u0153uf. <\/span><\/p>\n<p><span class=\"instructions\"><br \/>Placez la p\u00e2te \u00e0 choux dans une <span class=\"lienamazon\"><a href=\"https:\/\/amzlink.to\/az0YDP7QZGqqI\" rel=\"nofollow noopener\" target=\"_blank\">poche \u00e0 douille<\/a><\/span> et dressez des boudins de 15 cm de long environ. L&rsquo;id\u00e9al est d&rsquo;utiliser une <span class=\"lienamazon\"><a href=\"https:\/\/amzlink.to\/az0bGYMRQHcDm\" rel=\"nofollow noopener\" target=\"_blank\">douille petits fours<\/a><\/span> car la r\u00e9partition de la chaleur se fera mieux lors de la cuisson des \u00e9clairs.<\/span><\/p>\n<div class=\"separator\" style=\"clear: both; text-align: center;\">\n<a href=\"https:\/\/amzlink.to\/az0bGYMRQHcDm\" rel=\"nofollow noopener\" style=\"margin-left: 1em; margin-right: 1em;\" target=\"_blank\"><img decoding=\"async\" border=\"0\" data-original-height=\"293\" data-original-width=\"400\" loading=\"lazy\" src=\"https:\/\/blogger.googleusercontent.com\/img\/b\/R29vZ2xl\/AVvXsEjLC6A2tFyFl-PFOkgBwsfRaTxBLspGbQoLpmUds-F7SFbmXzmftWhK7b5KEX15DV_LrR-pKCZsM-jybSJtgdIqJBcrp-63-ZonmKYDjASfOVTlhcsIJmGL9j-pmKPeLsGlGzwRZsDqB_o\/s1600-rw\/IMG_7640.jpg\"\/><\/a><\/div>\n<p><span class=\"instructions\"><br \/>\nEnfournez dans un four pr\u00e9chauff\u00e9 \u00e0 250\u00b0C en diminuant imm\u00e9diatement la temp\u00e9rature \u00e0 180\u00b0C.<\/span><\/p>\n<p><span class=\"instructions\">Ouvrez le four au bout de 25 min pour laisser s&rsquo;\u00e9vaporer l&rsquo;humidit\u00e9 (<u><b>surtout pas avant<\/b><\/u>), puis laissez cuire encore 5 mn.<\/span><br \/><span class=\"instructions\"><br \/>Sortez du four et laissez refroidir sur une grille.<\/span><\/p>\n<p>Pendant la cuisson, pr\u00e9parez la <b>cr\u00e8me p\u00e2tissi\u00e8re au chocolat<\/b>.<\/p>\n<p><span class=\"instructions\">Fouettez ensemble les jaunes d\u2019\u0153ufs, le sucre, le cacao et la f\u00e9cule tamis\u00e9e.<\/span><\/p>\n<p><span class=\"instructions\">Versez le lait petit \u00e0 petit sur la pr\u00e9paration, tout en m\u00e9langeant.<br \/><\/span><br \/><span class=\"instructions\"><br \/>Placez le tout dans la casserole et faites <b>\u00e9paissir <\/b>\u00e0 feu doux sans cesser de m\u00e9langer. Quand la pr\u00e9paration a \u00e9paissi, retirez du feu et ajoutez le beurre. M\u00e9langez jusqu&rsquo;\u00e0 ce qu&rsquo;il soit fondu.<\/span><\/p>\n<p><span class=\"instructions\">Filmez au contact (c&rsquo;est-\u00e0-dire en collant le film \u00e0 la pr\u00e9paration) et laissez revenir \u00e0 temp\u00e9rature ambiante.<\/span><\/p>\n<p>A l&rsquo;aide d&rsquo;un petit couteau, formez des croix sur le dos de vos \u00e9clairs.<\/p>\n<div class=\"separator\" style=\"clear: both; text-align: center;\">\n<span class=\"instructions\"><img decoding=\"async\" alt=\"\" border=\"0\" height=\"299\" loading=\"lazy\" src=\"https:\/\/blogger.googleusercontent.com\/img\/b\/R29vZ2xl\/AVvXsEgSk9S-Gjk3afC2qoTA2eyCGxeePwR3J0ldwmASh8qsMBHU2wC3fqzkw3Z9CyT01CyW0wCxW8NuhcwOqdWOrAGuvQwu-Zv95EeoaIaLN5iKhIzn77F-BN4sS_OSXJVU9foTWQxrhJzQl1A\/s400-rw\/IMG_5627.JPG\" title=\"\" width=\"400\"\/><\/span><\/div>\n<\/div>\n<p>[ad_2]<br \/>\n<br \/><a href=\"https:\/\/www.iletaitunefoislapatisserie.com\/2013\/08\/recette-eclair-au-chocolat.html\">Source link <\/a><\/p>\n","protected":false},"excerpt":{"rendered":"<p>[ad_1] Il n&rsquo;y a pas beaucoup de p\u00e2tisseries commen\u00e7ant par la lettre E, mais celle que j&rsquo;ai choisie suffit \u00e0 &hellip; <a href=\"http:\/\/www.affinite.fr\/index.php\/2024\/11\/12\/eclair-au-chocolat-la-vraie-recette-il-etait-une-fois-la-patisserie\/\" class=\"more-link\">Plus <span class=\"screen-reader-text\">Eclair au chocolat &#8211; La vraie recette : Il \u00e9tait une fois la p\u00e2tisserie<\/span> <span class=\"meta-nav\">&rarr;<\/span><\/a><\/p>\n","protected":false},"author":1,"featured_media":10966,"comment_status":"","ping_status":"open","sticky":false,"template":"","format":"standard","meta":{"_sitemap_exclude":false,"_sitemap_priority":"","_sitemap_frequency":"","footnotes":""},"categories":[1],"tags":[],"class_list":["post-10965","post","type-post","status-publish","format-standard","has-post-thumbnail","hentry","category-tous"],"_links":{"self":[{"href":"http:\/\/www.affinite.fr\/index.php\/wp-json\/wp\/v2\/posts\/10965"}],"collection":[{"href":"http:\/\/www.affinite.fr\/index.php\/wp-json\/wp\/v2\/posts"}],"about":[{"href":"http:\/\/www.affinite.fr\/index.php\/wp-json\/wp\/v2\/types\/post"}],"author":[{"embeddable":true,"href":"http:\/\/www.affinite.fr\/index.php\/wp-json\/wp\/v2\/users\/1"}],"replies":[{"embeddable":true,"href":"http:\/\/www.affinite.fr\/index.php\/wp-json\/wp\/v2\/comments?post=10965"}],"version-history":[{"count":0,"href":"http:\/\/www.affinite.fr\/index.php\/wp-json\/wp\/v2\/posts\/10965\/revisions"}],"wp:featuredmedia":[{"embeddable":true,"href":"http:\/\/www.affinite.fr\/index.php\/wp-json\/wp\/v2\/media\/10966"}],"wp:attachment":[{"href":"http:\/\/www.affinite.fr\/index.php\/wp-json\/wp\/v2\/media?parent=10965"}],"wp:term":[{"taxonomy":"category","embeddable":true,"href":"http:\/\/www.affinite.fr\/index.php\/wp-json\/wp\/v2\/categories?post=10965"},{"taxonomy":"post_tag","embeddable":true,"href":"http:\/\/www.affinite.fr\/index.php\/wp-json\/wp\/v2\/tags?post=10965"}],"curies":[{"name":"wp","href":"https:\/\/api.w.org\/{rel}","templated":true}]}}