{"id":10955,"date":"2024-11-09T11:30:56","date_gmt":"2024-11-09T11:30:56","guid":{"rendered":"https:\/\/www.affinite.fr\/index.php\/2024\/11\/09\/voici-le-meilleur-maquillage-apres-40-ans-mais-avec-le-budget-de-nos-20-ans\/"},"modified":"2024-11-09T11:30:56","modified_gmt":"2024-11-09T11:30:56","slug":"voici-le-meilleur-maquillage-apres-40-ans-mais-avec-le-budget-de-nos-20-ans","status":"publish","type":"post","link":"http:\/\/www.affinite.fr\/index.php\/2024\/11\/09\/voici-le-meilleur-maquillage-apres-40-ans-mais-avec-le-budget-de-nos-20-ans\/","title":{"rendered":"\u00ab\u00a0Voici le meilleur maquillage apr\u00e8s 40\u00a0ans, mais avec le budget de nos 20\u00a0ans\u00a0\u00bb"},"content":{"rendered":"<p> [ad_1]<br \/>\n<br \/><img decoding=\"async\" src=\"https:\/\/img-3.journaldesfemmes.fr\/8ZfrowyEKwfDfDb7WaKKxfnhE5Y=\/1280x\/smart\/8c6cd608135047aeb251444cf7c3e73f\/ccmcms-jdf\/40000369.jpg\" \/><\/p>\n<p>\n                Contrairement aux id\u00e9es re\u00e7ues, il n&rsquo;est pas n\u00e9cessaire de d\u00e9penser beaucoup d&rsquo;argent en produits de maquillage pour sublimer ses traits. La preuve avec cette mise en beaut\u00e9 parfaite pas ch\u00e8re, id\u00e9ale apr\u00e8s 40\u00a0ans.            <\/p>\n<div>\n<section>\n<p>Le passage \u00e0 la quarantaine peut \u00eatre difficile \u00e0 appr\u00e9hender pour certaines femmes. Premi\u00e8res rides, teint brouill\u00e9&#8230; l&rsquo;estime de soi peut en prendre un coup. Pourtant, 40\u00a0ans est un tr\u00e8s bel \u00e2ge, surtout si l&rsquo;on conna\u00eet les bonnes techniques pour mettre ses traits en valeur. En effet, \u00e0 chaque \u00e2ge correspond une mani\u00e8re de se maquiller, et \u00e0 40\u00a0ans, on ne le fait pas comme \u00e0 20\u00a0ans. En revanche, une chose est s\u00fbre\u00a0: il n&rsquo;est pas n\u00e9cessaire de d\u00e9penser beaucoup d&rsquo;argent pour se faire un joli maquillage. Sur Instagram, cette maquilleuse le prouve en partageant une mise en beaut\u00e9 facile et \u00e0 tout petit prix.<\/p>\n<p>Elle s&rsquo;appelle D\u00e9borah Azria, alias <strong>@<\/strong>deborahazria_makeupartist, et elle publie r\u00e9guli\u00e8rement des vid\u00e9os pour apprendre aux femmes de 40\u00a0ans et plus \u00e0 faire les bons choix en mati\u00e8re de maquillage. Dans l&rsquo;une de ses derni\u00e8res vid\u00e9os, elle d\u00e9voile un tutoriel petit budget pour montrer qu&rsquo;il n&rsquo;est pas indispensable de d\u00e9penser des sommes folles pour se faire belle.<\/p>\n<\/section>\n<p>Pour d\u00e9buter, elle utilise le <a href=\"https:\/\/www.journaldesfemmes.fr\/beaute\/conseils-maquillage\/2090433-fond-de-teint\/\" title=\"Fonds de teint\">fond de teint<\/a> \u00e0 l&rsquo;acide hyaluronique de la gamme Accord Parfait de L&rsquo;Or\u00e9al Paris, disponible pour environ 13\u00a0euros. Quand on sait qu&rsquo;un fond de teint de grande marque peut co\u00fbter jusqu&rsquo;\u00e0 70\u00a0euros, les \u00e9conomies sont bel et bien r\u00e9elles. Elle appr\u00e9cie particuli\u00e8rement ce produit, car <em>\u00ab\u00a0il a une couvrance modulable. \u00c0 partir de 40\u00a0ans, on veut de la l\u00e9g\u00e8ret\u00e9 pour ne pas marquer les rides, mais aussi quelque chose qui puisse camoufler les taches pigmentaires\u00a0\u00bb<\/em>, explique-t-elle. Elle passe ensuite \u00e0 l&rsquo;<a href=\"https:\/\/www.journaldesfemmes.fr\/beaute\/conseils-maquillage\/2901155-anti-cernes\/\" title=\"Anti cernes\">anti-cernes<\/a> de la m\u00eame marque, vendu \u00e0 12\u00a0euros, qu&rsquo;elle applique en coin interne, au niveau du creux, et en coin externe de l&rsquo;\u0153il. Pour se donner bonne mine, elle opte pour un <a href=\"https:\/\/www.journaldesfemmes.fr\/beaute\/conseils-maquillage\/2798771-comment-utiliser-appliquer-blush-fard-joues-conseils-astuces\/\" title=\"Fard \u00e0 joues\">blush<\/a> et un highlighter Sephora \u00e0 13\u00a0euros chacun. Pour \u00e9viter de marquer les ridules, elle privil\u00e9gie une texture cr\u00e8me.<\/p>\n<p>Pour faire tenir son maquillage toute la journ\u00e9e, elle choisit une poudre libre transparente de la marque Normal, vendue \u00e0 8\u00a0euros. La maquilleuse professionnelle pr\u00e9cise\u00a0: <em>\u00ab\u00a0c&rsquo;est un dupe de la Huda Beauty qui co\u00fbte plus de 40\u00a0euros&#8230;\u00a0\u00bb<\/em> Pour finir, elle se fait un regard de biche avec un mascara <a href=\"https:\/\/www.journaldesfemmes.fr\/beaute\/l-oreal-paris\/\" title=\"L'Or\u00e9al Paris\">L&rsquo;Or\u00e9al Paris<\/a>, disponible en supermarch\u00e9 \u00e0 14\u00a0euros. Au final, chaque produit lui a co\u00fbt\u00e9 une dizaine d&rsquo;euros, et le r\u00e9sultat est sans appel\u00a0! Comme quoi, il est tout \u00e0 fait possible de se maquiller \u00e0 petit prix \u00e0 partir de 40\u00a0ans.<\/p>\n<\/p><\/div>\n<p>[ad_2]<br \/>\n<br \/><a href=\"https:\/\/www.journaldesfemmes.fr\/beaute\/maquillage\/3204422-c-est-le-maquillage-le-moins-cher-a-faire-apres-40-ans-il-est-sublime-et-facile-a-reproduire-selon-cette-makeup-artist\/\">Source link <\/a><\/p>\n","protected":false},"excerpt":{"rendered":"<p>[ad_1] Contrairement aux id\u00e9es re\u00e7ues, il n&rsquo;est pas n\u00e9cessaire de d\u00e9penser beaucoup d&rsquo;argent en produits de maquillage pour sublimer ses &hellip; <a href=\"http:\/\/www.affinite.fr\/index.php\/2024\/11\/09\/voici-le-meilleur-maquillage-apres-40-ans-mais-avec-le-budget-de-nos-20-ans\/\" class=\"more-link\">Plus <span class=\"screen-reader-text\">\u00ab\u00a0Voici le meilleur maquillage apr\u00e8s 40\u00a0ans, mais avec le budget de nos 20\u00a0ans\u00a0\u00bb<\/span> <span class=\"meta-nav\">&rarr;<\/span><\/a><\/p>\n","protected":false},"author":1,"featured_media":10956,"comment_status":"","ping_status":"open","sticky":false,"template":"","format":"standard","meta":{"_sitemap_exclude":false,"_sitemap_priority":"","_sitemap_frequency":"","footnotes":""},"categories":[1],"tags":[],"class_list":["post-10955","post","type-post","status-publish","format-standard","has-post-thumbnail","hentry","category-tous"],"_links":{"self":[{"href":"http:\/\/www.affinite.fr\/index.php\/wp-json\/wp\/v2\/posts\/10955"}],"collection":[{"href":"http:\/\/www.affinite.fr\/index.php\/wp-json\/wp\/v2\/posts"}],"about":[{"href":"http:\/\/www.affinite.fr\/index.php\/wp-json\/wp\/v2\/types\/post"}],"author":[{"embeddable":true,"href":"http:\/\/www.affinite.fr\/index.php\/wp-json\/wp\/v2\/users\/1"}],"replies":[{"embeddable":true,"href":"http:\/\/www.affinite.fr\/index.php\/wp-json\/wp\/v2\/comments?post=10955"}],"version-history":[{"count":0,"href":"http:\/\/www.affinite.fr\/index.php\/wp-json\/wp\/v2\/posts\/10955\/revisions"}],"wp:featuredmedia":[{"embeddable":true,"href":"http:\/\/www.affinite.fr\/index.php\/wp-json\/wp\/v2\/media\/10956"}],"wp:attachment":[{"href":"http:\/\/www.affinite.fr\/index.php\/wp-json\/wp\/v2\/media?parent=10955"}],"wp:term":[{"taxonomy":"category","embeddable":true,"href":"http:\/\/www.affinite.fr\/index.php\/wp-json\/wp\/v2\/categories?post=10955"},{"taxonomy":"post_tag","embeddable":true,"href":"http:\/\/www.affinite.fr\/index.php\/wp-json\/wp\/v2\/tags?post=10955"}],"curies":[{"name":"wp","href":"https:\/\/api.w.org\/{rel}","templated":true}]}}