{"id":10951,"date":"2024-11-08T11:27:53","date_gmt":"2024-11-08T11:27:53","guid":{"rendered":"http:\/\/www.affinite.fr\/index.php\/2024\/11\/08\/souvenir-cette-veste-portee-par-lady-di-dans-les-annees-80-fait-son-retour-cette-saison\/"},"modified":"2024-11-08T11:27:53","modified_gmt":"2024-11-08T11:27:53","slug":"souvenir-cette-veste-portee-par-lady-di-dans-les-annees-80-fait-son-retour-cette-saison","status":"publish","type":"post","link":"http:\/\/www.affinite.fr\/index.php\/2024\/11\/08\/souvenir-cette-veste-portee-par-lady-di-dans-les-annees-80-fait-son-retour-cette-saison\/","title":{"rendered":"Souvenir, cette veste port\u00e9e par Lady Di dans les ann\u00e9es 80\u00a0fait son retour cette saison"},"content":{"rendered":"<p> [ad_1]<br \/>\n<\/p>\n<p>\n                Cette saison, il n&rsquo;y a pas que le trench qui est mis \u00e0 l&rsquo;honneur. Une veste ador\u00e9e de Lady Di l&rsquo;est \u00e9galement. Zoom sur cette pi\u00e8ce phare des ann\u00e9es 80.            <\/p>\n<div>\n<p>Le blazer est un indispensable de la garde-robe. Toute femme\u00a0se doit d&rsquo;en avoir un\u00a0! C&rsquo;est l&rsquo;une des pi\u00e8ces qui rehaussent\u00a0une tenue sans aucun effort. Qu&rsquo;il s&rsquo;agisse d&rsquo;un look chic et d\u00e9contract\u00e9 ou d&rsquo;un look plus sophistiqu\u00e9, un blazer noir, blanc ou de n&rsquo;importe quelle couleur\u00a0fera l&rsquo;affaire\u00a0!\u00a0<\/p>\n<p>Et cette saison, ce n&rsquo;est pas n&rsquo;importe quel blazer qui est mis \u00e0 l&rsquo;honneur. Il s&rsquo;agit du blazer \u00e0 \u00e9paulettes, une c\u00e9l\u00e8bre pi\u00e8ce mode que l&rsquo;on associe aux\u00a0<a href=\"https:\/\/www.journaldesfemmes.fr\/mode\/conseils-mode\/2791775-style-annees-80-quels-looks-et-vetements-iconiques-porter\/\" title=\"Style ann\u00e9es 1980\">ann\u00e9es 80<\/a>.\u00a0<\/p>\n<div style=\"text-align:center\">\n<figure class=\"image\" style=\"display:inline-block\"><img decoding=\"async\" alt=\"\" src=\"https:\/\/img-3.journaldesfemmes.fr\/hCmCuKpIHqK2lb6FSZJFa0Trjtg=\/450x\/smart\/a5abe27fcea34b76aae0dbd3f35cbfe7\/ccmcms-jdf\/40001665.jpg\"\/><figcaption data-credit=\"IFA Film, United Archives GmbH\/Alamy\/Abaca\" data-legend=\"Katharine Hepburn photographi\u00e9e en 1949\">Katharine Hepburn photographi\u00e9e en 1949 <small>\u00a9\u00a0IFA Film, United Archives GmbH\/Alamy\/Abaca<\/small><\/figcaption><\/figure>\n<\/div>\n<p>On ne peut \u00e9voquer cette veste sans penser au film <em>Working Girl<\/em> (1988), qui mettait en sc\u00e8ne des silhouettes aux \u00e9paules structur\u00e9es.\u00a0Ce court m\u00e9trage \u00e9voque le statut des femmes \u00e0 une \u00e9poque o\u00f9 elles commencent \u00e0 s&rsquo;affirmer dans le monde du travail. Et ce v\u00eatement, qui incarne une certaine audace et confiance en soi, d\u00e9coule de cette \u00e9mancipation des femmes en entreprise !<\/p>\n<p>Les \u00e9paulettes, en revanche, sont plus anciennes. Elles ont \u00e9t\u00e9 introduites par Elsa Schiaparelli. En 1930, la cr\u00e9atrice a pr\u00e9sent\u00e9 un blazer aux e\u0301paules rembourre\u0301es. Mais il faudra attendre quelques ann\u00e9es\u00a0avant que celui-ci ne devienne v\u00e9ritablement connu et que des personnalit\u00e9s telles que Margaret Thatcher, <a href=\"https:\/\/www.journaldesfemmes.fr\/people\/lady-di\/\" title=\"Lady Di\">Lady Diana<\/a> ou Katharine Hepburn ne s&rsquo;en emparent\u00a0!<\/p>\n<div style=\"text-align:center\">\n<figure class=\"image\" style=\"display:inline-block\"><img decoding=\"async\" alt=\"\" src=\"https:\/\/img-3.journaldesfemmes.fr\/U_jNxN82zvFZLbdpEaebvu8aV14=\/450x\/smart\/2a84d5ec9d26495b9bb00b8cc352bcd7\/ccmcms-jdf\/40001658.jpg\"\/><figcaption data-credit=\"Hussein Anwar\/EMPICS Entertainment\/ABACA\" data-legend=\"Lady Diana photographi\u00e9e le 14 mai 1987 au Festival de Cannes\">Lady Diana photographi\u00e9e le 14 mai 1987 au Festival de Cannes <small>\u00a9\u00a0Hussein Anwar\/EMPICS Entertainment\/ABACA<\/small><\/figcaption><\/figure>\n<\/div>\n<p>Dans les ann\u00e9es 80, bon nombre de designers, comme Thierry Mugler, Giorgio Armani ou encore Yves Saint Laurent, ont r\u00e9introduit le blazer \u00e0 \u00e9paulettes en l&rsquo;associant \u00e0 la figure d&rsquo;une femme puissante, qui a des \u00e9paules\u00a0! C&rsquo;est d&rsquo;ailleurs pour cette raison qu&rsquo;on l&rsquo;appelait le \u00ab\u00a0<em>power suit<\/em>\u00ab\u00a0.\u00a0<\/p>\n<p>Depuis, le blazer \u00e0 \u00e9paulettes a toujours eu sa place dans les garde-robes des plus grandes stars, qui le portent \u00e0 tout genre d&rsquo;\u00e9v\u00e9nement. Cate Blanchett, Sophie Marceau, Zendaya\u2026\u00a0: toutes en ont port\u00e9, que ce soit au premier rang d&rsquo;un d\u00e9fil\u00e9 ou sur tapis rouge\u00a0!\u00a0<\/p>\n<div style=\"text-align:center\">\n<figure class=\"image\" style=\"display:inline-block\"><img decoding=\"async\" alt=\"\" src=\"https:\/\/img-3.journaldesfemmes.fr\/iBsZ1chtEDdVTY4L9gjLQljMuK8=\/450x\/smart\/8f611e707e864bbab34afb947b22fcaa\/ccmcms-jdf\/40001663.jpg\"\/><figcaption data-credit=\"DPA\/ABACA\" data-legend=\"D\u00e9fil\u00e9 Saint Laurent printemps\/\u00e9t\u00e9 2025 \u00e0 Paris - 24 septembre 2024\">D\u00e9fil\u00e9 Saint Laurent printemps\/\u00e9t\u00e9 2025 \u00e0 Paris &#8211; 24 septembre 2024 <small>\u00a9\u00a0DPA\/ABACA<\/small><\/figcaption><\/figure>\n<\/div>\n<p>Aujourd&rsquo;hui, ce style de blazer est de nouveau tendance. Vu aux d\u00e9fil\u00e9s printemps-\u00e9t\u00e9 2025\u00a0de Saint Laurent ou Balmain, le blazer \u00e0 \u00e9paulettes est r\u00e9invent\u00e9 en oversize avec de larges \u00e9paules.\u00a0Et si la tendance masculin-f\u00e9minin est de retour, c&rsquo;est l&rsquo;occasion de porter cette pi\u00e8ce incontournable des ann\u00e9es 80\u00a0et du dressing de Lady Di\u00a0!<\/p>\n<p>Qu&rsquo;il soit associ\u00e9 \u00e0 un pull, un pantalon et des baskets, ou une robe et des talons, le blazer habillera votre tenue avec classe et \u00e9l\u00e9gance en toute occasion\u00a0! Pour le travail ou pour une soir\u00e9e, c&rsquo;est d\u00e9finitivement la pi\u00e8ce \u00e0 avoir dans son dressing.\u00a0<\/p>\n<\/p><\/div>\n<p>[ad_2]<br \/>\n<br \/><a href=\"https:\/\/www.journaldesfemmes.fr\/mode\/magazine-mode\/3205314-souvenir-cette-veste-portee-par-lady-di-dans-les-annees-80-fait-son-retour-cette-saison\/\">Source link <\/a><\/p>\n","protected":false},"excerpt":{"rendered":"<p>[ad_1] Cette saison, il n&rsquo;y a pas que le trench qui est mis \u00e0 l&rsquo;honneur. Une veste ador\u00e9e de Lady &hellip; <a href=\"http:\/\/www.affinite.fr\/index.php\/2024\/11\/08\/souvenir-cette-veste-portee-par-lady-di-dans-les-annees-80-fait-son-retour-cette-saison\/\" class=\"more-link\">Plus <span class=\"screen-reader-text\">Souvenir, cette veste port\u00e9e par Lady Di dans les ann\u00e9es 80\u00a0fait son retour cette saison<\/span> <span class=\"meta-nav\">&rarr;<\/span><\/a><\/p>\n","protected":false},"author":1,"featured_media":10952,"comment_status":"","ping_status":"open","sticky":false,"template":"","format":"standard","meta":{"_sitemap_exclude":false,"_sitemap_priority":"","_sitemap_frequency":"","footnotes":""},"categories":[1],"tags":[],"class_list":["post-10951","post","type-post","status-publish","format-standard","has-post-thumbnail","hentry","category-tous"],"_links":{"self":[{"href":"http:\/\/www.affinite.fr\/index.php\/wp-json\/wp\/v2\/posts\/10951"}],"collection":[{"href":"http:\/\/www.affinite.fr\/index.php\/wp-json\/wp\/v2\/posts"}],"about":[{"href":"http:\/\/www.affinite.fr\/index.php\/wp-json\/wp\/v2\/types\/post"}],"author":[{"embeddable":true,"href":"http:\/\/www.affinite.fr\/index.php\/wp-json\/wp\/v2\/users\/1"}],"replies":[{"embeddable":true,"href":"http:\/\/www.affinite.fr\/index.php\/wp-json\/wp\/v2\/comments?post=10951"}],"version-history":[{"count":0,"href":"http:\/\/www.affinite.fr\/index.php\/wp-json\/wp\/v2\/posts\/10951\/revisions"}],"wp:featuredmedia":[{"embeddable":true,"href":"http:\/\/www.affinite.fr\/index.php\/wp-json\/wp\/v2\/media\/10952"}],"wp:attachment":[{"href":"http:\/\/www.affinite.fr\/index.php\/wp-json\/wp\/v2\/media?parent=10951"}],"wp:term":[{"taxonomy":"category","embeddable":true,"href":"http:\/\/www.affinite.fr\/index.php\/wp-json\/wp\/v2\/categories?post=10951"},{"taxonomy":"post_tag","embeddable":true,"href":"http:\/\/www.affinite.fr\/index.php\/wp-json\/wp\/v2\/tags?post=10951"}],"curies":[{"name":"wp","href":"https:\/\/api.w.org\/{rel}","templated":true}]}}