{"id":1093,"date":"2020-03-25T05:23:26","date_gmt":"2020-03-25T05:23:26","guid":{"rendered":"https:\/\/www.affinite.fr\/index.php\/2020\/03\/25\/comment-decathlon-pourrait-sauver-des-malades-du-coronavirus-grace-au-plan-de-son-masque-de-plongee\/"},"modified":"2020-03-25T05:23:26","modified_gmt":"2020-03-25T05:23:26","slug":"comment-decathlon-pourrait-sauver-des-malades-du-coronavirus-grace-au-plan-de-son-masque-de-plongee","status":"publish","type":"post","link":"http:\/\/www.affinite.fr\/index.php\/2020\/03\/25\/comment-decathlon-pourrait-sauver-des-malades-du-coronavirus-grace-au-plan-de-son-masque-de-plongee\/","title":{"rendered":"Comment D\u00e9cathlon pourrait sauver des malades du coronavirus gr\u00e2ce au plan de son masque de plong\u00e9e"},"content":{"rendered":"<p> [ad_1]<br \/>\n<br \/><img decoding=\"async\" src=\"https:\/\/img.bfmtv.com\/i\/0\/0\/61a\/56d2a7d8bbc93a4540ba8f33ed48e.jpg\" \/><\/p>\n<div itemprop=\"articleBody\">\n<p class=\"MsoNormal\">Les h\u00f4pitaux italiens manquent de mat\u00e9riel m\u00e9dical pour soigner les patients atteints du Covid-19. Pour faire face \u00e0 la p\u00e9nurie de masques respiratoires, l\u2019entreprise italienne Isinnova, sur une id\u00e9e d\u2019un ancien m\u00e9decin-chef<strong><span> <\/span><\/strong><span class=\"tlid-translation\">de l&rsquo;h\u00f4pital Gardone Valtrompia<\/span>, a pris contact avec D\u00e9cathlon pour lui demander les plans 3D de son masque de plong\u00e9e Easybreath dans le but de le d\u00e9tourner pour en faire un masque de ventilation d\u2019urgence.<\/p>\n<h3 class=\"MsoNormal\" style=\"color:#333;font-family:arial,helvetica,sans-serif;font-size:23px;font-weight:700;\"><strong>Les plans 3D fournis gratuitement<\/strong><\/h3>\n<p class=\"MsoNormal\">L\u2019entreprise fran\u00e7aise a r\u00e9pondu favorablement \u00e0 cette demande et a donc donn\u00e9 gracieusement les plans de conception 3D de son masque Easybreaht. Isinnova, qui a d\u00e9mont\u00e9 le masque pour l\u2019\u00e9tudier sous toutes les coutures afin de d\u00e9terminer les modifications \u00e0 r\u00e9aliser, a pu cr\u00e9er gr\u00e2ce \u00e0 l\u2019impression 3D, une valve adaptable au masque afin de relier celui-ci au respirateur artificiel.<\/p>\n<p class=\"MsoNormal\">Le prototype a ensuite \u00e9t\u00e9 test\u00e9 sur un des employ\u00e9s de la firme italienne, au sein de l\u2019h\u00f4pital de Chiari, et s\u2019est av\u00e9r\u00e9 fonctionnel. L\u2019h\u00f4pital a ensuite test\u00e9 lui-m\u00eame le prototype sur un patient en ayant besoin, avec succ\u00e8s.<\/p>\n<p>\n        <iframe loading=\"lazy\" class=\"video-f9bafcfa631f0d767fe8c5c88477f9f1\" width=\"560\" height=\"315\" src=\"http:\/\/www.youtube.com\/embed\/w4Csqdxkrfw\" frameborder=\"0\" allowfullscreen=\"\"><\/iframe><\/p>\n<p class=\"MsoNormal\">Isinnova pr\u00e9cise que sa solution ne doit \u00eatre utilis\u00e9e qu\u2019en cas d\u2019extr\u00eame n\u00e9cessit\u00e9, lorsque le mat\u00e9riel m\u00e9dical manque, le masque et la valve imprim\u00e9e en 3D n\u2019\u00e9tant pas certifi\u00e9s. Les patients qui en b\u00e9n\u00e9ficient doivent d\u2019ailleurs signer une d\u00e9claration pour accepter le fait d\u2019utiliser du mat\u00e9riel biom\u00e9dical non certifi\u00e9.<\/p>\n<p class=\"MsoNormal\">Pour \u00e9viter que sa cr\u00e9ation ne fasse l\u2019objet de sp\u00e9culations, l\u2019entreprise italienne a d\u00e9pos\u00e9 un brevet. Son utilisation restera toutefois libre afin que tous les h\u00f4pitaux qui en auraient besoin puissent l\u2019utiliser. Le fichier d\u2019impression 3D de la valve de liaison au masque Easybreath de D\u00e9cathlon est d\u2019ailleurs en\u00a0t\u00e9l\u00e9chargement libre sur le site d\u2019Isinnova.<\/p>\n<h3 class=\"MsoNormal\" style=\"color:#333; font-family:arial,helvetica,sans-serif; font-size:23px; font-weight:700\"><strong>D\u00e9cathlon travaille avec des centres de recherche<\/strong><\/h3>\n<p class=\"MsoNormal\">Devant l\u2019engouement g\u00e9n\u00e9r\u00e9 autour de son masque sur les r\u00e9seaux sociaux, D\u00e9cathlon a tenu \u00e0 pr\u00e9ciser sur son site que l&rsquo;usage premier du masque restait le <em>snorkeling <\/em>(randonn\u00e9e subaquatique avec palmes) et d\u00e9conseille au grand public de le modifier.<\/p>\n<blockquote>\n<p class=\"MsoNormal\"><em>\u00ab Le masque Easybreath, rendu visible par nombre d&rsquo;internautes ces derniers jours et pr\u00e9sent\u00e9 comme un \u00e9ventuel masque de protection au Coronavirus, n&rsquo;a pas \u00e9t\u00e9 con\u00e7u pour cet usage. <strong><span>Son utilisation initiale demeurant la pratique du snorkeling, nous recommandons donc de ne pas modifier le masque par soi-m\u00eame<\/span><\/strong> ; cela pourrait impacter son fonctionnement, notamment concernant les flux d&rsquo;air. \u00bb<\/em><\/p>\n<\/blockquote>\n<p class=\"MsoNormal\">L\u2019entreprise fran\u00e7aise indique toutefois \u00eatre en contact avec plusieurs centres de recherche en France et \u00e0 l\u2019\u00e9tranger pour \u00e9valuer les possibilit\u00e9s d\u2019utilisation et d\u2019adaptation de son produit, notamment en partageant le plan 3D du masque Easybreath.<\/p>\n<p class=\"MsoNormal\"><strong>Sources\u00a0:<\/strong>\u00a0<a href=\"https:\/\/www.isinnova.it\/easy-covid19-eng\/\" target=\"_blank\" rel=\"noopener noreferrer\">Isinnova<\/a>, <a href=\"https:\/\/www.decathlon.media\/fr_FR\/actualites\" target=\"_blank\" rel=\"noopener noreferrer\">Decathlon <\/a><\/p>\n<\/p><\/div>\n<p><script>\n         !function(f,b,e,v,n,t,s){if(f.fbq)return;n=f.fbq=function()\n         {n.callMethod? n.callMethod.apply(n,arguments):n.queue.push(arguments)}\n         ;if(!f._fbq)f._fbq=n;\n             n.push=n;n.loaded=!0;n.version='2.0';n.queue=[];t=b.createElement(e);t.async=!0;\n             t.src=v;s=b.getElementsByTagName(e)[0];s.parentNode.insertBefore(t,s)}(window,\n                 document,'script','https:\/\/connect.facebook.net\/en_US\/fbevents.js');\n         fbq('init', '1065890633454496');\n         fbq('track', 'PageView');\n     <\/script><br \/>\n<br \/>[ad_2]<br \/>\n<br \/><a href=\"https:\/\/www.01net.com\/actualites\/comment-decathlon-pourrait-sauver-des-malades-du-coronavirus-grace-au-plan-de-son-masque-de-plongee-1881292.html\">Source link <\/a><\/p>\n","protected":false},"excerpt":{"rendered":"<p>[ad_1] Les h\u00f4pitaux italiens manquent de mat\u00e9riel m\u00e9dical pour soigner les patients atteints du Covid-19. Pour faire face \u00e0 la &hellip; <a href=\"http:\/\/www.affinite.fr\/index.php\/2020\/03\/25\/comment-decathlon-pourrait-sauver-des-malades-du-coronavirus-grace-au-plan-de-son-masque-de-plongee\/\" class=\"more-link\">Plus <span class=\"screen-reader-text\">Comment D\u00e9cathlon pourrait sauver des malades du coronavirus gr\u00e2ce au plan de son masque de plong\u00e9e<\/span> <span class=\"meta-nav\">&rarr;<\/span><\/a><\/p>\n","protected":false},"author":1,"featured_media":1094,"comment_status":"open","ping_status":"open","sticky":false,"template":"","format":"standard","meta":{"_sitemap_exclude":false,"_sitemap_priority":"","_sitemap_frequency":"","footnotes":""},"categories":[1],"tags":[],"class_list":["post-1093","post","type-post","status-publish","format-standard","has-post-thumbnail","hentry","category-tous"],"_links":{"self":[{"href":"http:\/\/www.affinite.fr\/index.php\/wp-json\/wp\/v2\/posts\/1093"}],"collection":[{"href":"http:\/\/www.affinite.fr\/index.php\/wp-json\/wp\/v2\/posts"}],"about":[{"href":"http:\/\/www.affinite.fr\/index.php\/wp-json\/wp\/v2\/types\/post"}],"author":[{"embeddable":true,"href":"http:\/\/www.affinite.fr\/index.php\/wp-json\/wp\/v2\/users\/1"}],"replies":[{"embeddable":true,"href":"http:\/\/www.affinite.fr\/index.php\/wp-json\/wp\/v2\/comments?post=1093"}],"version-history":[{"count":0,"href":"http:\/\/www.affinite.fr\/index.php\/wp-json\/wp\/v2\/posts\/1093\/revisions"}],"wp:featuredmedia":[{"embeddable":true,"href":"http:\/\/www.affinite.fr\/index.php\/wp-json\/wp\/v2\/media\/1094"}],"wp:attachment":[{"href":"http:\/\/www.affinite.fr\/index.php\/wp-json\/wp\/v2\/media?parent=1093"}],"wp:term":[{"taxonomy":"category","embeddable":true,"href":"http:\/\/www.affinite.fr\/index.php\/wp-json\/wp\/v2\/categories?post=1093"},{"taxonomy":"post_tag","embeddable":true,"href":"http:\/\/www.affinite.fr\/index.php\/wp-json\/wp\/v2\/tags?post=1093"}],"curies":[{"name":"wp","href":"https:\/\/api.w.org\/{rel}","templated":true}]}}