{"id":10921,"date":"2024-11-02T11:20:50","date_gmt":"2024-11-02T11:20:50","guid":{"rendered":"http:\/\/www.affinite.fr\/index.php\/2024\/11\/02\/cette-marque-adoree-des-francais-propose-des-jeans-parfaitement-coupes-a-seulement-35-euros\/"},"modified":"2024-11-02T11:20:50","modified_gmt":"2024-11-02T11:20:50","slug":"cette-marque-adoree-des-francais-propose-des-jeans-parfaitement-coupes-a-seulement-35-euros","status":"publish","type":"post","link":"http:\/\/www.affinite.fr\/index.php\/2024\/11\/02\/cette-marque-adoree-des-francais-propose-des-jeans-parfaitement-coupes-a-seulement-35-euros\/","title":{"rendered":"Cette marque ador\u00e9e des fran\u00e7ais propose des jeans parfaitement coup\u00e9s \u00e0 seulement 35\u00a0euros"},"content":{"rendered":"<p> [ad_1]<br \/>\n<\/p>\n<div>\n<p>Difficile de r\u00e9sister \u00e0 un jean bien coup\u00e9, et encore plus lorsqu&rsquo;il est \u00e0 prix mini. Cet automne, une c\u00e9l\u00e8bre enseigne de pr\u00eat-\u00e0-porter, bien ancr\u00e9e dans le quotidien des fran\u00e7ais, frappe fort avec une collection de jeans \u00e0 l&rsquo;engagement \u00e9coresponsable. Propos\u00e9e \u00e0 un tarif attractif de 35\u00a0euros, cette nouvelle ligne allie style, confort et respect de l&rsquo;environnement. Un petit prix pour une belle initiative.\u00a0En effet, au-del\u00e0 de simples v\u00eatements, cette collection est le fruit d&rsquo;un engagement fort envers la plan\u00e8te et l&#8217;emploi local. La marque a collabor\u00e9 avec un centre de production fran\u00e7ais, sp\u00e9cialis\u00e9 dans la confection de denim.<\/p>\n<p>Le but\u00a0? Proposer un produit de qualit\u00e9, accessible, et qui minimise l&rsquo;impact sur la plan\u00e8te. La coupe des jeans, bien pens\u00e9e et r\u00e9solument moderne, s&rsquo;adapte aux diff\u00e9rentes morphologies tout en restant fid\u00e8le \u00e0 l&rsquo;esprit de ce g\u00e9ant de la mode. Le partenariat avec le centre de production local garantit non seulement un savoir-faire de qualit\u00e9, mais permet aussi de valoriser des emplois en France,\u00a0un atout qui m\u00e9rite d&rsquo;\u00eatre salu\u00e9. Ces jeans ont \u00e9t\u00e9 fabriqu\u00e9s avec une combinaison de coton vierge et de coton recycl\u00e9, ainsi qu&rsquo;un soup\u00e7on d&rsquo;\u00e9lasthanne pour assurer souplesse et confort.\u00a0C\u00f4t\u00e9 style, les coupes sont classiques\u00a0et intemporelles\u00a0: une coupe droite pour les femmes et un slim pour les hommes. Et pour ceux qui aiment le choix, deux d\u00e9lavages sont propos\u00e9s, permettant \u00e0 chacun de trouver le mod\u00e8le qui lui convient.<\/p>\n<div style=\"text-align:center\">\n<figure class=\"image\" style=\"display:inline-block\"><img decoding=\"async\" alt=\"jean-kiabi\" src=\"https:\/\/img-3.journaldesfemmes.fr\/wQr_ffbj32Em0qD-9ouEhat1kgk=\/300x\/smart\/0dcace670cf14995a7d30386da76769b\/ccmcms-jdf\/40000200.jpeg\"\/><figcaption data-credit=\"Kiabi\"><small>\u00a9\u00a0Kiabi<\/small><\/figcaption><\/figure>\n<\/div>\n<p>Enfin, la collection est\u00a0disponible exclusivement\u00a0en ligne. Cette enseigne, cr\u00e9\u00e9e en 1978\u00a0et pr\u00e9sente dans plusieurs pays, n&rsquo;en est pas \u00e0 sa premi\u00e8re initiative responsable. Fid\u00e8le \u00e0 ses engagements, elle continue d&rsquo;innover et d&rsquo;offrir des produits durables qui r\u00e9pondent aux attentes des consommateurs. Alors, quelle\u00a0est-elle\u00a0? C&rsquo;est bien Kiabi, qui signe cette collection in\u00e9dite, bien d\u00e9cid\u00e9e \u00e0 nous prouver que mode et \u00e9cologie peuvent aller de pair sans faire exploser le budget.\u00a0<\/p>\n<p>On se souvient \u00e9galement de la collection \u00ab\u00a0z\u00e9ro d\u00e9chet\u00a0\u00bb, lanc\u00e9e par la marque en 2021, mettant en avant un coupe-vent en polyester recycl\u00e9, r\u00e9versible, unisexe, l\u00e0 aussi vendu\u00a035\u00a0euros. La pi\u00e8ce avait \u00e9t\u00e9 confectionn\u00e9e de mani\u00e8re \u00e0 ne g\u00e9n\u00e9rer aucune chute de tissu.\u00a0Autrement dit,\u00a0l&rsquo;int\u00e9gralit\u00e9 des mati\u00e8res s\u00e9lectionn\u00e9es avaient\u00a0\u00e9t\u00e9 utilis\u00e9es pour sa fabrication.\u00a0Chapeau !<\/p>\n<\/p><\/div>\n<p>[ad_2]<br \/>\n<br \/><a href=\"https:\/\/www.journaldesfemmes.fr\/mode\/magazine-mode\/3204248-cette-marque-adoree-des-francais-propose-des-jeans-parfaitement-coupes-a-seulement-35-euros-et-ils-sont-ecoresponsables\/\">Source link <\/a><\/p>\n","protected":false},"excerpt":{"rendered":"<p>[ad_1] Difficile de r\u00e9sister \u00e0 un jean bien coup\u00e9, et encore plus lorsqu&rsquo;il est \u00e0 prix mini. Cet automne, une &hellip; <a href=\"http:\/\/www.affinite.fr\/index.php\/2024\/11\/02\/cette-marque-adoree-des-francais-propose-des-jeans-parfaitement-coupes-a-seulement-35-euros\/\" class=\"more-link\">Plus <span class=\"screen-reader-text\">Cette marque ador\u00e9e des fran\u00e7ais propose des jeans parfaitement coup\u00e9s \u00e0 seulement 35\u00a0euros<\/span> <span class=\"meta-nav\">&rarr;<\/span><\/a><\/p>\n","protected":false},"author":1,"featured_media":10922,"comment_status":"","ping_status":"open","sticky":false,"template":"","format":"standard","meta":{"_sitemap_exclude":false,"_sitemap_priority":"","_sitemap_frequency":"","footnotes":""},"categories":[1],"tags":[],"class_list":["post-10921","post","type-post","status-publish","format-standard","has-post-thumbnail","hentry","category-tous"],"_links":{"self":[{"href":"http:\/\/www.affinite.fr\/index.php\/wp-json\/wp\/v2\/posts\/10921"}],"collection":[{"href":"http:\/\/www.affinite.fr\/index.php\/wp-json\/wp\/v2\/posts"}],"about":[{"href":"http:\/\/www.affinite.fr\/index.php\/wp-json\/wp\/v2\/types\/post"}],"author":[{"embeddable":true,"href":"http:\/\/www.affinite.fr\/index.php\/wp-json\/wp\/v2\/users\/1"}],"replies":[{"embeddable":true,"href":"http:\/\/www.affinite.fr\/index.php\/wp-json\/wp\/v2\/comments?post=10921"}],"version-history":[{"count":0,"href":"http:\/\/www.affinite.fr\/index.php\/wp-json\/wp\/v2\/posts\/10921\/revisions"}],"wp:featuredmedia":[{"embeddable":true,"href":"http:\/\/www.affinite.fr\/index.php\/wp-json\/wp\/v2\/media\/10922"}],"wp:attachment":[{"href":"http:\/\/www.affinite.fr\/index.php\/wp-json\/wp\/v2\/media?parent=10921"}],"wp:term":[{"taxonomy":"category","embeddable":true,"href":"http:\/\/www.affinite.fr\/index.php\/wp-json\/wp\/v2\/categories?post=10921"},{"taxonomy":"post_tag","embeddable":true,"href":"http:\/\/www.affinite.fr\/index.php\/wp-json\/wp\/v2\/tags?post=10921"}],"curies":[{"name":"wp","href":"https:\/\/api.w.org\/{rel}","templated":true}]}}