{"id":1091,"date":"2020-03-25T04:21:40","date_gmt":"2020-03-25T04:21:40","guid":{"rendered":"https:\/\/www.affinite.fr\/index.php\/2020\/03\/25\/le-salon-taiwanais-computex-2020-est-reporte\/"},"modified":"2020-03-25T04:21:40","modified_gmt":"2020-03-25T04:21:40","slug":"le-salon-taiwanais-computex-2020-est-reporte","status":"publish","type":"post","link":"http:\/\/www.affinite.fr\/index.php\/2020\/03\/25\/le-salon-taiwanais-computex-2020-est-reporte\/","title":{"rendered":"le salon ta\u00efwanais Computex 2020 est report\u00e9"},"content":{"rendered":"<p> [ad_1]<br \/>\n<br \/><img decoding=\"async\" src=\"https:\/\/img.bfmtv.com\/i\/0\/0\/974\/e53ed8f837072f4d6f7bb4e47b521.jpg\" \/><\/p>\n<div itemprop=\"articleBody\">\n                Les hautes instances ta\u00efwanaises ont d\u00e9cid\u00e9 de reporter une partie du salon Computex 2020 au mois de septembre prochain. Les conf\u00e9rences et pr\u00e9sentations de produits qui ne pourront pas se tenir \u00e0 l&rsquo;approche de l&rsquo;automne pourront toutefois se faire par le biais d&rsquo;un salon virtuel, organis\u00e9 par le TAITRA, la chambre du commerce ext\u00e9rieur de Ta\u00efwan. Les conditions d&rsquo;acc\u00e8s \u00e0 cette plate-forme seront communiqu\u00e9es ult\u00e9rieurement. Des conf\u00e9rences vid\u00e9o seront aussi organis\u00e9es pour la presse.<\/p>\n<p>                Le salon qui se tiendra entre le 28 et le 30 septembre sera en configuration restreinte. Il semble que seul l&rsquo;un des trois lieux d&rsquo;ordinaire privatis\u00e9s pour l&rsquo;\u00e9v\u00e9nement accueille les exposants. L&rsquo;occasion toutefois d&rsquo;y d\u00e9couvrir quelques nouveaut\u00e9s en rapport avec la 5G, les objets connect\u00e9s et intelligents, le gaming et les start-up, qu&rsquo;elles soient locales ou internationales.<\/p>\n<p><strong>Source :<\/strong> <a href=\"https:\/\/www.computextaipei.com.tw\/en_US\/news\/info.html?id=E615059E0DC04F10\" target=\"_blank\" rel=\"noopener noreferrer\">Computex<\/a><\/p>\n<\/div>\n<p><script>\n         !function(f,b,e,v,n,t,s){if(f.fbq)return;n=f.fbq=function()\n         {n.callMethod? n.callMethod.apply(n,arguments):n.queue.push(arguments)}\n         ;if(!f._fbq)f._fbq=n;\n             n.push=n;n.loaded=!0;n.version='2.0';n.queue=[];t=b.createElement(e);t.async=!0;\n             t.src=v;s=b.getElementsByTagName(e)[0];s.parentNode.insertBefore(t,s)}(window,\n                 document,'script','https:\/\/connect.facebook.net\/en_US\/fbevents.js');\n         fbq('init', '1065890633454496');\n         fbq('track', 'PageView');\n     <\/script><br \/>\n<br \/>[ad_2]<br \/>\n<br \/><a href=\"https:\/\/www.01net.com\/actualites\/coronavirus-le-salon-taiwanais-computex-2020-est-reporte-1881441.html\">Source link <\/a><\/p>\n","protected":false},"excerpt":{"rendered":"<p>[ad_1] Les hautes instances ta\u00efwanaises ont d\u00e9cid\u00e9 de reporter une partie du salon Computex 2020 au mois de septembre prochain. &hellip; <a href=\"http:\/\/www.affinite.fr\/index.php\/2020\/03\/25\/le-salon-taiwanais-computex-2020-est-reporte\/\" class=\"more-link\">Plus <span class=\"screen-reader-text\">le salon ta\u00efwanais Computex 2020 est report\u00e9<\/span> <span class=\"meta-nav\">&rarr;<\/span><\/a><\/p>\n","protected":false},"author":1,"featured_media":1092,"comment_status":"open","ping_status":"open","sticky":false,"template":"","format":"standard","meta":{"_sitemap_exclude":false,"_sitemap_priority":"","_sitemap_frequency":"","footnotes":""},"categories":[1],"tags":[],"class_list":["post-1091","post","type-post","status-publish","format-standard","has-post-thumbnail","hentry","category-tous"],"_links":{"self":[{"href":"http:\/\/www.affinite.fr\/index.php\/wp-json\/wp\/v2\/posts\/1091"}],"collection":[{"href":"http:\/\/www.affinite.fr\/index.php\/wp-json\/wp\/v2\/posts"}],"about":[{"href":"http:\/\/www.affinite.fr\/index.php\/wp-json\/wp\/v2\/types\/post"}],"author":[{"embeddable":true,"href":"http:\/\/www.affinite.fr\/index.php\/wp-json\/wp\/v2\/users\/1"}],"replies":[{"embeddable":true,"href":"http:\/\/www.affinite.fr\/index.php\/wp-json\/wp\/v2\/comments?post=1091"}],"version-history":[{"count":0,"href":"http:\/\/www.affinite.fr\/index.php\/wp-json\/wp\/v2\/posts\/1091\/revisions"}],"wp:featuredmedia":[{"embeddable":true,"href":"http:\/\/www.affinite.fr\/index.php\/wp-json\/wp\/v2\/media\/1092"}],"wp:attachment":[{"href":"http:\/\/www.affinite.fr\/index.php\/wp-json\/wp\/v2\/media?parent=1091"}],"wp:term":[{"taxonomy":"category","embeddable":true,"href":"http:\/\/www.affinite.fr\/index.php\/wp-json\/wp\/v2\/categories?post=1091"},{"taxonomy":"post_tag","embeddable":true,"href":"http:\/\/www.affinite.fr\/index.php\/wp-json\/wp\/v2\/tags?post=1091"}],"curies":[{"name":"wp","href":"https:\/\/api.w.org\/{rel}","templated":true}]}}