{"id":1089,"date":"2020-03-25T03:16:03","date_gmt":"2020-03-25T03:16:03","guid":{"rendered":"https:\/\/www.affinite.fr\/index.php\/2020\/03\/25\/orange-double-ses-capacites-de-connexion-avec-les-etats-unis-pour-faire-face-a-la-demande\/"},"modified":"2020-03-25T03:16:03","modified_gmt":"2020-03-25T03:16:03","slug":"orange-double-ses-capacites-de-connexion-avec-les-etats-unis-pour-faire-face-a-la-demande","status":"publish","type":"post","link":"http:\/\/www.affinite.fr\/index.php\/2020\/03\/25\/orange-double-ses-capacites-de-connexion-avec-les-etats-unis-pour-faire-face-a-la-demande\/","title":{"rendered":"Orange double ses capacit\u00e9s de connexion avec les Etats-Unis pour faire face \u00e0 la demande"},"content":{"rendered":"<p> [ad_1]<br \/>\n<br \/><img decoding=\"async\" src=\"https:\/\/img.bfmtv.com\/i\/0\/0\/b96\/b0550de902b7569769f64108734bb.jpeg\" \/><\/p>\n<div itemprop=\"articleBody\">\n<blockquote>\n<p><em>\u00ab\u00a0Nous avons pris la d\u00e9cision de multiplier par deux la capacit\u00e9 des c\u00e2bles transatlantiques tr\u00e8s rapidement. C\u2019est pratiquement d\u00e9j\u00e0 op\u00e9rationnel\u00a0\u00bb<\/em>, a annonc\u00e9 au micro de RTL le patron d\u2019Orange, St\u00e9phane Richard, en fin de semaine derni\u00e8re.<\/p>\n<\/blockquote>\n<p>Il faisait ici r\u00e9f\u00e9rence <a href=\"https:\/\/www.01net.com\/actualites\/le-cable-transatlantique-de-google-vient-d-etre-pose-sur-les-cotes-francaises-1874307.html#content\/contribution\/edit\" target=\"_blank\" rel=\"noopener noreferrer\">aux c\u00e2bles sous-marins <\/a>qui relient les Etats-Unis \u00e0 la France et qui sont particuli\u00e8rement critiques.<\/p>\n<p>80% du trafic Internet fran\u00e7ais en d\u00e9pend puisque nous nous connectons tous massivement <a href=\"https:\/\/www.01net.com\/actualites\/le-cable-transatlantique-de-google-vient-d-etre-pose-sur-les-cotes-francaises-1874307.html#content\/contribution\/edit\" target=\"_blank\" rel=\"noopener noreferrer\">aux services am\u00e9ricains des GAFAM<\/a>. De plus, les internautes finissent tous par passer par les infrastructures historiques d\u2019Orange, quel que soit leur op\u00e9rateur. Orange est en effet le seul acteur fran\u00e7ais \u00e0 \u00eatre Tier 1, c\u2019est-\u00e0-dire \u00a0qu\u2019il est capable de joindre tous les r\u00e9seaux par une interconnexion directe (<em>peering<\/em>) sans passer par un transitaire. Il dispose notamment de plus de 450 000 km de c\u00e2bles sous-marins.<\/p>\n<h3 style=\"color:#333; font-family:arial,helvetica,sans-serif; font-size:23px; font-weight:700\">Il devient complexe d&rsquo;intervenir en pleine crise du coronavirus<\/h3>\n<p>Mais doubler les capacit\u00e9s transatlantiques n\u2019est pas chose facile en pleine crise du coronavirus.<\/p>\n<blockquote>\n<p><em>\u00ab\u00a0Cela n\u00e9cessite d\u2019intervenir directement sur les sites aux extr\u00e9mit\u00e9s de la cha\u00eene\u00a0\u00bb<\/em>, nous explique Jean-Luc Vuillemin, directeur g\u00e9n\u00e9ral d&rsquo;Orange International Networks. <em>\u00ab\u00a0A partir du moment o\u00f9 vous avez une fibre optique d\u00e9ploy\u00e9e et que le niveau de transmission est activ\u00e9, il vous reste \u00e0 multiplier le nombre de liens IP entre la station du c\u00e2ble sous-marin et les routeurs\u00a0dans les data centers\u00a0\u00bb<\/em>, pr\u00e9cise-t-il.<\/p>\n<\/blockquote>\n<p>Il faut m\u00eame intervenir jusque dans la fameuse \u00ab\u00a0Data Center Alley\u00a0\u00bb situ\u00e9e dans la r\u00e9gion d\u2019Ashburn, en Virginie du Nord, pas tr\u00e8s loin de Washington et de la c\u00f4te. C\u2019est le point d\u2019intersection des r\u00e9seaux le plus dense au monde\u00a0: il concentre 70% du trafic Internet mondial.<\/p>\n<aside class=\"bg-color-0 padding-inside-all-s bloc border-s\">\n<h4 class=\"box-txt-normal\">\n<p><strong>A d\u00e9couvrir aussi en vid\u00e9o<\/strong><\/p>\n<\/h4>\n<\/aside>\n<h3 style=\"color:#333;font-family:arial,helvetica,sans-serif;font-size:23px;font-weight:700;\">De nombreux pays ferment leurs eaux territoriales<\/h3>\n<p>Or, la c\u00f4te Est fait partie des territoires touch\u00e9s par la pand\u00e9mie aux Etats-Unis.<\/p>\n<blockquote>\n<p><em>\u00ab\u00a0Les interventions physiques sont rendues plus compliqu\u00e9es notamment \u00e0 New-York\u00a0\u00bb<\/em>, t\u00e9moigne encore le directeur des r\u00e9seaux d\u2019Orange \u00e0 l\u2019international.<\/p>\n<\/blockquote>\n<p>L\u2019op\u00e9ration va toutefois \u00eatre men\u00e9e \u00e0 bien. Ailleurs dans le monde, la situation devient \u00e9galement plus tendue. Il sera plus difficile\u00a0d&rsquo;acc\u00e9der aux sites en cas de panne ou de congestion.\u00a0<\/p>\n<p><em>\u00ab\u00a0De nombreux pays, notamment en Afrique, sont en train de fermer leurs portes et leurs eaux territoriales. De plus, les \u00e9quipes embarqu\u00e9es sur les navires c\u00e2bliers ne peuvent pas \u00eatre relay\u00e9es puisque les liaisons en avion sont interrompues. Et nos \u00e9quipages commencent \u00e0 s\u2019inqui\u00e9ter et \u00e0 demander \u00e0 rentrer\u00a0\u00bb<\/em>, d\u00e9taille encore Jean-Luc Vuillemin.\u00a0<\/p>\n<p>En ces temps de crise, la solidarit\u00e9 entre op\u00e9rateurs dans le monde joue \u00e0 plein.<\/p>\n<blockquote>\n<p><em>\u00ab\u00a0 Nous avons tous conscience de n\u2019\u00eatre qu\u2019un seul maillon de la cha\u00eene du r\u00e9seau international. Nous nous tenons tous par la main en esp\u00e9rant que cela tienne. Mais la situation n\u2019est pas critique. Nous ma\u00eetrisons la charge et avons encore des marges significatives pour absorber la hausse du trafic Internet\u00a0\u00bb<\/em>, conclut Jean-Luc Vuillemin.<\/p>\n<\/blockquote><\/div>\n<p><script>\n         !function(f,b,e,v,n,t,s){if(f.fbq)return;n=f.fbq=function()\n         {n.callMethod? n.callMethod.apply(n,arguments):n.queue.push(arguments)}\n         ;if(!f._fbq)f._fbq=n;\n             n.push=n;n.loaded=!0;n.version='2.0';n.queue=[];t=b.createElement(e);t.async=!0;\n             t.src=v;s=b.getElementsByTagName(e)[0];s.parentNode.insertBefore(t,s)}(window,\n                 document,'script','https:\/\/connect.facebook.net\/en_US\/fbevents.js');\n         fbq('init', '1065890633454496');\n         fbq('track', 'PageView');\n     <\/script><br \/>\n<br \/>[ad_2]<br \/>\n<br \/><a href=\"https:\/\/www.01net.com\/actualites\/orange-double-ses-capacites-de-connexion-avec-les-etats-unis-pour-faire-face-a-la-demande-1881488.html\">Source link <\/a><\/p>\n","protected":false},"excerpt":{"rendered":"<p>[ad_1] \u00ab\u00a0Nous avons pris la d\u00e9cision de multiplier par deux la capacit\u00e9 des c\u00e2bles transatlantiques tr\u00e8s rapidement. C\u2019est pratiquement d\u00e9j\u00e0 &hellip; <a href=\"http:\/\/www.affinite.fr\/index.php\/2020\/03\/25\/orange-double-ses-capacites-de-connexion-avec-les-etats-unis-pour-faire-face-a-la-demande\/\" class=\"more-link\">Plus <span class=\"screen-reader-text\">Orange double ses capacit\u00e9s de connexion avec les Etats-Unis pour faire face \u00e0 la demande<\/span> <span class=\"meta-nav\">&rarr;<\/span><\/a><\/p>\n","protected":false},"author":1,"featured_media":1090,"comment_status":"open","ping_status":"open","sticky":false,"template":"","format":"standard","meta":{"_sitemap_exclude":false,"_sitemap_priority":"","_sitemap_frequency":"","footnotes":""},"categories":[1],"tags":[],"class_list":["post-1089","post","type-post","status-publish","format-standard","has-post-thumbnail","hentry","category-tous"],"_links":{"self":[{"href":"http:\/\/www.affinite.fr\/index.php\/wp-json\/wp\/v2\/posts\/1089"}],"collection":[{"href":"http:\/\/www.affinite.fr\/index.php\/wp-json\/wp\/v2\/posts"}],"about":[{"href":"http:\/\/www.affinite.fr\/index.php\/wp-json\/wp\/v2\/types\/post"}],"author":[{"embeddable":true,"href":"http:\/\/www.affinite.fr\/index.php\/wp-json\/wp\/v2\/users\/1"}],"replies":[{"embeddable":true,"href":"http:\/\/www.affinite.fr\/index.php\/wp-json\/wp\/v2\/comments?post=1089"}],"version-history":[{"count":0,"href":"http:\/\/www.affinite.fr\/index.php\/wp-json\/wp\/v2\/posts\/1089\/revisions"}],"wp:featuredmedia":[{"embeddable":true,"href":"http:\/\/www.affinite.fr\/index.php\/wp-json\/wp\/v2\/media\/1090"}],"wp:attachment":[{"href":"http:\/\/www.affinite.fr\/index.php\/wp-json\/wp\/v2\/media?parent=1089"}],"wp:term":[{"taxonomy":"category","embeddable":true,"href":"http:\/\/www.affinite.fr\/index.php\/wp-json\/wp\/v2\/categories?post=1089"},{"taxonomy":"post_tag","embeddable":true,"href":"http:\/\/www.affinite.fr\/index.php\/wp-json\/wp\/v2\/tags?post=1089"}],"curies":[{"name":"wp","href":"https:\/\/api.w.org\/{rel}","templated":true}]}}