{"id":10879,"date":"2024-10-19T11:06:55","date_gmt":"2024-10-19T11:06:55","guid":{"rendered":"http:\/\/www.affinite.fr\/index.php\/2024\/10\/19\/ce-sac-louis-vuitton-iconique-fait-son-retour-dans-une-version-deux-fois-plus-chic\/"},"modified":"2024-10-19T11:06:55","modified_gmt":"2024-10-19T11:06:55","slug":"ce-sac-louis-vuitton-iconique-fait-son-retour-dans-une-version-deux-fois-plus-chic","status":"publish","type":"post","link":"http:\/\/www.affinite.fr\/index.php\/2024\/10\/19\/ce-sac-louis-vuitton-iconique-fait-son-retour-dans-une-version-deux-fois-plus-chic\/","title":{"rendered":"ce sac Louis Vuitton iconique fait son retour dans une version deux fois plus chic"},"content":{"rendered":"<p> [ad_1]<br \/>\n<\/p>\n<p>\n                Katie Holmes, Diane Kruger, Reese Witherspoon\u2026 Toutes les c\u00e9l\u00e9brit\u00e9s ne jurent que par ce sac signature de Louis Vuitton. Cette ann\u00e9e, malgr\u00e9 son ultra popularit\u00e9, le label fran\u00e7ais a d\u00e9cid\u00e9 de l&rsquo;imaginer dans une toute nouvelle version. Deux fois plus chic, il fait d\u00e9j\u00e0 sensation chez les modeuses\u00a0!            <\/p>\n<div>\n<p>Il fait partie des derniers-n\u00e9s de la <a href=\"https:\/\/www.journaldesfemmes.fr\/mode\/conseils-mode\/2736215-avec-son-premier-defile-pour-louis-vuitton-homme-pharrell-williams-met-tout-le-monde-d-accord\/\" title=\"Louis vuitton\">maison Louis Vuitton<\/a>, mais n&rsquo;est pas moins iconique pour autant. Imagin\u00e9 en 2007,\u00a0ce sac d\u00e9sormais embl\u00e9matique jouit d&rsquo;une ultra d\u00e9sirabilit\u00e9 depuis pr\u00e8s de 20\u00a0ans. Les fashionistas et c\u00e9l\u00e9brit\u00e9s du monde entier se l&rsquo;arrachent et ne le l\u00e2chent plus. Il a \u00e9t\u00e9 aper\u00e7u aux bras de Diane Kruger, Katie Holmes ou Sofia Vergara &#8211; pour n&rsquo;en citer que quelques-unes. Preuve de cette attractivit\u00e9\u00a0in\u00e9gal\u00e9e\u00a0: il reste le deuxi\u00e8me sac le plus populaire de Louis Vuitton sur <em>Vestiaire Collective<\/em>, avec pr\u00e8s de 800\u00a0recherches quotidiennes sur le site.<\/p>\n<p>Premier mod\u00e8le cabas du maroquinier fran\u00e7ais, il na\u00eet \u00e0 une \u00e9poque o\u00f9 le sac \u00e0 main est d\u00e9tourn\u00e9 par les \u00e9tudiantes pour aller au lyc\u00e9e ou \u00e0 l&rsquo;universit\u00e9. Face \u00e0 leur d\u00e9sir de praticit\u00e9, la maison imagine donc un mod\u00e8le adapt\u00e9, sp\u00e9cialement pr\u00e9vu \u00e0 cet effet. Il se murmure qu&rsquo;il peut soutenir pr\u00e8s de 90\u00a0kgs sans jamais faiblir\u00a0! Ses anses en cuir, en apparence fines, sont renforc\u00e9es par des doubles coutures. Les dimensions du sac sont pens\u00e9es pour pouvoir y glisser autant de choses qu&rsquo;on le d\u00e9sire.<\/p>\n<p>C\u00f4t\u00e9 silhouette, il s&rsquo;habille d&rsquo;\u00e9pure et de simplicit\u00e9 ; \u00e0 un tel point que pour certains, rien ne le pr\u00e9destinait \u00e0 un tel succ\u00e8s. Mais il faut croire que\u00a0Louis Vuitton l&rsquo;a d\u00e9gain\u00e9 au moment o\u00f9 il fallait\u00a0: il n&rsquo;existait alors\u00a0pas de version moderne du sac de shopping polyvalent, permettant \u00e0 la fois<em>\u00a0\u00ab\u00a0d&rsquo;aller \u00e0 la plage,\u00a0travailler, faire les courses, transporter le mat\u00e9riel de b\u00e9b\u00e9.\u00a0\u00bb<\/em> <em>\u00ab\u00a0Le <strong>Neverfull<\/strong> est tout cela combin\u00e9\u00a0\u00bb<\/em>, explique\u00a0Nicholas Knightly, ancien directeur du design de maroquinerie.<\/p>\n<div style=\"text-align:center\">\n<figure class=\"image\" style=\"display:inline-block\"><img decoding=\"async\" alt=\"\" src=\"https:\/\/img-3.journaldesfemmes.fr\/kL7tcKDlphBdRNLNg3ic-iYJrc8=\/450x\/smart\/9f08d226d96a425bbf2990a9a6b55f85\/ccmcms-jdf\/39999221.png\"\/><figcaption data-credit=\"Louis Vuitton\" data-legend=\"Le sac &quot;Neverfull&quot; sign\u00e9 Louis Vuitton, disponible sur le e-shop de la griffe au prix de 1500 euros\">Le sac \u00ab\u00a0Neverfull\u00a0\u00bb sign\u00e9 Louis Vuitton, disponible sur le e-shop de la griffe au prix de 1500 euros <small>\u00a9\u00a0Louis Vuitton<\/small><\/figcaption><\/figure>\n<\/div>\n<p>Loin de reposer sur ses acquis, le label au savoir-faire s\u00e9culaire a d\u00e9cid\u00e9 de r\u00e9inventer ce c\u00e9l\u00e8bre classique. Le it-bag op\u00e8re ainsi un retour fracassant cette ann\u00e9e, dans une version tendance qui ne manque pas d&rsquo;extravagance. S&rsquo;il se pare toujours du \u00ab\u00a0Monogram LV\u00a0\u00bb, il devient totalement r\u00e9versible &#8211; un must pour les modeuses en qu\u00eate de versatilit\u00e9. L&rsquo;int\u00e9rieur du sac peut devenir l&rsquo;ext\u00e9rieur et inversement, selon les humeurs.<\/p>\n<p>Couleur unie ou imprim\u00e9 catchy, coloris sobre ou plus flashy\u2026 Le mod\u00e8le \u00ab\u00a0<em>Neverfull Inside Out\u00a0\u00bb\u00a0<\/em>se d\u00e9cline \u00e0 l&rsquo;infini pour s&rsquo;adapter \u00e0 tous les go\u00fbts et toutes les envies.\u00a0<\/p>\n<div style=\"text-align:center\">\n<figure class=\"image\" style=\"display:inline-block\"><img decoding=\"async\" alt=\"\" src=\"https:\/\/img-3.journaldesfemmes.fr\/rLGNIVL5kwE_h4wfENWnJkp2Z0k=\/450x\/smart\/7cfc55f5c5314bf1ab35de93b70fc26b\/ccmcms-jdf\/39999223.png\"\/><figcaption data-credit=\"Louis Vuitton\" data-legend=\"Le sac &quot;Neverfull Inside Out&quot; de la maison Louis Vuitton, en coloris &quot;Monogramme\/Rose pondich\u00e9ry&quot;, disponible sur le e-shop au prix de 1800 euros\">Le sac \u00ab\u00a0Neverfull Inside Out\u00a0\u00bb de la maison Louis Vuitton, en coloris \u00ab\u00a0Monogramme\/Rose Pondichery\u00a0\u00bb, disponible sur le e-shop au prix de 1800 euros <small>\u00a9\u00a0Louis Vuitton<\/small><\/figcaption><\/figure>\n<\/div>\n<p>Mais pourquoi r\u00e9inventer ce sac iconique s&rsquo;il est aussi prolifique\u00a0? Le secret des maisons de couture\u00a0qui traversent le temps est de se renouveler perp\u00e9tuellement. Le monde de la mode est r\u00e9gi par la dure loi des tendances\u00a0: il faut coller aux besoins et exigences des fashionistas pour s&rsquo;inscrire dans la dur\u00e9e et faire la diff\u00e9rence.<\/p>\n<p>De plus, le Neverfull faisait beaucoup parler depuis l&rsquo;ann\u00e9e pass\u00e9e. Sur TikTok, les jeunes\u00a0ne tarissaient pas d&rsquo;\u00e9loge \u00e0 son sujet, lui pr\u00eatant une r\u00e9versibilit\u00e9 sur laquelle la marque n&rsquo;avait jamais communiqu\u00e9. C&rsquo;est en particulier le compte <em>Luxe Collective<\/em> qui avan\u00e7ait cette astuce mode, copi\u00e9e en masse par les it-girls friandes de nouveaut\u00e9. La gen Z a parl\u00e9\u2026 Louis Vuitton l&rsquo;a donc \u00e9cout\u00e9e. Reste \u00e0 voir si cette version upgrad\u00e9e aura autant de succ\u00e8s.<\/p>\n<\/p><\/div>\n<p>[ad_2]<br \/>\n<br \/><a href=\"https:\/\/www.journaldesfemmes.fr\/mode\/magazine-mode\/3203486-les-fans-de-mode-se-l-arrachent-deja-ce-sac-louis-vuitton-iconique-fait-son-retour-dans-une-version-deux-fois-plus-chic\/\">Source link <\/a><\/p>\n","protected":false},"excerpt":{"rendered":"<p>[ad_1] Katie Holmes, Diane Kruger, Reese Witherspoon\u2026 Toutes les c\u00e9l\u00e9brit\u00e9s ne jurent que par ce sac signature de Louis Vuitton. &hellip; <a href=\"http:\/\/www.affinite.fr\/index.php\/2024\/10\/19\/ce-sac-louis-vuitton-iconique-fait-son-retour-dans-une-version-deux-fois-plus-chic\/\" class=\"more-link\">Plus <span class=\"screen-reader-text\">ce sac Louis Vuitton iconique fait son retour dans une version deux fois plus chic<\/span> <span class=\"meta-nav\">&rarr;<\/span><\/a><\/p>\n","protected":false},"author":1,"featured_media":10880,"comment_status":"","ping_status":"open","sticky":false,"template":"","format":"standard","meta":{"_sitemap_exclude":false,"_sitemap_priority":"","_sitemap_frequency":"","footnotes":""},"categories":[1],"tags":[],"class_list":["post-10879","post","type-post","status-publish","format-standard","has-post-thumbnail","hentry","category-tous"],"_links":{"self":[{"href":"http:\/\/www.affinite.fr\/index.php\/wp-json\/wp\/v2\/posts\/10879"}],"collection":[{"href":"http:\/\/www.affinite.fr\/index.php\/wp-json\/wp\/v2\/posts"}],"about":[{"href":"http:\/\/www.affinite.fr\/index.php\/wp-json\/wp\/v2\/types\/post"}],"author":[{"embeddable":true,"href":"http:\/\/www.affinite.fr\/index.php\/wp-json\/wp\/v2\/users\/1"}],"replies":[{"embeddable":true,"href":"http:\/\/www.affinite.fr\/index.php\/wp-json\/wp\/v2\/comments?post=10879"}],"version-history":[{"count":0,"href":"http:\/\/www.affinite.fr\/index.php\/wp-json\/wp\/v2\/posts\/10879\/revisions"}],"wp:featuredmedia":[{"embeddable":true,"href":"http:\/\/www.affinite.fr\/index.php\/wp-json\/wp\/v2\/media\/10880"}],"wp:attachment":[{"href":"http:\/\/www.affinite.fr\/index.php\/wp-json\/wp\/v2\/media?parent=10879"}],"wp:term":[{"taxonomy":"category","embeddable":true,"href":"http:\/\/www.affinite.fr\/index.php\/wp-json\/wp\/v2\/categories?post=10879"},{"taxonomy":"post_tag","embeddable":true,"href":"http:\/\/www.affinite.fr\/index.php\/wp-json\/wp\/v2\/tags?post=10879"}],"curies":[{"name":"wp","href":"https:\/\/api.w.org\/{rel}","templated":true}]}}