{"id":10861,"date":"2024-10-08T19:10:16","date_gmt":"2024-10-08T19:10:16","guid":{"rendered":"http:\/\/www.affinite.fr\/index.php\/2024\/10\/08\/temoignage-le-cheval-ma-fait-perdre-ma-vie-mais-cest-aussi-lui-qui-me-la-redonnee\/"},"modified":"2024-10-08T19:10:16","modified_gmt":"2024-10-08T19:10:16","slug":"temoignage-le-cheval-ma-fait-perdre-ma-vie-mais-cest-aussi-lui-qui-me-la-redonnee","status":"publish","type":"post","link":"http:\/\/www.affinite.fr\/index.php\/2024\/10\/08\/temoignage-le-cheval-ma-fait-perdre-ma-vie-mais-cest-aussi-lui-qui-me-la-redonnee\/","title":{"rendered":"T\u00e9moignage. \u00ab\u00a0Le cheval m&rsquo;a fait perdre ma vie mais c&rsquo;est aussi lui qui me l&rsquo;a redonn\u00e9e\u00a0\u00bb"},"content":{"rendered":"<p> [ad_1]<br \/>\n<\/p>\n<p>\n                Marie a \u00e9t\u00e9 victime d&rsquo;un tr\u00e8s grave accident de cheval.            <\/p>\n<div>\n<p>Tout commence comme un r\u00eave dans le monde des chevaux, mais c&rsquo;est C\u00e9cile, sa m\u00e8re, qui le\u00a0raconte. Car Marie, 34\u00a0ans, a tout oubli\u00e9 le 19\u00a0f\u00e9vrier 2015\u00a0quand elle est tomb\u00e9e de cheval \u00e0 Wellington, aux \u00c9tats-Unis\u00a0: <em>\u00ab\u00a0Marie avait commenc\u00e9 le cheval \u00e0 6\u00a0ans, une passion familiale, avec une grand-m\u00e8re allemande \u00e9leveuse, moi qui donnais des cours, entre autres le mercredi et le samedi \u00e0 mes quatre enfants. Marie \u00e9tait la plus passionn\u00e9e, au point de devenir championne de France.\u00a0\u00bb<\/em> C&rsquo;est ce qui la conduit aux \u00c9tats-Unis, apr\u00e8s l&rsquo;\u00e9cole des jeunes cavaliers de Saumur, \u00e0 Wellington (Floride), lieu de l&rsquo;accident\u00a0: <em>\u00ab\u00a0Marie entra\u00eenait les chevaux d&rsquo;une cavali\u00e8re olympique de sauts d&rsquo;obstacle. On l&rsquo;a retrouv\u00e9e inanim\u00e9e, le cheval \u00e9tait peut-\u00eatre tomb\u00e9 aussi, sur elle.\u00a0\u00bb<\/em><\/p>\n<figure class=\"image\" style=\"float:right\"><a class=\"fancy\" href=\"https:\/\/img-3.journaldesfemmes.fr\/-LZmGzEMIDdAGHSqRtngeUXX7kY=\/1080x\/smart\/79d5ab9f4b8d4057906fe01e5f1c3d57\/ccmcms-jdf\/39997219.jpg\" target=\"_blank\" rel=\"noopener\"><img decoding=\"async\" alt=\"Marie dans le coma apr\u00e8s son accident de cheval\" src=\"https:\/\/img-3.journaldesfemmes.fr\/yf-NEZ1t-r64FKS7dSJeogMLwm8=\/300x\/smart\/79d5ab9f4b8d4057906fe01e5f1c3d57\/ccmcms-jdf\/39997219.jpg\"\/><\/a><figcaption data-credit=\"Marie\/Journal des Femmes\" data-legend=\"Marie dans le coma apr\u00e8s son accident de cheval\">Marie dans le coma apr\u00e8s son accident de cheval <small>\u00a9\u00a0Marie\/Journal des Femmes<\/small><\/figcaption><\/figure>\n<p>Quand le chirurgien am\u00e9ricain joint C\u00e9cile chez elle en France, pr\u00e8s de Bordeaux, c&rsquo;est pour lui dire que c&rsquo;est<em> \u00ab\u00a0tr\u00e8s grave\u00a0\u00bb<\/em>\u00a0puisque le <a href=\"https:\/\/sante.journaldesfemmes.fr\/fiches-sante-du-quotidien\/2680003-pronostic-vital-engage-reserve-court-terme-cancer-definition-signification-combien-de-temps\/\" title=\"Pronostic vital\">pronostic vital<\/a> est engag\u00e9\u00a0<em>:\u00a0\u00ab\u00a0La certitude est qu&rsquo;elle avait perdu la parole, l&rsquo;audition, la mobilit\u00e9 des jambes, mais elle risquait surtout de perdre la vie \u00e0 cause de la pression intracr\u00e2nienne. Marie avait un \u00e9norme h\u00e9matome \u00e0 gauche\u00a0et\u00a0un caillot \u00e0 droite.\u00a0\u00bb <\/em>Suivent des mois d&rsquo;angoisse pour la m\u00e8re, pas pour la fille\u00a0:<em> \u00ab\u00a0Pour r\u00e9aliser d&rsquo;o\u00f9 je venais, o\u00f9 j&rsquo;en \u00e9tais, j&rsquo;ai mis deux ans. La conscience du traumatis\u00e9 cr\u00e2nien revient par paliers, chiffr\u00e9s de 1\u00a0\u00e0 10\u00a0par les m\u00e9decins\u00a0\u00bb,<\/em> explique Marie, dont l&rsquo;\u00e9locution reste encore difficile aujourd&rsquo;hui.<em>\u00a0\u00ab\u00a0C&rsquo;est comme le corps. Je dicte un mouvement\u00a0mais ma jambe ne suit pas, ce qui me rend fragile, et mon sens de l&rsquo;\u00e9quilibre est totalement perturb\u00e9.\u00a0\u00bb<\/em><\/p>\n<h2>Quatre ans de r\u00e9\u00e9ducation<\/h2>\n<p>Les hospitalisations et le temps de r\u00e9\u00e9ducation en centre vont s&rsquo;\u00e9taler sur 4 ans, aux Etats-Unis gr\u00e2ce \u00e0 la prise en charge en accident du travail\u00a0:<em>\u00a0\u00ab\u00a0Marie \u00e9tait heureusement bien couverte, pr\u00e9cise C\u00e9cile, ce qui nous a permis d&rsquo;aller dans les meilleurs centres, pour le <a href=\"https:\/\/sante.journaldesfemmes.fr\/fiches-maladies\/2627345-traumatisme-cranien-symptomes-surveillance-leger-ou-grave-consequence-definition-choc-tete\/\" title=\"Traumatisme cranien\">traumatisme cr\u00e2nien<\/a> comme dans un centre d&rsquo;aphasie, avec des professionnels adorables et un \u00e9quipement sophistiqu\u00e9, des piscines adapt\u00e9es, une combinaison qui stimule les sensations neurologiques, puis de l&rsquo;\u00e9quith\u00e9rapie.\u00a0\u00bb <\/em>Renouer avec le cheval, une id\u00e9e de C\u00e9cile \u00e0 qui les m\u00e9decins ont conseill\u00e9 de rapprocher Marie de ce qui la stimule. Si la jeune fille a tout oubli\u00e9, elle a en revanche instinctivement un penchant pour ce qu&rsquo;elle a d\u00e9j\u00e0 connu, et le cheval \u00e9tait toute sa vie.<\/p>\n<p>C\u00e9cile a tir\u00e9 un trait sur sa vie fran\u00e7aise pour stimuler Marie du matin au soir sept jours sur sept, en s&rsquo;installant \u00e0 proximit\u00e9. P\u00e8re, fr\u00e8res et s\u0153urs, cousins, se succ\u00e8dent dans les centres \u00e0 son chevet, C\u00e9cile fait les deux heures de trajet pour le centre o\u00f9 Marie retrouve un peu la magie de sa passion, sans parler encore, en fauteuil roulant, sujette \u00e0 des crises d&rsquo;\u00e9pilepsie\u00a0: <em>\u00ab\u00a0Je lui apprenais aussi bien \u00e0 tenir une fourchette qu&rsquo;\u00e0 reconstruire sa musculation et retrouver sa coordination sur le cheval, l&rsquo;encourageant comme on le fait pour une enfant\u00a0: \u00ab\u00a0C&rsquo;est bien Marie, bravo\u00a0!\u00a0\u00bb.\u00a0\u00bb<\/em>\u00a0Apr\u00e8s cinq ans d&rsquo;une patience d&rsquo;ange et arm\u00e9e d&rsquo;une foi hors du commun, les progr\u00e8s sont l\u00e0, et C\u00e9cile a une id\u00e9e\u00a0:<em> \u00ab\u00a0Et si Marie faisait du para-dressage\u00a0?\u00a0\u00bb<\/em><\/p>\n<h2>Remonter \u00e0 cheval gr\u00e2ce au para-dressage<\/h2>\n<figure class=\"image\" style=\"float:right\"><a class=\"fancy\" href=\"https:\/\/img-3.journaldesfemmes.fr\/wiU8UdgbaRM6eju-jk2-4Ad04p8=\/1080x\/smart\/c4fc1b3c3172464d86d7ceb2c62529e7\/ccmcms-jdf\/39997211.jpg\" target=\"_blank\" rel=\"noopener\"><img decoding=\"async\" alt=\"Para-dressage\" src=\"https:\/\/img-3.journaldesfemmes.fr\/NcrcASNNRhjBxs3k5X_Ke7nQsG8=\/300x\/smart\/c4fc1b3c3172464d86d7ceb2c62529e7\/ccmcms-jdf\/39997211.jpg\"\/><\/a><figcaption data-credit=\"Marie\/Journal des Femmes\" data-legend=\"Marie pendant le para-dressage\">Marie pendant le para-dressage <small>\u00a9\u00a0Marie\/Journal des Femmes<\/small><\/figcaption><\/figure>\n<p>L&rsquo;\u00e9quipe am\u00e9ricaine de para-dressage (\u00e9quitation pour cavalier handicap\u00e9) lui a imm\u00e9diatement ouvert les bras, en lui pr\u00eatant un cheval et tous les gestes oubli\u00e9s sont revenus, petit \u00e0 petit. En quelques mois, Marie a trouv\u00e9 sa place dans le top 5, de quoi envisager une participation aux JO de Paris 2024. Relever des d\u00e9fis l&rsquo;a toujours motiv\u00e9e et le cheval est plus que jamais son meilleur ami\u00a0<em>: \u00ab\u00a0Quand je suis sur un cheval, valide ou pas, c&rsquo;est pareil. Il est mes jambes.\u00a0\u00bb<\/em> Apr\u00e8s un dur entra\u00eenement, Marie a fait son retour en France en avril 2024 avec Bomba Stic d&rsquo;Arion, un m\u00e2le de 11 ans qu&rsquo;elle monte avec les pieds \u00e9lastiqu\u00e9s dans les \u00e9triers, pour \u00e9viter tout \u00e9cart, une selle am\u00e9nag\u00e9e sur mesure en fonction de ses faiblesses, des r\u00eanes avec des rep\u00e8res. Ce cheval fran\u00e7ais, \u00ab\u00a0rencontr\u00e9\u00a0\u00bb en 2020\u00a0lors d&rsquo;un passage en France, est devenu son bin\u00f4me. Qualifi\u00e9e comme suppl\u00e9ante pour les Jeux paralympiques, Marie n&rsquo;a pas concouru sur le devant de la sc\u00e8ne, mais elle en a partag\u00e9 toutes les \u00e9motions, reconnue internationalement comme athl\u00e8te de haut niveau.<\/p>\n<p>Et ce n&rsquo;est sans doute qu&rsquo;un au revoir\u00a0: <em>\u00ab\u00a0L\u00e0, on se pose un peu, <\/em>expliquent-elles en ch\u0153ur. <em>Pour faire le point.\u00a0\u00bb <\/em>Mais les JO 2028\u00a0se d\u00e9roulant dans le pays o\u00f9 <a href=\"https:\/\/www.instagram.com\/marievdh2024\/\" target=\"_blank\" rel=\"noopener\">Marie<\/a> a failli perdre la vie, avant de la retrouver, ce serait tout un symbole. L&rsquo;essentiel est que les progr\u00e8s continuent, sur le plan de la parole, de la coordination, de la joie de vivre aussi, gr\u00e2ce \u00e0 sa famille, sa m\u00e8re en t\u00eate, et \u00e0 son cher cheval.<\/p>\n<\/p><\/div>\n<p><script async defer src=\"https:\/\/platform.instagram.com\/en_US\/embeds.js\"><\/script><br \/>\n<br \/>[ad_2]<br \/>\n<br \/><a href=\"https:\/\/sante.journaldesfemmes.fr\/quotidien\/3201932-temoignage-le-cheval-m-a-fait-perdre-ma-vie-mais-c-est-aussi-lui-qui-me-l-a-redonnee\/\">Source link <\/a><\/p>\n","protected":false},"excerpt":{"rendered":"<p>[ad_1] Marie a \u00e9t\u00e9 victime d&rsquo;un tr\u00e8s grave accident de cheval. Tout commence comme un r\u00eave dans le monde des &hellip; <a href=\"http:\/\/www.affinite.fr\/index.php\/2024\/10\/08\/temoignage-le-cheval-ma-fait-perdre-ma-vie-mais-cest-aussi-lui-qui-me-la-redonnee\/\" class=\"more-link\">Plus <span class=\"screen-reader-text\">T\u00e9moignage. \u00ab\u00a0Le cheval m&rsquo;a fait perdre ma vie mais c&rsquo;est aussi lui qui me l&rsquo;a redonn\u00e9e\u00a0\u00bb<\/span> <span class=\"meta-nav\">&rarr;<\/span><\/a><\/p>\n","protected":false},"author":1,"featured_media":10862,"comment_status":"","ping_status":"open","sticky":false,"template":"","format":"standard","meta":{"_sitemap_exclude":false,"_sitemap_priority":"","_sitemap_frequency":"","footnotes":""},"categories":[1],"tags":[],"class_list":["post-10861","post","type-post","status-publish","format-standard","has-post-thumbnail","hentry","category-tous"],"_links":{"self":[{"href":"http:\/\/www.affinite.fr\/index.php\/wp-json\/wp\/v2\/posts\/10861"}],"collection":[{"href":"http:\/\/www.affinite.fr\/index.php\/wp-json\/wp\/v2\/posts"}],"about":[{"href":"http:\/\/www.affinite.fr\/index.php\/wp-json\/wp\/v2\/types\/post"}],"author":[{"embeddable":true,"href":"http:\/\/www.affinite.fr\/index.php\/wp-json\/wp\/v2\/users\/1"}],"replies":[{"embeddable":true,"href":"http:\/\/www.affinite.fr\/index.php\/wp-json\/wp\/v2\/comments?post=10861"}],"version-history":[{"count":0,"href":"http:\/\/www.affinite.fr\/index.php\/wp-json\/wp\/v2\/posts\/10861\/revisions"}],"wp:featuredmedia":[{"embeddable":true,"href":"http:\/\/www.affinite.fr\/index.php\/wp-json\/wp\/v2\/media\/10862"}],"wp:attachment":[{"href":"http:\/\/www.affinite.fr\/index.php\/wp-json\/wp\/v2\/media?parent=10861"}],"wp:term":[{"taxonomy":"category","embeddable":true,"href":"http:\/\/www.affinite.fr\/index.php\/wp-json\/wp\/v2\/categories?post=10861"},{"taxonomy":"post_tag","embeddable":true,"href":"http:\/\/www.affinite.fr\/index.php\/wp-json\/wp\/v2\/tags?post=10861"}],"curies":[{"name":"wp","href":"https:\/\/api.w.org\/{rel}","templated":true}]}}