{"id":10855,"date":"2024-10-06T19:08:36","date_gmt":"2024-10-06T19:08:36","guid":{"rendered":"https:\/\/www.affinite.fr\/index.php\/2024\/10\/06\/moins-de-bazar-et-plus-de-lumiere-pour-cet-appartement-familial\/"},"modified":"2024-10-06T19:08:36","modified_gmt":"2024-10-06T19:08:36","slug":"moins-de-bazar-et-plus-de-lumiere-pour-cet-appartement-familial","status":"publish","type":"post","link":"http:\/\/www.affinite.fr\/index.php\/2024\/10\/06\/moins-de-bazar-et-plus-de-lumiere-pour-cet-appartement-familial\/","title":{"rendered":"moins de bazar et plus de lumi\u00e8re pour cet appartement familial"},"content":{"rendered":"<p> [ad_1]<br \/>\n<br \/><img decoding=\"async\" src=\"https:\/\/img-3.journaldesfemmes.fr\/Lz6rzln2WD1JV1A7suhkKKRy1iE=\/1280x\/smart\/4ce8faf2b20e4eb89106acf19b6d7e52\/ccmcms-jdf\/39994602.jpg\" \/><\/p>\n<div style=\"padding:10px;\" data-length=\"1338\">\n        <em><strong>Avant m\u00eame de d\u00e9m\u00e9nager dans ce bel haussmannien de 120\u00a0m\u00b2, ses nouveaux propri\u00e9taires \u00e9taient d\u00e9j\u00e0 conquis, mais il y avait fort \u00e0 faire. C&rsquo;est en faisant appel \u00e0 l&rsquo;architecte Dario Mucedda, du Cabinet 2D, qu&rsquo;ils ont pu r\u00e9aliser leur r\u00eave\u00a0: un int\u00e9rieur \u00e0 l&rsquo;\u00e9l\u00e9gance minimaliste dans lequel ils allaient pouvoir mettre en valeur leurs pi\u00e8ces de collection.<\/strong><\/em><br \/>\nIl aura fallu quatre bons mois pour venir \u00e0 bout de cette r\u00e9novation compl\u00e8te.\u00a0Le but ?\u00a0Passer d&rsquo;un lieu de vie divis\u00e9 et incoh\u00e9rent \u00e0 un grand T5\u00a0o\u00f9 la lumi\u00e8re se balade de pi\u00e8ce en pi\u00e8ce. Seules les chambres d&rsquo;enfants et leur salle d&rsquo;eau adjacente sont rest\u00e9es \u00e0 la m\u00eame place quand le reste de l&rsquo;appartement a subi un vrai lifting pour r\u00e9pondre aux envies des clients\u00a0: <em>\u00ab\u00a0un style Jacquemus \u00e9pur\u00e9 avec une pointe de sud\u00a0\u00bb<\/em>, comme nous l&rsquo;a traduit l&rsquo;architecte Dario Mucedda. D\u00e9couverte en images.<\/p>\n<p><small>\u00a9\u00a0Alexandra Meurant\/Cabinet 2D<\/small>\n    <\/div>\n<p>[ad_2]<br \/>\n<br \/><a href=\"https:\/\/deco.journaldesfemmes.fr\/reportages-deco-et-visites-privees\/3198838-avant-apres-moins-de-bazar-et-plus-de-lumiere-pour-cet-appartement-familial\/\">Source link <\/a><\/p>\n","protected":false},"excerpt":{"rendered":"<p>[ad_1] Avant m\u00eame de d\u00e9m\u00e9nager dans ce bel haussmannien de 120\u00a0m\u00b2, ses nouveaux propri\u00e9taires \u00e9taient d\u00e9j\u00e0 conquis, mais il y &hellip; <a href=\"http:\/\/www.affinite.fr\/index.php\/2024\/10\/06\/moins-de-bazar-et-plus-de-lumiere-pour-cet-appartement-familial\/\" class=\"more-link\">Plus <span class=\"screen-reader-text\">moins de bazar et plus de lumi\u00e8re pour cet appartement familial<\/span> <span class=\"meta-nav\">&rarr;<\/span><\/a><\/p>\n","protected":false},"author":1,"featured_media":10856,"comment_status":"","ping_status":"open","sticky":false,"template":"","format":"standard","meta":{"_sitemap_exclude":false,"_sitemap_priority":"","_sitemap_frequency":"","footnotes":""},"categories":[1],"tags":[],"class_list":["post-10855","post","type-post","status-publish","format-standard","has-post-thumbnail","hentry","category-tous"],"_links":{"self":[{"href":"http:\/\/www.affinite.fr\/index.php\/wp-json\/wp\/v2\/posts\/10855"}],"collection":[{"href":"http:\/\/www.affinite.fr\/index.php\/wp-json\/wp\/v2\/posts"}],"about":[{"href":"http:\/\/www.affinite.fr\/index.php\/wp-json\/wp\/v2\/types\/post"}],"author":[{"embeddable":true,"href":"http:\/\/www.affinite.fr\/index.php\/wp-json\/wp\/v2\/users\/1"}],"replies":[{"embeddable":true,"href":"http:\/\/www.affinite.fr\/index.php\/wp-json\/wp\/v2\/comments?post=10855"}],"version-history":[{"count":0,"href":"http:\/\/www.affinite.fr\/index.php\/wp-json\/wp\/v2\/posts\/10855\/revisions"}],"wp:featuredmedia":[{"embeddable":true,"href":"http:\/\/www.affinite.fr\/index.php\/wp-json\/wp\/v2\/media\/10856"}],"wp:attachment":[{"href":"http:\/\/www.affinite.fr\/index.php\/wp-json\/wp\/v2\/media?parent=10855"}],"wp:term":[{"taxonomy":"category","embeddable":true,"href":"http:\/\/www.affinite.fr\/index.php\/wp-json\/wp\/v2\/categories?post=10855"},{"taxonomy":"post_tag","embeddable":true,"href":"http:\/\/www.affinite.fr\/index.php\/wp-json\/wp\/v2\/tags?post=10855"}],"curies":[{"name":"wp","href":"https:\/\/api.w.org\/{rel}","templated":true}]}}