{"id":10839,"date":"2024-09-30T18:58:08","date_gmt":"2024-09-30T18:58:08","guid":{"rendered":"https:\/\/www.affinite.fr\/index.php\/2024\/09\/30\/levolution-des-looks-beaute-elegants-et-raffines-de-marion-cotillard-licone-francaise\/"},"modified":"2024-09-30T18:58:08","modified_gmt":"2024-09-30T18:58:08","slug":"levolution-des-looks-beaute-elegants-et-raffines-de-marion-cotillard-licone-francaise","status":"publish","type":"post","link":"http:\/\/www.affinite.fr\/index.php\/2024\/09\/30\/levolution-des-looks-beaute-elegants-et-raffines-de-marion-cotillard-licone-francaise\/","title":{"rendered":"L&rsquo;\u00e9volution des looks beaut\u00e9 \u00e9l\u00e9gants et raffin\u00e9s de Marion Cotillard, l&rsquo;ic\u00f4ne fran\u00e7aise"},"content":{"rendered":"<p> [ad_1]<br \/>\n<br \/><img decoding=\"async\" src=\"https:\/\/img-3.journaldesfemmes.fr\/xA3BjHxekXTs5ojcY84i-HVZXSo=\/1280x\/smart\/17920a553e324022b62b3f35120db2e6\/ccmcms-jdf\/39994092.jpg\" \/><\/p>\n<div style=\"padding:10px;\" data-length=\"548\">\n        <meta charset=\"utf-8\"\/><strong>Chaque occasion est unique, Marion Cotillard l&rsquo;a bien compris. Visage iconique du Chanel N\u00b05, la \u00ab\u00a0m\u00f4me\u00a0\u00bb du cin\u00e9ma fran\u00e7ais ne cesse de nous surprendre avec ses looks\u00a0! Voici un aper\u00e7u de ses nombreuses mises en beaut\u00e9.<\/strong><\/p>\n<p>Marion Cotillard a<b> <\/b>os\u00e9 la coupe mulet associ\u00e9e \u00e0 la frange lors de la 49\u00e8me c\u00e9r\u00e9monie des C\u00e9sar, vendredi 23\u00a0f\u00e9vrier 2024. Le moins qu&rsquo;on puisse dire, c&rsquo;est que \u00e7a lui va parfaitement bien\u00a0!<br \/>\n        <br \/><small>\u00a9\u00a0Castel Franck\/ABACA<\/small>\n    <\/p>\n<\/div>\n<p>[ad_2]<br \/>\n<br \/><a href=\"https:\/\/www.journaldesfemmes.fr\/beaute\/beaute-de-stars\/1951725-look-marion-cotillard\/\">Source link <\/a><\/p>\n","protected":false},"excerpt":{"rendered":"<p>[ad_1] Chaque occasion est unique, Marion Cotillard l&rsquo;a bien compris. Visage iconique du Chanel N\u00b05, la \u00ab\u00a0m\u00f4me\u00a0\u00bb du cin\u00e9ma fran\u00e7ais &hellip; <a href=\"http:\/\/www.affinite.fr\/index.php\/2024\/09\/30\/levolution-des-looks-beaute-elegants-et-raffines-de-marion-cotillard-licone-francaise\/\" class=\"more-link\">Plus <span class=\"screen-reader-text\">L&rsquo;\u00e9volution des looks beaut\u00e9 \u00e9l\u00e9gants et raffin\u00e9s de Marion Cotillard, l&rsquo;ic\u00f4ne fran\u00e7aise<\/span> <span class=\"meta-nav\">&rarr;<\/span><\/a><\/p>\n","protected":false},"author":1,"featured_media":10840,"comment_status":"","ping_status":"open","sticky":false,"template":"","format":"standard","meta":{"_sitemap_exclude":false,"_sitemap_priority":"","_sitemap_frequency":"","footnotes":""},"categories":[1],"tags":[],"class_list":["post-10839","post","type-post","status-publish","format-standard","has-post-thumbnail","hentry","category-tous"],"_links":{"self":[{"href":"http:\/\/www.affinite.fr\/index.php\/wp-json\/wp\/v2\/posts\/10839"}],"collection":[{"href":"http:\/\/www.affinite.fr\/index.php\/wp-json\/wp\/v2\/posts"}],"about":[{"href":"http:\/\/www.affinite.fr\/index.php\/wp-json\/wp\/v2\/types\/post"}],"author":[{"embeddable":true,"href":"http:\/\/www.affinite.fr\/index.php\/wp-json\/wp\/v2\/users\/1"}],"replies":[{"embeddable":true,"href":"http:\/\/www.affinite.fr\/index.php\/wp-json\/wp\/v2\/comments?post=10839"}],"version-history":[{"count":0,"href":"http:\/\/www.affinite.fr\/index.php\/wp-json\/wp\/v2\/posts\/10839\/revisions"}],"wp:featuredmedia":[{"embeddable":true,"href":"http:\/\/www.affinite.fr\/index.php\/wp-json\/wp\/v2\/media\/10840"}],"wp:attachment":[{"href":"http:\/\/www.affinite.fr\/index.php\/wp-json\/wp\/v2\/media?parent=10839"}],"wp:term":[{"taxonomy":"category","embeddable":true,"href":"http:\/\/www.affinite.fr\/index.php\/wp-json\/wp\/v2\/categories?post=10839"},{"taxonomy":"post_tag","embeddable":true,"href":"http:\/\/www.affinite.fr\/index.php\/wp-json\/wp\/v2\/tags?post=10839"}],"curies":[{"name":"wp","href":"https:\/\/api.w.org\/{rel}","templated":true}]}}