{"id":10797,"date":"2024-09-16T18:02:34","date_gmt":"2024-09-16T18:02:34","guid":{"rendered":"https:\/\/www.affinite.fr\/index.php\/2024\/09\/16\/ikea-veut-vous-aider-a-passer-une-bonne-nuit-sans-vous-ruiner\/"},"modified":"2024-09-16T18:02:34","modified_gmt":"2024-09-16T18:02:34","slug":"ikea-veut-vous-aider-a-passer-une-bonne-nuit-sans-vous-ruiner","status":"publish","type":"post","link":"http:\/\/www.affinite.fr\/index.php\/2024\/09\/16\/ikea-veut-vous-aider-a-passer-une-bonne-nuit-sans-vous-ruiner\/","title":{"rendered":"IKEA veut vous aider \u00e0 passer une bonne nuit sans vous ruiner"},"content":{"rendered":"<p> [ad_1]<br \/>\n<br \/><img decoding=\"async\" src=\"https:\/\/img-3.journaldesfemmes.fr\/QmxhNriFe8-uXymT0sk74A5xEBY=\/1280x\/smart\/0f30a4aa77984786b063990b212568fe\/ccmcms-jdf\/39993093.jpg\" \/><\/p>\n<p>\n                Et si IKEA vous aidait \u00e0 am\u00e9liorer votre sommeil\u00a0? Le g\u00e9ant su\u00e9dois est convaincu qu&rsquo;il a toutes les cl\u00e9s en main pour que vous passiez de bonnes nuits.            <\/p>\n<div>\n<p>\u00ab\u00a0R\u00e9veillez-vous, il est temps de bien dormir\u00a0!\u00a0\u00bb Voici le nouveau mantra d&rsquo;IKEA \u00e0 l&rsquo;heure de l&rsquo;ouverture de son tout nouveau magasin Place d&rsquo;Italie \u00e0 Paris.\u00a0Et avant de poser ses valises, l&rsquo;enseigne est all\u00e9e \u00e0 la rencontre des Fran\u00e7ais pour mieux comprendre leurs besoins et leur apporter des solutions.\u00a0Pour cette rentr\u00e9e en fanfare, c&rsquo;est la chambre qui a attir\u00e9 toute leur attention.\u00a0Plus d&rsquo;un million\u00a0de matelas IKEA sont vendus en France chaque ann\u00e9e, mais pour la marque, le constat est clair : ce n&rsquo;est pas qu&rsquo;une question de literie.\u00a0Pour bien dormir, il faut aller plus loin et tout le n\u00e9cessaire est dans les all\u00e9es de leurs magasins \u00e0 prix accessible. On vous explique.<\/p>\n<p>Si les Fran\u00e7ais font beaucoup d&rsquo;effort pour rendre leur salon agr\u00e9able et id\u00e9al pour recevoir, la chambre, le lieu le plus intime,\u00a0est bien souvent le parent pauvre de la maison.\u00a0Dissiper le myst\u00e8re autour du sommeil et am\u00e9liorer sa qualit\u00e9 pour le plus grand nombre sont des priorit\u00e9s pour IKEA et c&rsquo;est dans la chambre dans sa globalit\u00e9 que l&rsquo;enseigne vous accompagne.\u00a0L&rsquo;id\u00e9e ?\u00a0Cr\u00e9er un v\u00e9ritable \u00e9cosyst\u00e8me qui r\u00e9ponde aux besoins de chacun \u00e0 travers six facteurs essentiels pour une bonne nuit de sommeil.\u00a0<\/p>\n<p>Concr\u00e8tement, le g\u00e9ant su\u00e9dois vous invite \u00e0 vous pencher sur les points qui feront de votre chambre un lieu favorable au repos, mais \u00e9galement un espace qui soit suffisamment \u00e9nergisant pour vous offrir une meilleure vie.\u00a0Selon eux, le confort,\u00a0la lumi\u00e8re,<br \/>la temp\u00e9rature, le son, la qualit\u00e9 de l&rsquo;air et le rangement sont les \u00e9l\u00e9ments qui jouent un r\u00f4le majeur dans la qualit\u00e9 du sommeil. S&rsquo;il est capital de s&rsquo;offrir une bonne literie, ce n&rsquo;est pas tout ! Il est aussi important de ne pas \u00eatre d\u00e9rang\u00e9 par la lumi\u00e8re ou le bruit en adoptant des rideaux occultants et isolants des bruits ext\u00e9rieurs.\u00a0Le confort thermique se r\u00e9v\u00e8le aussi capital, \u00e9t\u00e9 comme hiver, et IKEA propose en ce sens les solutions pour rafraichir le matelas ou bien se r\u00e9chauffer. Enfin, l&rsquo;enseigne en est convaincue, dormir dans le bazar, ce n&rsquo;est pas tr\u00e8s bon et il est essentiel d&rsquo;apporter des solutions de rangement pour d\u00e9sencombrer l&rsquo;espace et s&rsquo;y sentir mieux.\u00a0La personnalisation de la chambre est la cl\u00e9 du bien-\u00eatre.<\/p>\n<p>Pour illustrer son engagement autour de la chambre et du sommeil, IKEA a fait appel au studio de design ZYVA.\u00a0Le fondateur,\u00a0Anthony Authi\u00e9, livre alors sa chambre id\u00e9ale en revisitant les produits iconiques de l&rsquo;enseigne (voir photo en d\u00e9but d&rsquo;article).\u00a0La preuve qu&rsquo;une chambre de 7m\u00b2 peut devenir bien plus qu&rsquo;un lieu pragmatique o\u00f9 dormir et devenir un v\u00e9ritable r\u00eave.<\/p>\n<\/p><\/div>\n<p>[ad_2]<br \/>\n<br \/><a href=\"https:\/\/deco.journaldesfemmes.fr\/chambre\/3198880-il-ne-suffit-pas-d-un-bon-matelas-et-d-un-oreiller-ikea-veut-vous-aider-a-passer-une-bonne-nuit\/\">Source link <\/a><\/p>\n","protected":false},"excerpt":{"rendered":"<p>[ad_1] Et si IKEA vous aidait \u00e0 am\u00e9liorer votre sommeil\u00a0? Le g\u00e9ant su\u00e9dois est convaincu qu&rsquo;il a toutes les cl\u00e9s &hellip; <a href=\"http:\/\/www.affinite.fr\/index.php\/2024\/09\/16\/ikea-veut-vous-aider-a-passer-une-bonne-nuit-sans-vous-ruiner\/\" class=\"more-link\">Plus <span class=\"screen-reader-text\">IKEA veut vous aider \u00e0 passer une bonne nuit sans vous ruiner<\/span> <span class=\"meta-nav\">&rarr;<\/span><\/a><\/p>\n","protected":false},"author":1,"featured_media":10798,"comment_status":"","ping_status":"open","sticky":false,"template":"","format":"standard","meta":{"_sitemap_exclude":false,"_sitemap_priority":"","_sitemap_frequency":"","footnotes":""},"categories":[1],"tags":[],"class_list":["post-10797","post","type-post","status-publish","format-standard","has-post-thumbnail","hentry","category-tous"],"_links":{"self":[{"href":"http:\/\/www.affinite.fr\/index.php\/wp-json\/wp\/v2\/posts\/10797"}],"collection":[{"href":"http:\/\/www.affinite.fr\/index.php\/wp-json\/wp\/v2\/posts"}],"about":[{"href":"http:\/\/www.affinite.fr\/index.php\/wp-json\/wp\/v2\/types\/post"}],"author":[{"embeddable":true,"href":"http:\/\/www.affinite.fr\/index.php\/wp-json\/wp\/v2\/users\/1"}],"replies":[{"embeddable":true,"href":"http:\/\/www.affinite.fr\/index.php\/wp-json\/wp\/v2\/comments?post=10797"}],"version-history":[{"count":0,"href":"http:\/\/www.affinite.fr\/index.php\/wp-json\/wp\/v2\/posts\/10797\/revisions"}],"wp:featuredmedia":[{"embeddable":true,"href":"http:\/\/www.affinite.fr\/index.php\/wp-json\/wp\/v2\/media\/10798"}],"wp:attachment":[{"href":"http:\/\/www.affinite.fr\/index.php\/wp-json\/wp\/v2\/media?parent=10797"}],"wp:term":[{"taxonomy":"category","embeddable":true,"href":"http:\/\/www.affinite.fr\/index.php\/wp-json\/wp\/v2\/categories?post=10797"},{"taxonomy":"post_tag","embeddable":true,"href":"http:\/\/www.affinite.fr\/index.php\/wp-json\/wp\/v2\/tags?post=10797"}],"curies":[{"name":"wp","href":"https:\/\/api.w.org\/{rel}","templated":true}]}}