{"id":10785,"date":"2024-09-12T17:56:22","date_gmt":"2024-09-12T17:56:22","guid":{"rendered":"https:\/\/www.affinite.fr\/index.php\/2024\/09\/12\/a-54-ans-claudia-schiffer-prend-la-pose-avec-sa-fille-de-19-ans\/"},"modified":"2024-09-12T17:56:22","modified_gmt":"2024-09-12T17:56:22","slug":"a-54-ans-claudia-schiffer-prend-la-pose-avec-sa-fille-de-19-ans","status":"publish","type":"post","link":"http:\/\/www.affinite.fr\/index.php\/2024\/09\/12\/a-54-ans-claudia-schiffer-prend-la-pose-avec-sa-fille-de-19-ans\/","title":{"rendered":"A 54\u00a0ans, Claudia Schiffer prend la pose avec sa fille de 19\u00a0ans"},"content":{"rendered":"<p> [ad_1]<br \/>\n<br \/><img decoding=\"async\" src=\"https:\/\/img-3.journaldesfemmes.fr\/Mj3YJ9Y4lcf2i56t8f8H2_dlDKU=\/1280x\/smart\/93608940c8cc4952873ff97c58d631e7\/ccmcms-jdf\/39992382.jpg\" \/><\/p>\n<p>\n                M\u00eame forme de visage, cheveux blonds extra longs et beaut\u00e9 \u00e9l\u00e9gante\u00a0: Claudia Schiffer et Clementine Vaughn sont des copies conformes. Focus sur leur ressemblance frappante sur la couverture de ce grand magazine.            <\/p>\n<div>\n<p>Pour le magazine <em>Pop<\/em>, Claudia Schiffer a pos\u00e9 aux c\u00f4t\u00e9s de sa fille Clementine Vaughn. Les internautes semblent voir double et saluent leur beaut\u00e9 \u00e9th\u00e9r\u00e9e. Quels sont les secrets jeunesse de Claudia Schiffer\u00a0? Alors que Christy Turlington a r\u00e9cemment d\u00e9fil\u00e9 aux c\u00f4t\u00e9s de sa fille Grace Burns, c&rsquo;est au tour d&rsquo;une autre Supermodel des ann\u00e9es 90\u00a0de mettre en lumi\u00e8re sa fille. Claudia Schiffer fait la couverture de ce magazine avec Clementine, issue de son mariage avec le r\u00e9alisateur Matthew Vaughn. Et leurs similitudes sont \u00e9videntes. \u00ab\u00a0<em>On dirait des s\u0153urs<\/em>\u00ab\u00a0, <em>\u00ab\u00a0vous \u00eates si belles ensemble\u00a0\u00bb<\/em>, \u00ab\u00a0<em>c&rsquo;est incroyable \u00e0 quel point elles sont magnifiques<\/em>\u00ab\u00a0, ou encore \u00ab\u00a0<em>c&rsquo;est \u00e9vident qu&rsquo;elle tient sa beaut\u00e9 de sa m\u00e8re<\/em>\u00a0\u00bb font partie des compliments r\u00e9colt\u00e9s par Claudia Schiffer qui a publi\u00e9 la Une sur son compte Instagram. Alors qu&rsquo;elle a toutes les cl\u00e9s pour devenir un mannequin \u00e0 succ\u00e8s comme sa m\u00e8re, Clementine Vaughn pr\u00e9f\u00e8re rester discr\u00e8te dans la vie m\u00e9diatique et se tourner vers le cin\u00e9ma.<\/p>\n<p>\u00c0 l&rsquo;\u00e2ge de 54\u00a0ans, Claudia Schiffer rivalise de\u00a0beaut\u00e9 avec sa fille de 19\u00a0ans. Pour ce faire, elle suit une routine beaut\u00e9 rudement efficace. Dans une interview pour <em>ELLE<\/em>, la blonde avouait se tourner vers des ingr\u00e9dients naturels. \u00ab\u00a0J&rsquo;utilise des produits de beaut\u00e9 propres et \u00e9cologiques. [&#8230;] Ce que vous donnez \u00e0 votre corps a un impact sur votre peau, qui est un organe puissant et tr\u00e8s actif. Vos yeux et votre peau sont le miroir de votre sant\u00e9\u00a0: mentale et physique\u00a0\u00bb, a-t-elle d\u00e9clar\u00e9.<\/p>\n<p>C\u00f4t\u00e9 alimentation, celle qui est n\u00e9e en Allemagne aime \u00ab\u00a0r\u00e9duire les glucides et le sucre en privil\u00e9giant les prot\u00e9ines et les l\u00e9gumes. Pareil pour les produits laitiers et le bl\u00e9\u00a0\u00bb, a-t-elle confi\u00e9. De quoi pr\u00e9server avec brio son capital jeunesse.<\/p>\n<\/p><\/div>\n<p>[ad_2]<br \/>\n<br \/><a href=\"https:\/\/www.journaldesfemmes.fr\/beaute\/magazine\/3198306-a-54-ans-claudia-schiffer-prend-la-pose-avec-sa-fille-de-19-ans-elles-se-ressemblent-comme-deux-gouttes-d-eau\/\">Source link <\/a><\/p>\n","protected":false},"excerpt":{"rendered":"<p>[ad_1] M\u00eame forme de visage, cheveux blonds extra longs et beaut\u00e9 \u00e9l\u00e9gante\u00a0: Claudia Schiffer et Clementine Vaughn sont des copies &hellip; <a href=\"http:\/\/www.affinite.fr\/index.php\/2024\/09\/12\/a-54-ans-claudia-schiffer-prend-la-pose-avec-sa-fille-de-19-ans\/\" class=\"more-link\">Plus <span class=\"screen-reader-text\">A 54\u00a0ans, Claudia Schiffer prend la pose avec sa fille de 19\u00a0ans<\/span> <span class=\"meta-nav\">&rarr;<\/span><\/a><\/p>\n","protected":false},"author":1,"featured_media":10786,"comment_status":"","ping_status":"open","sticky":false,"template":"","format":"standard","meta":{"_sitemap_exclude":false,"_sitemap_priority":"","_sitemap_frequency":"","footnotes":""},"categories":[1],"tags":[],"class_list":["post-10785","post","type-post","status-publish","format-standard","has-post-thumbnail","hentry","category-tous"],"_links":{"self":[{"href":"http:\/\/www.affinite.fr\/index.php\/wp-json\/wp\/v2\/posts\/10785"}],"collection":[{"href":"http:\/\/www.affinite.fr\/index.php\/wp-json\/wp\/v2\/posts"}],"about":[{"href":"http:\/\/www.affinite.fr\/index.php\/wp-json\/wp\/v2\/types\/post"}],"author":[{"embeddable":true,"href":"http:\/\/www.affinite.fr\/index.php\/wp-json\/wp\/v2\/users\/1"}],"replies":[{"embeddable":true,"href":"http:\/\/www.affinite.fr\/index.php\/wp-json\/wp\/v2\/comments?post=10785"}],"version-history":[{"count":0,"href":"http:\/\/www.affinite.fr\/index.php\/wp-json\/wp\/v2\/posts\/10785\/revisions"}],"wp:featuredmedia":[{"embeddable":true,"href":"http:\/\/www.affinite.fr\/index.php\/wp-json\/wp\/v2\/media\/10786"}],"wp:attachment":[{"href":"http:\/\/www.affinite.fr\/index.php\/wp-json\/wp\/v2\/media?parent=10785"}],"wp:term":[{"taxonomy":"category","embeddable":true,"href":"http:\/\/www.affinite.fr\/index.php\/wp-json\/wp\/v2\/categories?post=10785"},{"taxonomy":"post_tag","embeddable":true,"href":"http:\/\/www.affinite.fr\/index.php\/wp-json\/wp\/v2\/tags?post=10785"}],"curies":[{"name":"wp","href":"https:\/\/api.w.org\/{rel}","templated":true}]}}