{"id":10775,"date":"2024-09-07T17:38:39","date_gmt":"2024-09-07T17:38:39","guid":{"rendered":"https:\/\/www.affinite.fr\/index.php\/2024\/09\/07\/a-61-ans-philippine-leroy-beaulieu-est-au-summum-du-chic\/"},"modified":"2024-09-07T17:38:39","modified_gmt":"2024-09-07T17:38:39","slug":"a-61-ans-philippine-leroy-beaulieu-est-au-summum-du-chic","status":"publish","type":"post","link":"http:\/\/www.affinite.fr\/index.php\/2024\/09\/07\/a-61-ans-philippine-leroy-beaulieu-est-au-summum-du-chic\/","title":{"rendered":"\u00e0 61\u00a0ans, Philippine Leroy-Beaulieu est au summum du chic"},"content":{"rendered":"<p> [ad_1]<br \/>\n<br \/><img decoding=\"async\" src=\"https:\/\/img-3.journaldesfemmes.fr\/JnAeZ_M7meASDA1Dhy-38Ku828Y=\/1280x\/smart\/c703b32c5d874549b55c8c385c3e53eb\/ccmcms-jdf\/39991544.jpg\" \/><\/p>\n<p>\n                Pour annoncer sa participation en tant que jury de la 6e \u00e9dition du Festival de Nice Cin\u00e9 Roman, Philippine Leroy-Beaulieu est apparue v\u00eatue d&rsquo;un costume l\u00e9g\u00e8rement entrouvert au niveau de la poitrine.            <\/p>\n<div>\n<p><span style=\"font-size: 16px;\">Depuis son r\u00f4le\u00a0dans \u00ab\u00a0Emily in Paris\u00a0\u00bb.\u00a0Philippine Leroy-Beaulieu\u00a0est officiellement l&rsquo;une des soixantenaires les plus ador\u00e9es du moment. Actuellement de retour dans la s\u00e9rie pour une saison 4, elle encha\u00eene les \u00e9v\u00e9nements et d\u00e9voile \u00e0 chaque fois des tenues toutes plus \u00e9poustouflantes les unes que les autres. <\/span><\/p>\n<p><span style=\"font-size: 16px;\">Mais cette fois, c&rsquo;est pour annoncer sa participation \u00e0 un autre \u00e9v\u00e9nement qu&rsquo;elle est apparue plus glamour que jamais. En effet, l&rsquo;actrice fran\u00e7aise fera partie du jury lors de la 6\u00e8me \u00e9dition du Festival\u00a0de Nice Cin\u00e9 Roman qui aura lieu du lundi 30\u00a0septembre au samedi 5\u00a0octobre.\u00a0<\/span>Comme \u00e0 son habitude, la com\u00e9dienne a choisi une tenue au summum de l&rsquo;\u00e9l\u00e9gance.\u00a0<\/p>\n<p>Assise sur un banc blanc, elle \u00e9tait v\u00eatue d&rsquo;un ensemble de costume immacul\u00e9. Pantalon \u00e0 pinces et veste\u00a0de blazer, elle prend l&rsquo;allure d&rsquo;une femme d&rsquo;affaires et cela\u00a0lui va \u00e0 la perfection. Ce total look blanc met en valeur sa mine color\u00e9e et ses cheveux auburn. A 61\u00a0ans, elle est plus styl\u00e9e que jamais. Pour apporter une touche de f\u00e9mininit\u00e9 \u00e0 sa tenue, la star a choisi de ne rien porter sous sa veste. Elle laisse donc entrevoir une bonne partie de son d\u00e9collet\u00e9. Sous son post Instagram, les commentaires de ses fans sont nombreux\u00a0: <em>\u00ab\u00a0Si belle\u00a0!\u00a0\u00bb, \u00ab\u00a0Tu es si jolie pour ton \u00e2ge\u00a0\u00bb, \u00ab\u00a0Si \u00e9l\u00e9gant\u00a0et classe ce costume\u00a0\u00bb. <\/em>Sa communaut\u00e9 est conquise.<\/p>\n<p>Aux commandes de cette affiche lumineuse, le photographe Gilles-Marie Zimmermann qui a su immortaliser\u00a0Philippine Leroy-Beaulieu dans ce costume \u00e0 la pointe de la tendance. Sign\u00e9 Barbara Bui, il se porte \u00e0 tous les \u00e2ges et sublime toutes les silhouettes.<\/p>\n<p>Le costume est sans aucun doute la pi\u00e8ce \u00e0 avoir dans son dressing de rentr\u00e9e.\u00a0Il peut se porter \u00e0 toutes les occasions et sera id\u00e9al pour aborder la saison automnale.\u00a0Si vous n&rsquo;osez pas porter\u00a0le total look blanc comme l&rsquo;actrice, vous pouvez opter pour une version color\u00e9e ou\u00a0noire.<\/p>\n<\/p><\/div>\n<p>[ad_2]<br \/>\n<br \/><a href=\"https:\/\/www.journaldesfemmes.fr\/mode\/looks-de-star\/3197728-costume-immacule-et-entrouvert-sur-la-poitrine-a-61-ans-philippine-leroy-beaulieu-est-au-summum-du-chic\/\">Source link <\/a><\/p>\n","protected":false},"excerpt":{"rendered":"<p>[ad_1] Pour annoncer sa participation en tant que jury de la 6e \u00e9dition du Festival de Nice Cin\u00e9 Roman, Philippine &hellip; <a href=\"http:\/\/www.affinite.fr\/index.php\/2024\/09\/07\/a-61-ans-philippine-leroy-beaulieu-est-au-summum-du-chic\/\" class=\"more-link\">Plus <span class=\"screen-reader-text\">\u00e0 61\u00a0ans, Philippine Leroy-Beaulieu est au summum du chic<\/span> <span class=\"meta-nav\">&rarr;<\/span><\/a><\/p>\n","protected":false},"author":1,"featured_media":10776,"comment_status":"","ping_status":"open","sticky":false,"template":"","format":"standard","meta":{"_sitemap_exclude":false,"_sitemap_priority":"","_sitemap_frequency":"","footnotes":""},"categories":[1],"tags":[],"class_list":["post-10775","post","type-post","status-publish","format-standard","has-post-thumbnail","hentry","category-tous"],"_links":{"self":[{"href":"http:\/\/www.affinite.fr\/index.php\/wp-json\/wp\/v2\/posts\/10775"}],"collection":[{"href":"http:\/\/www.affinite.fr\/index.php\/wp-json\/wp\/v2\/posts"}],"about":[{"href":"http:\/\/www.affinite.fr\/index.php\/wp-json\/wp\/v2\/types\/post"}],"author":[{"embeddable":true,"href":"http:\/\/www.affinite.fr\/index.php\/wp-json\/wp\/v2\/users\/1"}],"replies":[{"embeddable":true,"href":"http:\/\/www.affinite.fr\/index.php\/wp-json\/wp\/v2\/comments?post=10775"}],"version-history":[{"count":0,"href":"http:\/\/www.affinite.fr\/index.php\/wp-json\/wp\/v2\/posts\/10775\/revisions"}],"wp:featuredmedia":[{"embeddable":true,"href":"http:\/\/www.affinite.fr\/index.php\/wp-json\/wp\/v2\/media\/10776"}],"wp:attachment":[{"href":"http:\/\/www.affinite.fr\/index.php\/wp-json\/wp\/v2\/media?parent=10775"}],"wp:term":[{"taxonomy":"category","embeddable":true,"href":"http:\/\/www.affinite.fr\/index.php\/wp-json\/wp\/v2\/categories?post=10775"},{"taxonomy":"post_tag","embeddable":true,"href":"http:\/\/www.affinite.fr\/index.php\/wp-json\/wp\/v2\/tags?post=10775"}],"curies":[{"name":"wp","href":"https:\/\/api.w.org\/{rel}","templated":true}]}}