{"id":1077,"date":"2020-03-24T20:07:35","date_gmt":"2020-03-24T20:07:35","guid":{"rendered":"https:\/\/www.affinite.fr\/index.php\/2020\/03\/24\/hp-promet-un-nouveau-casque-vr-de-reference-developpe-avec-microsoft-et-valve\/"},"modified":"2020-03-24T20:07:35","modified_gmt":"2020-03-24T20:07:35","slug":"hp-promet-un-nouveau-casque-vr-de-reference-developpe-avec-microsoft-et-valve","status":"publish","type":"post","link":"http:\/\/www.affinite.fr\/index.php\/2020\/03\/24\/hp-promet-un-nouveau-casque-vr-de-reference-developpe-avec-microsoft-et-valve\/","title":{"rendered":"HP promet un nouveau casque VR de r\u00e9f\u00e9rence, d\u00e9velopp\u00e9 avec Microsoft et Valve"},"content":{"rendered":"<p> [ad_1]<br \/>\n<br \/><img decoding=\"async\" src=\"https:\/\/img.bfmtv.com\/i\/0\/0\/ad5\/310639672081c73d390a7ced143a4.jpg\" \/><\/p>\n<div itemprop=\"articleBody\">\n<p>Dans un tweet \u00e0 destination des <em>\u00ab\u00a0d\u00e9veloppeurs, des architectes et aussi des utilisateurs de la r\u00e9alit\u00e9 virtuelle\u00a0\u00bb<\/em>, HP d\u00e9voile un successeur \u00e0 son HP Reverb, qui semble \u00eatre baptis\u00e9 Reverb G2. On ne sait pas grand-chose sur ce p\u00e9riph\u00e9rique pour l\u2019instant, si ce n\u2019est qu\u2019il ressemble beaucoup \u00e0 son a\u00een\u00e9.<\/p>\n<p>HP promet une absence de <em>\u00ab compromis \u00bb<\/em> et une exp\u00e9rience <em>\u00ab\u00a0plus immersive, plus confortable et plus compatible que la g\u00e9n\u00e9ration pr\u00e9c\u00e9dente\u00a0\u00bb<\/em>. Sans doute le terme <em>\u00ab\u00a0compatible\u00a0\u00bb<\/em> fait-il r\u00e9f\u00e9rence au travail de d\u00e9veloppement r\u00e9alis\u00e9 avec Microsoft pour la Windows Mixed Reality et avec Valve pour Steam VR.<\/p>\n<aside class=\"bg-color-0 padding-inside-all-s bloc border-s\">\n<h4 class=\"box-txt-normal\">\n<p><strong>A d\u00e9couvrir aussi en vid\u00e9o<\/strong><\/p>\n<\/h4>\n<p>&lt;div style=\u00a0\u00bbpadding-bottom:100%,1:1; position: relative;\u00a0\u00bb&gt;&lt;iframe frameborder=\u00a0\u00bb0&Prime; width=\u00a0\u00bb100%\u00a0\u00bb height=\u00a0\u00bb100%\u00a0\u00bb src=\u00a0\u00bbhttps:\/\/www.dailymotion.com\/embed\/video\/x7dy8j8&Prime; allowfullscreen=\u00a0\u00bb\u00a0\u00bb allow=\u00a0\u00bbautoplay\u00a0\u00bb&gt;&lt;\/iframe&gt;&lt;\/div&gt; &lt;script&gt; (function(w,d,s,u,n,i,f,g,e,c){w.WDMObject=n;w[n]=w[n]||function(){(w[n].q=w[n].q||[]).push(arguments);};w[n].l=1*new Date();w[n].i=i;w[n].f=f;w[n].g=g;e=d.createElement(s);e.async=1;e.src=u;c=d.getElementsByTagName(s)[0];c.parentNode.insertBefore(e,c);})(window,document,\u00a0\u00bbscript\u00a0\u00bb,\u00a0\u00bb\/\/api.dmcdn.net\/pxl\/cpe\/client.min.js\u00a0\u00bb,\u00a0\u00bbcpe\u00a0\u00bb,\u00a0\u00bb5cc6fc118e47fe2f1d2c0bdd\u00a0\u00bb, {autonext_enable:true}) &lt;\/script&gt;<\/p>\n<\/aside>\n<p>Ce nouveau Reverb est annonc\u00e9 par la marque comme \u00e9tant un nouveau m\u00e8tre-\u00e9talon du genre. Une bonne nouvelle si la promesse est tenue. Le premier Reverb avait pour lui la d\u00e9finition de ses dalles (2160 x2160 pixels). Il \u00e9tait toutefois surtout destin\u00e9 aux professionnels. Il est possible que la collaboration avec Valve ait rapproch\u00e9 le Reverb G2 des attentes des joueurs. Ce pourrait notamment \u00eatre le cas des oreillettes d\u00e9velopp\u00e9es par Valve qu\u2019on entraper\u00e7oit (croit entrapercevoir) dans la tr\u00e8s courte vid\u00e9o.<\/p>\n<p>Pour l\u2019heure, aucun d\u00e9tail n\u2019a \u00e9t\u00e9 fourni sur une date \u00e9ventuelle de disponibilit\u00e9 ou un prix. L\u2019Index, de Valve, reste donc sans doute la meilleure option pour d\u00e9couvrir Half-Life Alyx, qui vient tout juste de sortir.<\/p>\n<\/p><\/div>\n<p><script>\n         !function(f,b,e,v,n,t,s){if(f.fbq)return;n=f.fbq=function()\n         {n.callMethod? n.callMethod.apply(n,arguments):n.queue.push(arguments)}\n         ;if(!f._fbq)f._fbq=n;\n             n.push=n;n.loaded=!0;n.version='2.0';n.queue=[];t=b.createElement(e);t.async=!0;\n             t.src=v;s=b.getElementsByTagName(e)[0];s.parentNode.insertBefore(t,s)}(window,\n                 document,'script','https:\/\/connect.facebook.net\/en_US\/fbevents.js');\n         fbq('init', '1065890633454496');\n         fbq('track', 'PageView');\n     <\/script><br \/>\n<br \/>[ad_2]<br \/>\n<br \/><a href=\"https:\/\/www.01net.com\/actualites\/hp-promet-un-nouveau-casque-vr-de-reference-developpe-avec-microsoft-et-valve-1881043.html\">Source link <\/a><\/p>\n","protected":false},"excerpt":{"rendered":"<p>[ad_1] Dans un tweet \u00e0 destination des \u00ab\u00a0d\u00e9veloppeurs, des architectes et aussi des utilisateurs de la r\u00e9alit\u00e9 virtuelle\u00a0\u00bb, HP d\u00e9voile &hellip; <a href=\"http:\/\/www.affinite.fr\/index.php\/2020\/03\/24\/hp-promet-un-nouveau-casque-vr-de-reference-developpe-avec-microsoft-et-valve\/\" class=\"more-link\">Plus <span class=\"screen-reader-text\">HP promet un nouveau casque VR de r\u00e9f\u00e9rence, d\u00e9velopp\u00e9 avec Microsoft et Valve<\/span> <span class=\"meta-nav\">&rarr;<\/span><\/a><\/p>\n","protected":false},"author":1,"featured_media":1078,"comment_status":"open","ping_status":"open","sticky":false,"template":"","format":"standard","meta":{"_sitemap_exclude":false,"_sitemap_priority":"","_sitemap_frequency":"","footnotes":""},"categories":[1],"tags":[],"class_list":["post-1077","post","type-post","status-publish","format-standard","has-post-thumbnail","hentry","category-tous"],"_links":{"self":[{"href":"http:\/\/www.affinite.fr\/index.php\/wp-json\/wp\/v2\/posts\/1077"}],"collection":[{"href":"http:\/\/www.affinite.fr\/index.php\/wp-json\/wp\/v2\/posts"}],"about":[{"href":"http:\/\/www.affinite.fr\/index.php\/wp-json\/wp\/v2\/types\/post"}],"author":[{"embeddable":true,"href":"http:\/\/www.affinite.fr\/index.php\/wp-json\/wp\/v2\/users\/1"}],"replies":[{"embeddable":true,"href":"http:\/\/www.affinite.fr\/index.php\/wp-json\/wp\/v2\/comments?post=1077"}],"version-history":[{"count":0,"href":"http:\/\/www.affinite.fr\/index.php\/wp-json\/wp\/v2\/posts\/1077\/revisions"}],"wp:featuredmedia":[{"embeddable":true,"href":"http:\/\/www.affinite.fr\/index.php\/wp-json\/wp\/v2\/media\/1078"}],"wp:attachment":[{"href":"http:\/\/www.affinite.fr\/index.php\/wp-json\/wp\/v2\/media?parent=1077"}],"wp:term":[{"taxonomy":"category","embeddable":true,"href":"http:\/\/www.affinite.fr\/index.php\/wp-json\/wp\/v2\/categories?post=1077"},{"taxonomy":"post_tag","embeddable":true,"href":"http:\/\/www.affinite.fr\/index.php\/wp-json\/wp\/v2\/tags?post=1077"}],"curies":[{"name":"wp","href":"https:\/\/api.w.org\/{rel}","templated":true}]}}