{"id":10752,"date":"2024-08-31T17:19:19","date_gmt":"2024-08-31T17:19:19","guid":{"rendered":"http:\/\/www.affinite.fr\/index.php\/2024\/08\/31\/a-71-ans-dans-sa-tenue-trompe-loeil-a-ecailles-isabelle-huppert-celebre-le-savoir-faire-a-la-francaise\/"},"modified":"2024-08-31T17:19:19","modified_gmt":"2024-08-31T17:19:19","slug":"a-71-ans-dans-sa-tenue-trompe-loeil-a-ecailles-isabelle-huppert-celebre-le-savoir-faire-a-la-francaise","status":"publish","type":"post","link":"http:\/\/www.affinite.fr\/index.php\/2024\/08\/31\/a-71-ans-dans-sa-tenue-trompe-loeil-a-ecailles-isabelle-huppert-celebre-le-savoir-faire-a-la-francaise\/","title":{"rendered":"A 71\u00a0ans, dans sa tenue trompe-l&rsquo;\u0153il \u00e0 \u00e9cailles, Isabelle Huppert c\u00e9l\u00e8bre le savoir-faire \u00e0 la fran\u00e7aise"},"content":{"rendered":"<p> [ad_1]<br \/>\n<br \/><img decoding=\"async\" src=\"https:\/\/img-3.journaldesfemmes.fr\/dhpd7ABxem-DdKdcUuGXgnhjzeY=\/1280x\/smart\/1fbd3ef1e6ef4a0a97763df2d2f20f96\/ccmcms-jdf\/39990792.jpg\" \/><\/p>\n<p>\n                \u00c0 la Mostra de Venise, Isabelle Huppert fait sensation gr\u00e2ce \u00e0 ses looks avant-gardistes et audacieux. Ils sont tous sign\u00e9s par la m\u00eame marque fran\u00e7aise.            <\/p>\n<div>\n<p>Le 1\u1d49\u02b3 ao\u00fbt 2023, <a href=\"https:\/\/www.journaldesfemmes.fr\/people\/personnalites\/2903461-isabelle-huppert-couple-enfant-films-ou-vit-elle\/\" title=\"Isabelle Huppert\">Isabelle Huppert<\/a> a surpris le monde entier en devenant\u00a0la toute premi\u00e8re ambassadrice d&rsquo;une marque fran\u00e7aise extr\u00eamement populaire. Depuis, elle ne foule pas un seul tapis rouge sans porter des pi\u00e8ces imagin\u00e9es par cette griffe.<\/p>\n<p>Actuellement pr\u00e9sidente du jury de la Mostra de Venise, l&rsquo;actrice fait sensation plusieurs fois par jour gr\u00e2ce \u00e0 ses tenues sign\u00e9es&#8230; <a href=\"https:\/\/www.journaldesfemmes.fr\/mode\/conseils-mode\/2738977-balenciaga-boycottee-a-cause-d-une-publicite-polemique\/\" title=\"Maison balenciaga\">Balenciaga<\/a> !\u00a0La\u00a0derni\u00e8re en\u00a0date \u00e9tait constitu\u00e9e d&rsquo;une longue jupe asym\u00e9trique et d&rsquo;une chemise \u00e0 fausses manches. Ces deux pi\u00e8ces oversize affichaient un imprim\u00e9 \u00e9caill\u00e9 vert profond et \u00e9taient issues de la collection croisi\u00e8re 2025 de la griffe du groupe Kering. Pour parfaire sa tenue, Isabelle Huppert avait eu recours \u00e0 des lunettes de soleil \u00e9paisses au prix de 395 euros.<\/p>\n<p>Le matin m\u00eame, c&rsquo;est dans une tenue beaucoup moins glamour, mais tout aussi styl\u00e9e, que l&rsquo;actrice est apparue. Elle portait alors un ensemble de surv\u00eatement rouge cerise compos\u00e9 d&rsquo;un pantalon taille basse et d&rsquo;un gilet zipp\u00e9 \u00e0 capuche. Caf\u00e9 \u00e0 la main et lunettes fum\u00e9es devant les yeux, la com\u00e9dienne a \u00e9t\u00e9 longuement congratul\u00e9e par ses fans sur les r\u00e9seaux sociaux : \u00ab\u00a0<em>La femme la plus cool de Venise<\/em>\u00ab\u00a0, l&rsquo;ont-ils compliment\u00e9e.<\/p>\n<p>Bien qu&rsquo;elle passe du bon temps sous le soleil de l&rsquo;Italie, Isabelle Huppert n&rsquo;en oublie pas son amour pour la France. Elle s&rsquo;\u00e9tait donc fi\u00e8rement coiff\u00e9e d&rsquo;une casquette noire qui affichait les mots \u00ab\u00a0<em>I Love Paris<\/em>\u00ab\u00a0. Une chose est s\u00fbre, c&rsquo;est un amour r\u00e9ciproque !<\/p>\n<\/p><\/div>\n<p>[ad_2]<br \/>\n<br \/><a href=\"https:\/\/www.journaldesfemmes.fr\/mode\/looks-de-star\/3197086-dans-sa-tenue-trompe-l-oeil-a-ecailles-isabelle-huppert-celebre-le-savoir-faire-a-la-francaise\/\">Source link <\/a><\/p>\n","protected":false},"excerpt":{"rendered":"<p>[ad_1] \u00c0 la Mostra de Venise, Isabelle Huppert fait sensation gr\u00e2ce \u00e0 ses looks avant-gardistes et audacieux. Ils sont tous &hellip; <a href=\"http:\/\/www.affinite.fr\/index.php\/2024\/08\/31\/a-71-ans-dans-sa-tenue-trompe-loeil-a-ecailles-isabelle-huppert-celebre-le-savoir-faire-a-la-francaise\/\" class=\"more-link\">Plus <span class=\"screen-reader-text\">A 71\u00a0ans, dans sa tenue trompe-l&rsquo;\u0153il \u00e0 \u00e9cailles, Isabelle Huppert c\u00e9l\u00e8bre le savoir-faire \u00e0 la fran\u00e7aise<\/span> <span class=\"meta-nav\">&rarr;<\/span><\/a><\/p>\n","protected":false},"author":1,"featured_media":10753,"comment_status":"","ping_status":"open","sticky":false,"template":"","format":"standard","meta":{"_sitemap_exclude":false,"_sitemap_priority":"","_sitemap_frequency":"","footnotes":""},"categories":[1],"tags":[],"class_list":["post-10752","post","type-post","status-publish","format-standard","has-post-thumbnail","hentry","category-tous"],"_links":{"self":[{"href":"http:\/\/www.affinite.fr\/index.php\/wp-json\/wp\/v2\/posts\/10752"}],"collection":[{"href":"http:\/\/www.affinite.fr\/index.php\/wp-json\/wp\/v2\/posts"}],"about":[{"href":"http:\/\/www.affinite.fr\/index.php\/wp-json\/wp\/v2\/types\/post"}],"author":[{"embeddable":true,"href":"http:\/\/www.affinite.fr\/index.php\/wp-json\/wp\/v2\/users\/1"}],"replies":[{"embeddable":true,"href":"http:\/\/www.affinite.fr\/index.php\/wp-json\/wp\/v2\/comments?post=10752"}],"version-history":[{"count":0,"href":"http:\/\/www.affinite.fr\/index.php\/wp-json\/wp\/v2\/posts\/10752\/revisions"}],"wp:featuredmedia":[{"embeddable":true,"href":"http:\/\/www.affinite.fr\/index.php\/wp-json\/wp\/v2\/media\/10753"}],"wp:attachment":[{"href":"http:\/\/www.affinite.fr\/index.php\/wp-json\/wp\/v2\/media?parent=10752"}],"wp:term":[{"taxonomy":"category","embeddable":true,"href":"http:\/\/www.affinite.fr\/index.php\/wp-json\/wp\/v2\/categories?post=10752"},{"taxonomy":"post_tag","embeddable":true,"href":"http:\/\/www.affinite.fr\/index.php\/wp-json\/wp\/v2\/tags?post=10752"}],"curies":[{"name":"wp","href":"https:\/\/api.w.org\/{rel}","templated":true}]}}