{"id":10665,"date":"2024-08-05T16:27:30","date_gmt":"2024-08-05T16:27:30","guid":{"rendered":"https:\/\/www.affinite.fr\/index.php\/2024\/08\/05\/miss-france-2025-cassiopee-rimbaud-est-miss-roussillon-age-taille-etudes\/"},"modified":"2024-08-05T16:27:30","modified_gmt":"2024-08-05T16:27:30","slug":"miss-france-2025-cassiopee-rimbaud-est-miss-roussillon-age-taille-etudes","status":"publish","type":"post","link":"http:\/\/www.affinite.fr\/index.php\/2024\/08\/05\/miss-france-2025-cassiopee-rimbaud-est-miss-roussillon-age-taille-etudes\/","title":{"rendered":"Miss France 2025\u00a0&#8211; Cassiop\u00e9e Rimbaud est Miss Roussillon\u00a0: \u00e2ge, taille, \u00e9tudes&#8230;"},"content":{"rendered":"<p> [ad_1]<br \/>\n<\/p>\n<p>\n                La liste des candidates au concours de Miss France 2025\u00a0se dessine. D\u00e9couvrez la nouvelle Miss Roussillon, Cassiop\u00e9e Rimbaud, \u00e9lue ce 3\u00a0ao\u00fbt. \u00ab\u00a0Cette ann\u00e9e, Miss France, c&rsquo;est pour nous\u00a0\u00bb, a-t-elle d\u00e9clar\u00e9, pleine d&rsquo;ambition&#8230;            <\/p>\n<div>\n<p>Miss Roussillon 2024, c&rsquo;est elle\u00a0! Num\u00e9ro 10, Cassiop\u00e9e Rimbaud a \u00e9t\u00e9 couronn\u00e9e samedi 3\u00a0ao\u00fbt dans les jardins du Lydia au Barcar\u00e8s, parmi les 12\u00a0candidates en lice. <i>\u00ab\u00a0Je suis tr\u00e8s heureuse et un peu stress\u00e9e car maintenant l&rsquo;aventure <a href=\"https:\/\/www.journaldesfemmes.fr\/people\/rendez-vous\/2586346-miss-france-2024-votes-public-et-jury-cadeaux-argent-infos\/\" title=\"C\u00e9r\u00e9monie de Miss France\">Miss France<\/a> commence\u00a0\u00bb<\/i>, d\u00e9clarait la jeune femme apr\u00e8s son sacre, succ\u00e9dant ainsi \u00e0 Elisa Aquilina, Miss Roussillon 2023. Pour elle, une nouvelle aventure commence.<\/p>\n<h2>Qui est Cassiop\u00e9e Rimbaud, la nouvelle Miss Rousillon\u00a0?<\/h2>\n<p>Cassiop\u00e9e Rimbaud a 21\u00a0ans. Originaire de Laroque-des-Alb\u00e8res, \u00e0 proximit\u00e9 de Perpignan, la reine de beaut\u00e9 \u00e0 la longue chevelure brune mesure 1m71\u00a0et suit sa troisi\u00e8me ann\u00e9e d&rsquo;\u00e9tudes pour devenir \u00e9ducatrice sp\u00e9cialis\u00e9e, notamment pour les\u00a0personnes \u00e2g\u00e9es et handicap\u00e9es. Un sujet auquel elle est particuli\u00e8rement <em>\u00ab\u00a0sensible\u00a0\u00bb<\/em>.\u00a0<\/p>\n<p>Issue d&rsquo;une famille de trois enfants -elle a une s\u0153ur pr\u00e9nomm\u00e9e Calypso et un fr\u00e8re Orph\u00e9e-, elle a v\u00e9cu dans plusieurs r\u00e9gions de France avant de tomber amoureuse du Roussillon.\u00a0La jeune femme esp\u00e8re <i>\u00ab\u00a0devenir un symbole de beaut\u00e9 et d&rsquo;\u00e9l\u00e9gance\u00a0tout en restant le plus naturelle possible\u00a0\u00bb<\/i>. Ce qu&rsquo;elle tentera de faire lors de l&rsquo;\u00e9lection de Miss France 2025 \u00e0 la fin de l&rsquo;ann\u00e9e.<\/p>\n<h2>\u00ab\u00a0Cette ann\u00e9e, Miss France, c&rsquo;est pour nous\u00a0\u00bb :\u00a0Cassiop\u00e9e Rimbaud, pleine d&rsquo;ambition\u00a0<\/h2>\n<p>Samedi 3\u00a0ao\u00fbt, la jeune femme a pos\u00e9 fi\u00e8rement au bras d&rsquo;\u00c8ve Gilles, l&rsquo;actuelle Miss France, \u00e9mue de porter la couronne. Une victoire qui a chamboul\u00e9 sa vie et sa d\u00e9termination dans cette aventure.<em> \u00ab\u00a0Cette \u00e9lection a d\u00e9multipli\u00e9 par mille ma motivation pour remporter Miss France\u00a0\u00bb<\/em>, a-t-elle confi\u00e9 au journal\u00a0<em>L&rsquo;Ind\u00e9pendent<\/em>.<em> <\/em><\/p>\n<div class=\"ccminsert\">\n<aside class=\"app_widget_fo app_widget_fo--gallery\">\n<ul>\n<li>\n                    <a href=\"https:\/\/www.journaldesfemmes.fr\/people\/personnalites\/3193866-miss-france-2025-megane-bertaud-devient-miss-provence-age-profession-passions\/\" class=\"jGTMWidgetGAEventClick\" data-gtmwidgetgaeventaction=\"clickWidgetGalleryList\" data-gtmwidgetgaeventlabel=\"Miss France 2025\u00a0- M\u00e9gane Bertaud est \u00e9lue Miss Provence\u00a0: \u00e2ge, taille, profession, passions\u2026\"><\/p>\n<figure>\n                                                                                                <picture><source media=\"(max-width: 480px)\" srcset=\"https:\/\/img-3.journaldesfemmes.fr\/4JHxmFfcZTmoCwhgsf6iBCfnwOI=\/210x140\/smart\/ff4f3eafaacd45fc8106f9d8d50b0cd5\/ccmcms-jdf\/39986543.jpg\" width=\"210\" height=\"140\"><img decoding=\"async\" src=\"https:\/\/img-3.journaldesfemmes.fr\/-QPGxH5kJh3R41C11YLsFMSGHZg=\/225x150\/smart\/ff4f3eafaacd45fc8106f9d8d50b0cd5\/ccmcms-jdf\/39986543.jpg\" alt=\"\" width=\"225\" height=\"150\" loading=\"lazy\"\/><br \/>\n                                    <\/source><\/picture><figcaption>\n<h3>Miss France 2025\u00a0&#8211; M\u00e9gane Bertaud est \u00e9lue Miss Provence\u00a0: \u00e2ge, taille, profession, passions\u2026<\/h3>\n<\/figcaption><\/figure>\n<p>                    <\/a>\n                <\/li>\n<li>\n                    <a href=\"https:\/\/www.journaldesfemmes.fr\/people\/personnalites\/3193700-miss-france-2025-age-etudes-engagements-decouvrez-lilou-emeline-artuso-miss-cote-d-azur-2024\/\" class=\"jGTMWidgetGAEventClick\" data-gtmwidgetgaeventaction=\"clickWidgetGalleryList\" data-gtmwidgetgaeventlabel=\"Miss France 2025\u00a0- Lilou Emeline-Artuso est Miss C\u00f4te d'Azur 2024\u00a0: \u00e2ge, \u00e9tudes, taille, sosie, engagements...\"><\/p>\n<figure>\n                                                                                                <picture><source media=\"(max-width: 480px)\" srcset=\"https:\/\/img-3.journaldesfemmes.fr\/0W3g-QwlyaM9RX5dS_Oq8tEsPdc=\/210x140\/smart\/fdbaec1ea6cd47d18f5f61b1df4834a3\/ccmcms-jdf\/39986345.jpg\" width=\"210\" height=\"140\"><img decoding=\"async\" src=\"https:\/\/img-3.journaldesfemmes.fr\/Kefa_thO0_a0kSb_Hu9nD2MvG2Y=\/225x150\/smart\/fdbaec1ea6cd47d18f5f61b1df4834a3\/ccmcms-jdf\/39986345.jpg\" alt=\"\" width=\"225\" height=\"150\" loading=\"lazy\"\/><br \/>\n                                    <\/source><\/picture><figcaption>\n<h3>Miss France 2025\u00a0&#8211; Lilou Emeline-Artuso est Miss C\u00f4te d&rsquo;Azur 2024\u00a0: \u00e2ge, \u00e9tudes, taille, sosie, engagements&#8230;<\/h3>\n<\/figcaption><\/figure>\n<p>                    <\/a>\n                <\/li>\n<li>\n                    <a href=\"https:\/\/www.journaldesfemmes.fr\/people\/personnalites\/3193620-shana-bique-miss-saint-martin-saint-barthelemy-france-2025\/\" class=\"jGTMWidgetGAEventClick\" data-gtmwidgetgaeventaction=\"clickWidgetGalleryList\" data-gtmwidgetgaeventlabel=\"Miss France 2025\u00a0- Shana Bique est Miss Saint-Martin\/Saint-Barth\u00e9lemy 2024\u00a0: \u00e2ge, taille, \u00e9tudes, passion \u00e9tonnante... Tout savoir\"><\/p>\n<figure>\n                                                                                                <picture><source media=\"(max-width: 480px)\" srcset=\"https:\/\/img-3.journaldesfemmes.fr\/DkPaO4FRIynhLHL53fa2lpLGIOo=\/210x140\/smart\/8a31b94efd824173b4a2e53cdb06c48f\/ccmcms-jdf\/39986283.jpg\" width=\"210\" height=\"140\"><img decoding=\"async\" src=\"https:\/\/img-3.journaldesfemmes.fr\/b4ClIk8tcS5kUYIquUihDjPhOSQ=\/225x150\/smart\/8a31b94efd824173b4a2e53cdb06c48f\/ccmcms-jdf\/39986283.jpg\" alt=\"\" width=\"225\" height=\"150\" loading=\"lazy\"\/><br \/>\n                                    <\/source><\/picture><figcaption>\n<h3>Miss France 2025\u00a0&#8211; Shana Bique est Miss Saint-Martin\/Saint-Barth\u00e9lemy 2024\u00a0: \u00e2ge, taille, \u00e9tudes, passion \u00e9tonnante&#8230; Tout savoir<\/h3>\n<\/figcaption><\/figure>\n<p>                    <\/a>\n                <\/li>\n<li>\n                    <a href=\"https:\/\/www.journaldesfemmes.fr\/people\/personnalites\/3193690-stella-vangioni-miss-corse-miss-france-infos\/\" class=\"jGTMWidgetGAEventClick\" data-gtmwidgetgaeventaction=\"clickWidgetGalleryList\" data-gtmwidgetgaeventlabel=\"Miss France 2025\u00a0- Stella Vangioni est Miss Corse\u00a0: \u00e2ge, taille, m\u00e9tier d'actrice... tout savoir\"><\/p>\n<figure>\n                                                                                                <picture><source media=\"(max-width: 480px)\" srcset=\"https:\/\/img-3.journaldesfemmes.fr\/SugDLMAW5WGfAuE9YgXXYhVbPpA=\/210x140\/smart\/fc494d5f3bbf48d795fee9be100ee273\/ccmcms-jdf\/39986369.jpg\" width=\"210\" height=\"140\"><img decoding=\"async\" src=\"https:\/\/img-3.journaldesfemmes.fr\/1zV_GOP_bQNqSB_oOcUzffQ5008=\/225x150\/smart\/fc494d5f3bbf48d795fee9be100ee273\/ccmcms-jdf\/39986369.jpg\" alt=\"\" width=\"225\" height=\"150\" loading=\"lazy\"\/><br \/>\n                                    <\/source><\/picture><figcaption>\n<h3>Miss France 2025\u00a0&#8211; Stella Vangioni est Miss Corse\u00a0: \u00e2ge, taille, m\u00e9tier d&rsquo;actrice&#8230; tout savoir<\/h3>\n<\/figcaption><\/figure>\n<p>                    <\/a>\n                <\/li>\n<li>\n                    <a href=\"https:\/\/www.journaldesfemmes.fr\/people\/personnalites\/3191152-jade-fansonna-miss-guyane-2024-parcours-age-profession-vie-privee-tout-savoir-sur-la-jeune-femme\/\" class=\"jGTMWidgetGAEventClick\" data-gtmwidgetgaeventaction=\"clickWidgetGalleryList\" data-gtmwidgetgaeventlabel=\"Miss France 2025\u00a0-\u00a0Jade Fansonna Miss Guyane 2024\u00a0: \u00e2ge, taille, profession, seconde chance, vie priv\u00e9e... Tout savoir\"><\/p>\n<figure>\n                                                                                                <picture><source media=\"(max-width: 480px)\" srcset=\"https:\/\/img-3.journaldesfemmes.fr\/EerDur8ZAp_0uNuKYRusQ2xJVKo=\/210x140\/smart\/ddfa64808f294bd69d56387b3d9ae12e\/ccmcms-jdf\/39983205.png\" width=\"210\" height=\"140\"><img decoding=\"async\" src=\"https:\/\/img-3.journaldesfemmes.fr\/h8-rCxRI6XaUuHHj21BWrwYcrvs=\/225x150\/smart\/ddfa64808f294bd69d56387b3d9ae12e\/ccmcms-jdf\/39983205.png\" alt=\"\" width=\"225\" height=\"150\" loading=\"lazy\"\/><br \/>\n                                    <\/source><\/picture><figcaption>\n<h3>Miss France 2025\u00a0&#8211;\u00a0Jade Fansonna Miss Guyane 2024\u00a0: \u00e2ge, taille, profession, seconde chance, vie priv\u00e9e&#8230; Tout savoir<\/h3>\n<\/figcaption><\/figure>\n<p>                    <\/a>\n                <\/li>\n<\/ul>\n<\/aside>\n<\/div>\n<p>Et la jolie brune est bien d\u00e9cid\u00e9e \u00e0 remporter le concours de beaut\u00e9. <em>\u00ab\u00a0Cette aventure ne fait que commencer, je suis fi\u00e8re, pr\u00eate et d\u00e9termin\u00e9e \u00e0 repr\u00e9senter notre magnifique Roussillon pour l&rsquo;\u00e9lection de Miss France, alors ensemble allons jusqu&rsquo;au bout de l&rsquo;histoire. Cette ann\u00e9e, Miss France, c&rsquo;est pour nous\u00a0\u00bb<\/em>, a-t-elle d\u00e9clar\u00e9 avec enthousiasme sur sa page Instagram ce lundi 5\u00a0ao\u00fbt. Sera-t-elle la nouvelle \u00c8ve Gilles ? Affaire \u00e0 suivre depuis les Hauts-de-France en d\u00e9cembre prochain !<\/p>\n<\/p><\/div>\n<p>[ad_2]<br \/>\n<br \/><a href=\"https:\/\/www.journaldesfemmes.fr\/people\/personnalites\/3194562-miss-france-2025-cassiopee-rimbaud-est-miss-roussillon-2024-age-taille-etudes\/\">Source link <\/a><\/p>\n","protected":false},"excerpt":{"rendered":"<p>[ad_1] La liste des candidates au concours de Miss France 2025\u00a0se dessine. D\u00e9couvrez la nouvelle Miss Roussillon, Cassiop\u00e9e Rimbaud, \u00e9lue &hellip; <a href=\"http:\/\/www.affinite.fr\/index.php\/2024\/08\/05\/miss-france-2025-cassiopee-rimbaud-est-miss-roussillon-age-taille-etudes\/\" class=\"more-link\">Plus <span class=\"screen-reader-text\">Miss France 2025\u00a0&#8211; Cassiop\u00e9e Rimbaud est Miss Roussillon\u00a0: \u00e2ge, taille, \u00e9tudes&#8230;<\/span> <span class=\"meta-nav\">&rarr;<\/span><\/a><\/p>\n","protected":false},"author":1,"featured_media":10666,"comment_status":"","ping_status":"open","sticky":false,"template":"","format":"standard","meta":{"_sitemap_exclude":false,"_sitemap_priority":"","_sitemap_frequency":"","footnotes":""},"categories":[1],"tags":[],"class_list":["post-10665","post","type-post","status-publish","format-standard","has-post-thumbnail","hentry","category-tous"],"_links":{"self":[{"href":"http:\/\/www.affinite.fr\/index.php\/wp-json\/wp\/v2\/posts\/10665"}],"collection":[{"href":"http:\/\/www.affinite.fr\/index.php\/wp-json\/wp\/v2\/posts"}],"about":[{"href":"http:\/\/www.affinite.fr\/index.php\/wp-json\/wp\/v2\/types\/post"}],"author":[{"embeddable":true,"href":"http:\/\/www.affinite.fr\/index.php\/wp-json\/wp\/v2\/users\/1"}],"replies":[{"embeddable":true,"href":"http:\/\/www.affinite.fr\/index.php\/wp-json\/wp\/v2\/comments?post=10665"}],"version-history":[{"count":0,"href":"http:\/\/www.affinite.fr\/index.php\/wp-json\/wp\/v2\/posts\/10665\/revisions"}],"wp:featuredmedia":[{"embeddable":true,"href":"http:\/\/www.affinite.fr\/index.php\/wp-json\/wp\/v2\/media\/10666"}],"wp:attachment":[{"href":"http:\/\/www.affinite.fr\/index.php\/wp-json\/wp\/v2\/media?parent=10665"}],"wp:term":[{"taxonomy":"category","embeddable":true,"href":"http:\/\/www.affinite.fr\/index.php\/wp-json\/wp\/v2\/categories?post=10665"},{"taxonomy":"post_tag","embeddable":true,"href":"http:\/\/www.affinite.fr\/index.php\/wp-json\/wp\/v2\/tags?post=10665"}],"curies":[{"name":"wp","href":"https:\/\/api.w.org\/{rel}","templated":true}]}}