{"id":10659,"date":"2024-08-03T16:23:33","date_gmt":"2024-08-03T16:23:33","guid":{"rendered":"https:\/\/www.affinite.fr\/index.php\/2024\/08\/03\/vie-privee-origines-dragster-ce-quil-devient-aujourdhui-tout-savoir-de-lanimateur\/"},"modified":"2024-08-03T16:23:33","modified_gmt":"2024-08-03T16:23:33","slug":"vie-privee-origines-dragster-ce-quil-devient-aujourdhui-tout-savoir-de-lanimateur","status":"publish","type":"post","link":"http:\/\/www.affinite.fr\/index.php\/2024\/08\/03\/vie-privee-origines-dragster-ce-quil-devient-aujourdhui-tout-savoir-de-lanimateur\/","title":{"rendered":"vie priv\u00e9e, origines, dragster, ce qu&rsquo;il devient aujourd&rsquo;hui&#8230; tout savoir de l&rsquo;animateur"},"content":{"rendered":"<p> [ad_1]<br \/>\n<br \/><img decoding=\"async\" src=\"https:\/\/img-3.journaldesfemmes.fr\/vSWreOAvtrSJkBIi-V4Sd3xdWM4=\/1280x\/smart\/b1bfe1ca20a84e619f39e45729fee31c\/ccmcms-jdf\/39984041.jpg\" \/><\/p>\n<p>\n                Joyeux anniversaire \u00e0 Vincent Perrot, qui f\u00eate ses 59\u00a0ans, ce 3\u00a0ao\u00fbt\u00a0! Carri\u00e8re, vie priv\u00e9e, ce qu&rsquo;il devient&#8230; voici ses secrets.            <\/p>\n<div>\n<aside class=\"ccmsummary marqueur_module ccmcss_cms_summary ccmcss_cms_summary--right\">\n<p>Sommaire<\/p>\n<\/aside>\n<p>Il f\u00eate ce 3 ao\u00fbt son 59e anniversaire. Vincent Perrot, originaire de Confolens (ville dont son d\u00e9funt p\u00e8re\u00a0Marcel Perrot a \u00e9t\u00e9 le maire) en Charente, est devenu c\u00e9l\u00e8bre dans les ann\u00e9es 80 et 90 en animant\u00a0des programmes de divertissement.\u00a0Voici tout ce qu&rsquo;il faut savoir sur lui.<\/p>\n<p>Vincent Perrot s&rsquo;est fait conna\u00eetre dans les ann\u00e9es 1980\u00a0avec les \u00e9missions <em>Cherchez la France<\/em>, <em>Cin\u00e9-Hit<\/em> mais surtout\u00a0<em>40\u00b0 \u00e0 l&rsquo;ombre <\/em>sur France 3, avant de devenir l&rsquo;un des pensionnaires\u00a0des <em>Grosses T\u00eates<\/em> sur RTL (de 1994 \u00e0 2014) avec <a href=\"https:\/\/www.journaldesfemmes.fr\/people\/personnalites\/2764071-philippe-bouvard\/\" title=\"Philippe Bouvard\">Philippe Bouvard<\/a>. Une aventure qu&rsquo;il a abandonn\u00e9 lorsque Laurent Ruquier a pris sa succession, a-t-il confi\u00e9 \u00e0 Jordan de Luxe\u00a0: <em>\u00ab\u00a0Je dois \u00e9norm\u00e9ment \u00e0 Philippe Bouvard, qui m&rsquo;a port\u00e9, qui m&rsquo;a pouss\u00e9, qui a cru en moi, qui m&rsquo;a permis de me montrer sous un autre jour.\u00a0\u00bb\u00a0<\/em><\/p>\n<p>Vincent Perrot n&rsquo;a pas souhait\u00e9 reprendre sa place dans l&rsquo;\u00e9mission culte mais n&rsquo;a aucun soucis avec Lauren Ruquier : \u00ab\u00a0<em>De temps en temps, il m&rsquo;a invit\u00e9, en tant qu&rsquo;invit\u00e9 surprise (&#8230;) Je ne pouvais pas <\/em>[redevenir pensionnaire, ndlr]<em>, c&rsquo;\u00e9tait pas le m\u00eame monde.\u00a0\u00bb<\/em><\/p>\n<div class=\"ccminsert\">\n<p><template data-type=\"embedtag\" data-tagname=\"youtube\"><iframe loading=\"lazy\" allow=\"accelerometer; autoplay; clipboard-write; encrypted-media; gyroscope; picture-in-picture; web-share\" allowfullscreen=\"\" frameborder=\"0\" height=\"315\" referrerpolicy=\"strict-origin-when-cross-origin\" src=\"https:\/\/www.youtube.com\/embed\/Z_lBgTLGrsU?si=JXUJX_8lkJWsCbji\" title=\"YouTube video player\" width=\"560\"><\/iframe><\/template><\/p>\n<\/div>\n<p>Par la suite, il a multipli\u00e9 les \u00e9missions sur diff\u00e9rentes chaines :\u00a0<em>Autour du Tour de France <\/em>sur\u00a0France 3,\u00a0<em>Moksh\u00fb Patam\u00fb<\/em> sur\u00a0TF1 ou encore\u00a0<em>L&rsquo;\u00e9mission des records<\/em> \u00e9galement sur\u00a0TF1.<\/p>\n<h2 id=\"vincent-perrot-est-il-marie-et-a-t-il-des-enfants\">Vincent Perrot est-il mari\u00e9 et a-t-il des enfants\u00a0?<\/h2>\n<p>Oui, Vincent Perrot\u00a0est mari\u00e9 \u00e0 Virginie Perrot depuis 2017.\u00a0Ensemble, ils ont eu deux enfants :\u00a0Jules et Louka.\u00a0Une vie priv\u00e9e que l&rsquo;animateur\u00a0partage parfois sur les r\u00e9seaux sociaux, m\u00eame s&rsquo;il n&rsquo;est pas bavard sur le sujet. Invit\u00e9 dans l&rsquo;\u00e9mission <em>Chez Jordan<\/em>, il expliquait vivre plusieurs semaines loin de sa famille, qui a\u00a0quitt\u00e9 la capitale, tandis que\u00a0l&rsquo;animateur vit et travaille \u00e0 Paris.<\/p>\n<p><em>\u00ab\u00a0En concertation avec Virginie bien s\u00fbr, on a fait un choix, je dirais m\u00eame\u00a0une sorte de sacrifice, sacrifice financier, sacrifice sentimental, de leur permettre d&rsquo;habiter \u00e0 900\u00a0kilom\u00e8tres d&rsquo;ici, c&rsquo;est-\u00e0-dire \u00e0 Cannes\u00a0\u00bb<\/em>, avait-il confi\u00e9. Une vie dans les Alpes-Maritimes qui les rend heureux.<\/p>\n<h2 id=\"quel-record-a-battu-vincent-perroten-dragster-\">Quel record a battu Vincent Perrot\u00a0en dragster ?<\/h2>\n<p>L&rsquo;animateur est aussi un amateur d&rsquo;automobiles. Il d\u00e9croche en 1998\u00a0le record du monde de vitesse sur route\u00a0en acc\u00e9l\u00e9ration sur 250\u00a0m avec 402,8\u00a0km\/h\u00a0\u00e0 bord de son\u00a0dragster. Un exploit battu par lui-m\u00eame\u00a0septembre 2006, son engin propuls\u00e9 par un module de fus\u00e9e am\u00e9ricain Apollo de 30\u00a0000\u00a0CV.\u00a0R\u00e9sultat\u00a0: 530,69\u00a0km\/h sur 250\u00a0m. Mordu de vitesse, il avait promis de rendre les armes \u00e0 ce moment-l\u00e0.<em> \u00ab\u00a0J&rsquo;en ai fait le serment \u00e0 ma m\u00e8re\u00a0\u00bb<\/em>, avait-il confi\u00e9 au <em>Parisien<\/em>.\u00a0<\/p>\n<h2 id=\"que-devient-vincent-perrot-\">Que devient Vincent Perrot ?\u00a0<\/h2>\n<p>En 2020, Vincent Perrot a\u00a0lanc\u00e9 le programme\u00a0<em>Pop Cinoche<\/em>, une\u00a0\u00e9mission dans laquelle\u00a0il\u00a0parle du 7\u00e8me art en toute intimit\u00e9 sur sa chaine Youtube.\u00a0Parmi ses invit\u00e9s\u00a0: Daniel\u00a0Auteuil, Jean-Michel\u00a0Jarre, Dominique Besnehard, ou encore \u00c9lisa Tovati.<\/p>\n<p>Par ailleurs, il a fait de brefs passages comme chroniqueur\u00a0dans\u00a0<em>Touche pas \u00e0 mon poste\u00a0!<\/em> et <em>TPMP\u00a0! ouvert \u00e0 tous<\/em> sur C8. Mais c&rsquo;est surtout sur RTL qu&rsquo;on continue de le retrouver puisqu&rsquo;il anime depuis 2021 l&rsquo;\u00e9mission\u00a0<em>Petit matin le week-end<\/em>.\u00a0<\/p>\n<p>Ami avec plusieurs personnalit\u00e9s, Vincent Perrot avait \u00e9t\u00e9 interrog\u00e9 sur l&rsquo;affaire\u00a0<a href=\"https:\/\/www.journaldesfemmes.fr\/people\/personnalites\/2891097-pierre-palmade-cocaine-vie-privee-justice-mariage-bio\/\" title=\"Pierre Palmade\">Pierre Palmade<\/a>, humoriste qu&rsquo;il connait bien, sur le plateau de <em>TPMP People<\/em>. \u00ab\u00a0<em>On se conna\u00eet bien. On \u00e9tait proches. Il y a des choses qui nous s\u00e9parent et c&rsquo;est d&rsquo;ailleurs ce qui nous a un petit peu \u00e9loign\u00e9s ces derni\u00e8res ann\u00e9es. Tout le monde m&rsquo;aura compris<\/em>\u00ab\u00a0, avait-il d&rsquo;abord d\u00e9clar\u00e9.<\/p>\n<p>Il avait notamment r\u00e9agi \u00e0 l&rsquo;accident de voiture provoqu\u00e9 par le com\u00e9dien sous l&#8217;emprise de la coca\u00efne\u00a0en f\u00e9vrier 2023, en Seine-et-Marne.\u00a0<em>\u00ab\u00a0Je ne peux pas m&#8217;emp\u00eacher de penser \u00e0 Pierre qui a fait l\u00e0, la plus grosse connerie de sa vie. Et je pense qu&rsquo;il va la payer longtemps. Pour toujours. Je n&rsquo;ai rien d&rsquo;autre \u00e0 dire.\u00a0\u00bb<\/em><\/p>\n<\/p><\/div>\n<p>[ad_2]<br \/>\n<br \/><a href=\"https:\/\/www.journaldesfemmes.fr\/people\/personnalites\/3191814-vincent-perrot-age-vie-privee-carriere\/\">Source link <\/a><\/p>\n","protected":false},"excerpt":{"rendered":"<p>[ad_1] Joyeux anniversaire \u00e0 Vincent Perrot, qui f\u00eate ses 59\u00a0ans, ce 3\u00a0ao\u00fbt\u00a0! Carri\u00e8re, vie priv\u00e9e, ce qu&rsquo;il devient&#8230; voici ses &hellip; <a href=\"http:\/\/www.affinite.fr\/index.php\/2024\/08\/03\/vie-privee-origines-dragster-ce-quil-devient-aujourdhui-tout-savoir-de-lanimateur\/\" class=\"more-link\">Plus <span class=\"screen-reader-text\">vie priv\u00e9e, origines, dragster, ce qu&rsquo;il devient aujourd&rsquo;hui&#8230; tout savoir de l&rsquo;animateur<\/span> <span class=\"meta-nav\">&rarr;<\/span><\/a><\/p>\n","protected":false},"author":1,"featured_media":10660,"comment_status":"","ping_status":"open","sticky":false,"template":"","format":"standard","meta":{"_sitemap_exclude":false,"_sitemap_priority":"","_sitemap_frequency":"","footnotes":""},"categories":[1],"tags":[],"class_list":["post-10659","post","type-post","status-publish","format-standard","has-post-thumbnail","hentry","category-tous"],"_links":{"self":[{"href":"http:\/\/www.affinite.fr\/index.php\/wp-json\/wp\/v2\/posts\/10659"}],"collection":[{"href":"http:\/\/www.affinite.fr\/index.php\/wp-json\/wp\/v2\/posts"}],"about":[{"href":"http:\/\/www.affinite.fr\/index.php\/wp-json\/wp\/v2\/types\/post"}],"author":[{"embeddable":true,"href":"http:\/\/www.affinite.fr\/index.php\/wp-json\/wp\/v2\/users\/1"}],"replies":[{"embeddable":true,"href":"http:\/\/www.affinite.fr\/index.php\/wp-json\/wp\/v2\/comments?post=10659"}],"version-history":[{"count":0,"href":"http:\/\/www.affinite.fr\/index.php\/wp-json\/wp\/v2\/posts\/10659\/revisions"}],"wp:featuredmedia":[{"embeddable":true,"href":"http:\/\/www.affinite.fr\/index.php\/wp-json\/wp\/v2\/media\/10660"}],"wp:attachment":[{"href":"http:\/\/www.affinite.fr\/index.php\/wp-json\/wp\/v2\/media?parent=10659"}],"wp:term":[{"taxonomy":"category","embeddable":true,"href":"http:\/\/www.affinite.fr\/index.php\/wp-json\/wp\/v2\/categories?post=10659"},{"taxonomy":"post_tag","embeddable":true,"href":"http:\/\/www.affinite.fr\/index.php\/wp-json\/wp\/v2\/tags?post=10659"}],"curies":[{"name":"wp","href":"https:\/\/api.w.org\/{rel}","templated":true}]}}