{"id":10653,"date":"2024-08-01T16:21:08","date_gmt":"2024-08-01T16:21:08","guid":{"rendered":"https:\/\/www.affinite.fr\/index.php\/2024\/08\/01\/a-36-ans-ophelie-meunier-rayonne-en-bikini-et-sans-maquillage-pendant-ses-vacances-en-famille\/"},"modified":"2024-08-01T16:21:08","modified_gmt":"2024-08-01T16:21:08","slug":"a-36-ans-ophelie-meunier-rayonne-en-bikini-et-sans-maquillage-pendant-ses-vacances-en-famille","status":"publish","type":"post","link":"http:\/\/www.affinite.fr\/index.php\/2024\/08\/01\/a-36-ans-ophelie-meunier-rayonne-en-bikini-et-sans-maquillage-pendant-ses-vacances-en-famille\/","title":{"rendered":"A 36\u00a0ans, Oph\u00e9lie Meunier rayonne en bikini et sans maquillage pendant ses vacances en famille"},"content":{"rendered":"<p> [ad_1]<br \/>\n<br \/><img decoding=\"async\" src=\"https:\/\/img-3.journaldesfemmes.fr\/9-WeJ6vpPuCl72gMono16_KZDJM=\/1280x\/smart\/c7bd636d84cf46f78b6ebd9dcf914581\/ccmcms-jdf\/39986547.jpg\" \/><\/p>\n<p>\n                Plut\u00f4t discr\u00e8te sur sa vie priv\u00e9e, Oph\u00e9lie Meunier a partage une photo de ses vacances espagnoles. Avec son visage nu, sans maquillage et en bikini, l&rsquo;animatrice TV nous prouve sa beaut\u00e9 p\u00e9tillante.            <\/p>\n<div>\n<p>Le 30 juillet dernier, Oph\u00e9lie Meunier a publi\u00e9 une photo sur son compte Instagram, d\u00e9voilant un moment intime de ses vacances en Espagne. C&rsquo;est l&rsquo;occasion pour l&rsquo;animatrice t\u00e9l\u00e9 de laisser sa peau respirer et d&rsquo;afficher son glow \u00e9blouissant.<\/p>\n<h2>Oph\u00e9lie Meunier affiche sa peau lisse<\/h2>\n<p>C&rsquo;est dans l&rsquo;eau de la piscine, avec ses deux enfants (Joseph et Valentine) dans les bras, qu&rsquo;Oph\u00e9lie Meunier pose sur ce clich\u00e9. La Fran\u00e7aise y re\u00e7oit des <em>\u00ab\u00a0bisous mouill\u00e9s\u00a0\u00bb<\/em>, comme elle l&rsquo;a \u00e9crit en l\u00e9gende de ce post sur Instagram. En vacances \u00e0 Barcelone, la journaliste s&rsquo;octroie un moment de d\u00e9tente en famille, en bikini, loin des plateaux t\u00e9l\u00e9. Ainsi, Oph\u00e9lie Meunier peut laisser <strong>sa peau au naturel, <a href=\"https:\/\/www.journaldesfemmes.fr\/beaute\/beaute-de-stars\/2857345-star-sans-maquillage-decouvrez-les-celebrites-sans-retouche\/\" title=\"Stars sans maquillage\">sans maquillage<\/a><\/strong>, ni artifices. D&rsquo;ailleurs, on remarque qu&rsquo;elle affiche un visage lisse et \u00e9clatant. Sur cette photo, la star \u00e2g\u00e9e de 36 ans irradie de beaut\u00e9 et de bonheur.<\/p>\n<h2>Oph\u00e9lie Meunier change de couleur de cheveux<\/h2>\n<p>Quelques jours auparavant, Oph\u00e9lie Meunier \u00e9tait \u00e0 Paris pour assister \u00e0 la c\u00e9r\u00e9monie d&rsquo;ouverture des Jeux Olympiques 2024. A cette occasion, on a pu d\u00e9couvrir sa nouvelle couleur de cheveux. Celle qui est n\u00e9e \u00e0 Versailles a \u00e9clairci\u00a0ses longueurs, troquant son blond dor\u00e9 naturel contre un\u00a0<strong>blond tr\u00e8s clair et lumineux.<\/strong><\/p>\n<p>C&rsquo;est pour la technique du <a href=\"https:\/\/www.journaldesfemmes.fr\/beaute\/conseils-cheveux\/2407540-choisir-balayage-cheveux-bronde-sombre-tie-and-dye\/\" title=\"Balayage\">balayage<\/a> qu&rsquo;elle a opt\u00e9, afin de s&rsquo;assurer un rendu diffus, qui offrira une repousse facile. On valide\u00a0cette couleur de cheveux\u00a0parfaite qui pr\u00e9sente l&rsquo;avantage\u00a0d&rsquo;illuminer son teint de poup\u00e9e et de donner un coup de pep&rsquo;s \u00e0 sa crini\u00e8re de r\u00eave agr\u00e9ment\u00e9e d&rsquo;une\u00a0longue <a href=\"https:\/\/www.journaldesfemmes.fr\/beaute\/conseils-cheveux\/1946562-frange-rideau\/\" title=\"Franges rideau\">frange rideau<\/a> tendance.<\/p>\n<\/p><\/div>\n<p>[ad_2]<br \/>\n<br \/><a href=\"https:\/\/www.journaldesfemmes.fr\/beaute\/magazine\/3193868-a-36-ans-ophelie-meunier-rayonne-en-bikini-et-sans-maquillage-pendant-ses-vacances-en-famille-photo\/\">Source link <\/a><\/p>\n","protected":false},"excerpt":{"rendered":"<p>[ad_1] Plut\u00f4t discr\u00e8te sur sa vie priv\u00e9e, Oph\u00e9lie Meunier a partage une photo de ses vacances espagnoles. Avec son visage &hellip; <a href=\"http:\/\/www.affinite.fr\/index.php\/2024\/08\/01\/a-36-ans-ophelie-meunier-rayonne-en-bikini-et-sans-maquillage-pendant-ses-vacances-en-famille\/\" class=\"more-link\">Plus <span class=\"screen-reader-text\">A 36\u00a0ans, Oph\u00e9lie Meunier rayonne en bikini et sans maquillage pendant ses vacances en famille<\/span> <span class=\"meta-nav\">&rarr;<\/span><\/a><\/p>\n","protected":false},"author":1,"featured_media":10654,"comment_status":"","ping_status":"open","sticky":false,"template":"","format":"standard","meta":{"_sitemap_exclude":false,"_sitemap_priority":"","_sitemap_frequency":"","footnotes":""},"categories":[1],"tags":[],"class_list":["post-10653","post","type-post","status-publish","format-standard","has-post-thumbnail","hentry","category-tous"],"_links":{"self":[{"href":"http:\/\/www.affinite.fr\/index.php\/wp-json\/wp\/v2\/posts\/10653"}],"collection":[{"href":"http:\/\/www.affinite.fr\/index.php\/wp-json\/wp\/v2\/posts"}],"about":[{"href":"http:\/\/www.affinite.fr\/index.php\/wp-json\/wp\/v2\/types\/post"}],"author":[{"embeddable":true,"href":"http:\/\/www.affinite.fr\/index.php\/wp-json\/wp\/v2\/users\/1"}],"replies":[{"embeddable":true,"href":"http:\/\/www.affinite.fr\/index.php\/wp-json\/wp\/v2\/comments?post=10653"}],"version-history":[{"count":0,"href":"http:\/\/www.affinite.fr\/index.php\/wp-json\/wp\/v2\/posts\/10653\/revisions"}],"wp:featuredmedia":[{"embeddable":true,"href":"http:\/\/www.affinite.fr\/index.php\/wp-json\/wp\/v2\/media\/10654"}],"wp:attachment":[{"href":"http:\/\/www.affinite.fr\/index.php\/wp-json\/wp\/v2\/media?parent=10653"}],"wp:term":[{"taxonomy":"category","embeddable":true,"href":"http:\/\/www.affinite.fr\/index.php\/wp-json\/wp\/v2\/categories?post=10653"},{"taxonomy":"post_tag","embeddable":true,"href":"http:\/\/www.affinite.fr\/index.php\/wp-json\/wp\/v2\/tags?post=10653"}],"curies":[{"name":"wp","href":"https:\/\/api.w.org\/{rel}","templated":true}]}}