{"id":10651,"date":"2024-07-31T16:19:36","date_gmt":"2024-07-31T16:19:36","guid":{"rendered":"http:\/\/www.affinite.fr\/index.php\/2024\/07\/31\/un-expert-revele-comment-utiliser-vos-plantes-pour-rafraichir-la-maison\/"},"modified":"2024-07-31T16:19:36","modified_gmt":"2024-07-31T16:19:36","slug":"un-expert-revele-comment-utiliser-vos-plantes-pour-rafraichir-la-maison","status":"publish","type":"post","link":"http:\/\/www.affinite.fr\/index.php\/2024\/07\/31\/un-expert-revele-comment-utiliser-vos-plantes-pour-rafraichir-la-maison\/","title":{"rendered":"Un expert r\u00e9v\u00e8le comment utiliser vos plantes pour rafra\u00eechir la maison"},"content":{"rendered":"<p> [ad_1]<br \/>\n<br \/><img decoding=\"async\" src=\"https:\/\/img-3.journaldesfemmes.fr\/rAIQ8sHTlbIKtoXt5XqrKXQZjXQ=\/1280x\/smart\/70b8bcaa03b4463a863dd6de1994859c\/ccmcms-jdf\/39979377.jpg\" \/><\/p>\n<p>\n                Saviez-vous que vos plantes vertes pouvaient \u00eatre de v\u00e9ritables alli\u00e9es pour garder votre maison fra\u00eeche et agr\u00e9able cet \u00e9t\u00e9\u00a0? Une seule r\u00e8gle \u00e0 conna\u00eetre.            <\/p>\n<div>\n<p>Les beaux jours sont arriv\u00e9s et la chaleur s&rsquo;invite progressivement dans votre foyer.\u00a0Ainsi,\u00a0trouver des moyens de rafra\u00eechir votre\u00a0maison sans augmenter votre\u00a0facture d&rsquo;\u00e9lectricit\u00e9 peut \u00eatre un vrai casse-t\u00eate. Pourtant, une solution naturelle, trop souvent n\u00e9glig\u00e9e, pourrait rem\u00e9dier au probl\u00e8me, et ce, sans vous co\u00fbter un centime. C&rsquo;est du c\u00f4t\u00e9 de vos plantes vertes que \u00e7a se passe !<\/p>\n<p>Les plantes vertes ne sont pas seulement d\u00e9coratives, elles ont aussi des propri\u00e9t\u00e9s qui aident \u00e0 r\u00e9guler la temp\u00e9rature int\u00e9rieure. En lib\u00e9rant de l&rsquo;humidit\u00e9 dans l&rsquo;air, elles cr\u00e9ent un environnement plus frais et plus agr\u00e9able. En effet, celles-ci viennent\u00a0absorber\u00a0la chaleur \u00e0 travers leurs feuilles et leurs racines, permettant de\u00a0r\u00e9guler la temp\u00e9rature ambiante. De plus, certaines esp\u00e8ces, comme le lierre et le pothos, sont particuli\u00e8rement efficaces pour purifier l&rsquo;air et \u00e9liminer les toxines, contribuant d&rsquo;autant plus \u00e0 un air int\u00e9rieur plus sain.\u00a0Les plantes tropicales, aussi, ont leur carte \u00e0 jouer en p\u00e9riode estivale, puisque ces derni\u00e8res\u00a0sont habitu\u00e9es aux climats chauds et humides et r\u00e9agissent donc efficacement face \u00e0 la hausse du mercure. Parmi elles, le palmier areca, le ficus elastica ou encore\u00a0la foug\u00e8re de Boston seront d&rsquo;excellents choix.<\/p>\n<p>Mais l&rsquo;astuce \u00e0 conna\u00eetre pour d\u00e9cupler l&rsquo;efficacit\u00e9 des plantes vertes dans le rafra\u00eechissement de\u00a0votre maison concerne leur disposition\u00a0dans votre foyer.\u00a0Effectivement, la cl\u00e9 pour maximiser leurs bienfaits est de les regrouper. <em>\u00ab\u00a0Le regroupement des plantes contribue \u00e0 cr\u00e9er un microclimat humide\u00a0\u00bb,<\/em> explique Craig Morley, expert en jardinage chez Budget Seeds.\u00a0<em>\u00ab\u00a0Cela \u00e9vite aussi que chaque plante ne se dess\u00e8che.\u00a0\u00bb<\/em>\u00a0Ainsi, en pla\u00e7ant plusieurs plantes c\u00f4te \u00e0 c\u00f4te,\u00a0vous leur permettez de mutualiser leurs capacit\u00e9s \u00e0 lib\u00e9rer de l&rsquo;humidit\u00e9 et \u00e0 absorber la chaleur, amplifiant ainsi leur effet rafra\u00eechissant. De plus, cela ajoute\u00a0une touche de verdure luxuriante \u00e0 votre int\u00e9rieur, cr\u00e9ant un espace \u00e0 la fois esth\u00e9tique et fonctionnel. Veillez cependant \u00e0\u00a0les installer\u00a0dans l&rsquo;endroit le plus frais de chaque pi\u00e8ce, en \u00e9vitant les rebords de fen\u00eatre ou tout endroit expos\u00e9 \u00e0 la lumi\u00e8re directe du soleil.\u00a0Une astuce \u00e0 partager !<\/p>\n<\/p><\/div>\n<p>[ad_2]<br \/>\n<br \/><a href=\"https:\/\/deco.journaldesfemmes.fr\/3188172-un-expert-revele-comment-utiliser-vos-plantes-pour-rafraichir-la-maison-fallait-y-penser\/\">Source link <\/a><\/p>\n","protected":false},"excerpt":{"rendered":"<p>[ad_1] Saviez-vous que vos plantes vertes pouvaient \u00eatre de v\u00e9ritables alli\u00e9es pour garder votre maison fra\u00eeche et agr\u00e9able cet \u00e9t\u00e9\u00a0? &hellip; <a href=\"http:\/\/www.affinite.fr\/index.php\/2024\/07\/31\/un-expert-revele-comment-utiliser-vos-plantes-pour-rafraichir-la-maison\/\" class=\"more-link\">Plus <span class=\"screen-reader-text\">Un expert r\u00e9v\u00e8le comment utiliser vos plantes pour rafra\u00eechir la maison<\/span> <span class=\"meta-nav\">&rarr;<\/span><\/a><\/p>\n","protected":false},"author":1,"featured_media":10652,"comment_status":"","ping_status":"open","sticky":false,"template":"","format":"standard","meta":{"_sitemap_exclude":false,"_sitemap_priority":"","_sitemap_frequency":"","footnotes":""},"categories":[1],"tags":[],"class_list":["post-10651","post","type-post","status-publish","format-standard","has-post-thumbnail","hentry","category-tous"],"_links":{"self":[{"href":"http:\/\/www.affinite.fr\/index.php\/wp-json\/wp\/v2\/posts\/10651"}],"collection":[{"href":"http:\/\/www.affinite.fr\/index.php\/wp-json\/wp\/v2\/posts"}],"about":[{"href":"http:\/\/www.affinite.fr\/index.php\/wp-json\/wp\/v2\/types\/post"}],"author":[{"embeddable":true,"href":"http:\/\/www.affinite.fr\/index.php\/wp-json\/wp\/v2\/users\/1"}],"replies":[{"embeddable":true,"href":"http:\/\/www.affinite.fr\/index.php\/wp-json\/wp\/v2\/comments?post=10651"}],"version-history":[{"count":0,"href":"http:\/\/www.affinite.fr\/index.php\/wp-json\/wp\/v2\/posts\/10651\/revisions"}],"wp:featuredmedia":[{"embeddable":true,"href":"http:\/\/www.affinite.fr\/index.php\/wp-json\/wp\/v2\/media\/10652"}],"wp:attachment":[{"href":"http:\/\/www.affinite.fr\/index.php\/wp-json\/wp\/v2\/media?parent=10651"}],"wp:term":[{"taxonomy":"category","embeddable":true,"href":"http:\/\/www.affinite.fr\/index.php\/wp-json\/wp\/v2\/categories?post=10651"},{"taxonomy":"post_tag","embeddable":true,"href":"http:\/\/www.affinite.fr\/index.php\/wp-json\/wp\/v2\/tags?post=10651"}],"curies":[{"name":"wp","href":"https:\/\/api.w.org\/{rel}","templated":true}]}}