{"id":10639,"date":"2024-07-27T16:14:55","date_gmt":"2024-07-27T16:14:55","guid":{"rendered":"http:\/\/www.affinite.fr\/index.php\/2024\/07\/27\/frederic-francois-possede-une-maison-dans-ce-coin-de-france-depuis-des-annees-ce-que-jadore-cest\/"},"modified":"2024-07-27T16:14:55","modified_gmt":"2024-07-27T16:14:55","slug":"frederic-francois-possede-une-maison-dans-ce-coin-de-france-depuis-des-annees-ce-que-jadore-cest","status":"publish","type":"post","link":"http:\/\/www.affinite.fr\/index.php\/2024\/07\/27\/frederic-francois-possede-une-maison-dans-ce-coin-de-france-depuis-des-annees-ce-que-jadore-cest\/","title":{"rendered":"Fr\u00e9d\u00e9ric Fran\u00e7ois, poss\u00e8de une maison dans ce coin de France depuis des ann\u00e9es\u00a0: \u00ab\u00a0Ce que j&rsquo;adore c&rsquo;est&#8230;\u00a0\u00bb"},"content":{"rendered":"<p> [ad_1]<br \/>\n<br \/><img decoding=\"async\" src=\"https:\/\/img-3.journaldesfemmes.fr\/EvK83U51ltDG4NYOi00dqL3Zw1w=\/1280x\/smart\/427b1e9a4e014800a30cf04648aa7f32\/ccmcms-jdf\/39985596.jpg\" \/><\/p>\n<p>\n                Le chanteur a du sang sicilien dans les veines pourtant, c&rsquo;est en Belgique qu&rsquo;il habite. Mais, l&rsquo;\u00e9t\u00e9, Fr\u00e9d\u00e9ric Fran\u00e7ois prend la direction de la France pour poser ses valises dans un spot qu&rsquo;il adore.            <\/p>\n<div>\n<p>A 74 ans, <a href=\"https:\/\/www.journaldesfemmes.fr\/people\/personnalites\/2926685-frederic-francois-age-vie-privee-femme\/\" title=\"Fr\u00e9d\u00e9ric Fran\u00e7ois\">Fr\u00e9d\u00e9ric Fran\u00e7ois<\/a> continue de sillonner les routes pour interpr\u00e9ter ses plus grands succ\u00e8s comme <em>Mon coeur te dit je t&rsquo;aime<\/em> ou <em>Je t&rsquo;aime \u00e0 l&rsquo;italienne<\/em>. Et quand il a un peu de temps libre dans son planning, l&rsquo;artiste s&rsquo;offre alors une escapade bien m\u00e9rit\u00e9e dans le Sud de la France&#8230;<\/p>\n<h2>Fr\u00e9d\u00e9ric Fran\u00e7ois adepte de longue date de cette ville baln\u00e9aire<\/h2>\n<p>Fr\u00e9d\u00e9ric Fran\u00e7ois a expliqu\u00e9 sur les ondes de\u00a0France Bleu o\u00f9 il aime passer ses vacances d&rsquo;\u00e9t\u00e9. \u00ab\u00a0<em>J&rsquo;habite \u00e0 Antibes. Je suis comme chez moi, je suis pas loin de l&rsquo;Italie, Monaco et Vintimille<\/em> a-t-il racont\u00e9 en souriant. <em>J&rsquo;y passe un peu de temps l&rsquo;\u00e9t\u00e9<\/em>\u00ab\u00a0. Ce que le mari de Monique Vercauteren, avec laquelle il est en couple depuis d\u00e9j\u00e0 plus de 50 ans,\u00a0aime par-dessus tout, c&rsquo;est le climat. \u00ab\u00a0<em>Je profite du soleil parce que je suis quelqu&rsquo;un qui vient du Sud. Mes yeux bleus et mes cheveux blonds en sont le t\u00e9moin\u00a0\u00bb<\/em>, s&rsquo;est-il amus\u00e9.<em>\u00a0<\/em><\/p>\n<p><em>\u00ab\u00a0Pour moi, le soleil, c&rsquo;est tr\u00e8s important. Je souffre du froid,<\/em>\u00a0\u00bb a expliqu\u00e9 celui dont le vrai nom est Francesco Barracato,\u00a0n\u00e9 \u00e0 Lercara Friddi en Sicile, Et les temp\u00e9ratures sup\u00e9rieures \u00e0 30\u00b0 lui rappellent les chaudes journ\u00e9es italiennes.<\/p>\n<h2>Comment Fr\u00e9d\u00e9ric Fran\u00e7ois occupe ses journ\u00e9es\u00a0?<\/h2>\n<p>Fr\u00e9d\u00e9ric Fran\u00e7ois pratique le <em>farniente<\/em> sous le soleil. \u00ab\u00a0<em>Ce que j&rsquo;adore, c&rsquo;est me coucher pr\u00e8s de la piscine, aller dans l&rsquo;eau, nager, ressortir, me remettre au soleil sur un transat<\/em>.\u00a0\u00bb La star, p\u00e8re de quatre enfants et de six petits-enfants, aiment passer du temps avec sa tribu. \u00ab\u00a0<em>Ce que j&rsquo;adore aussi, c&rsquo;est descendre avec la famille au bord de mer et puis marcher le long de la mer avec les pieds dans l&rsquo;eau, je trouve \u00e7a relaxant, \u00e7a permet de fredonner dans ma t\u00eate de nouvelles chansons<\/em>\u00ab\u00a0.<\/p>\n<p>Enfin, le chanteur &#8211; dont le dernier album s&rsquo;intitule <em>On a tous besoin d&rsquo;aimer <\/em>&#8211; profite des plaisirs de la table. \u00ab\u00a0<em>Le soir, on va dans des restaurants parce que la cuisine m\u00e9diterran\u00e9enne pour moi, c&rsquo;est\u2026<\/em>\u00a0\u00bb a-t-il d\u00e9clar\u00e9 avec un sourire qui en dit long sur son amour pour ses douceurs.<\/p>\n<p>Selon les informations de <em>France Dimanche<\/em>, parues en 2023, Fr\u00e9d\u00e9ric Fran\u00e7ois avait mis en vente pour presque 3 millions d&rsquo;euros sa villa d&rsquo;Antibes. Quant \u00e0 <em>Capital<\/em>, le site avait annonc\u00e9 que le chanteur s&rsquo;\u00e9tait aussi s\u00e9par\u00e9\u00a0de son appartement des \u00eeles Canaries&#8230;\u00a0<\/p>\n<\/p><\/div>\n<p>[ad_2]<br \/>\n<br \/><a href=\"https:\/\/www.journaldesfemmes.fr\/people\/actus\/3192272-frederic-francois-maison-france-ete-ou-ca\/\">Source link <\/a><\/p>\n","protected":false},"excerpt":{"rendered":"<p>[ad_1] Le chanteur a du sang sicilien dans les veines pourtant, c&rsquo;est en Belgique qu&rsquo;il habite. Mais, l&rsquo;\u00e9t\u00e9, Fr\u00e9d\u00e9ric Fran\u00e7ois &hellip; <a href=\"http:\/\/www.affinite.fr\/index.php\/2024\/07\/27\/frederic-francois-possede-une-maison-dans-ce-coin-de-france-depuis-des-annees-ce-que-jadore-cest\/\" class=\"more-link\">Plus <span class=\"screen-reader-text\">Fr\u00e9d\u00e9ric Fran\u00e7ois, poss\u00e8de une maison dans ce coin de France depuis des ann\u00e9es\u00a0: \u00ab\u00a0Ce que j&rsquo;adore c&rsquo;est&#8230;\u00a0\u00bb<\/span> <span class=\"meta-nav\">&rarr;<\/span><\/a><\/p>\n","protected":false},"author":1,"featured_media":10640,"comment_status":"","ping_status":"open","sticky":false,"template":"","format":"standard","meta":{"_sitemap_exclude":false,"_sitemap_priority":"","_sitemap_frequency":"","footnotes":""},"categories":[1],"tags":[],"class_list":["post-10639","post","type-post","status-publish","format-standard","has-post-thumbnail","hentry","category-tous"],"_links":{"self":[{"href":"http:\/\/www.affinite.fr\/index.php\/wp-json\/wp\/v2\/posts\/10639"}],"collection":[{"href":"http:\/\/www.affinite.fr\/index.php\/wp-json\/wp\/v2\/posts"}],"about":[{"href":"http:\/\/www.affinite.fr\/index.php\/wp-json\/wp\/v2\/types\/post"}],"author":[{"embeddable":true,"href":"http:\/\/www.affinite.fr\/index.php\/wp-json\/wp\/v2\/users\/1"}],"replies":[{"embeddable":true,"href":"http:\/\/www.affinite.fr\/index.php\/wp-json\/wp\/v2\/comments?post=10639"}],"version-history":[{"count":0,"href":"http:\/\/www.affinite.fr\/index.php\/wp-json\/wp\/v2\/posts\/10639\/revisions"}],"wp:featuredmedia":[{"embeddable":true,"href":"http:\/\/www.affinite.fr\/index.php\/wp-json\/wp\/v2\/media\/10640"}],"wp:attachment":[{"href":"http:\/\/www.affinite.fr\/index.php\/wp-json\/wp\/v2\/media?parent=10639"}],"wp:term":[{"taxonomy":"category","embeddable":true,"href":"http:\/\/www.affinite.fr\/index.php\/wp-json\/wp\/v2\/categories?post=10639"},{"taxonomy":"post_tag","embeddable":true,"href":"http:\/\/www.affinite.fr\/index.php\/wp-json\/wp\/v2\/tags?post=10639"}],"curies":[{"name":"wp","href":"https:\/\/api.w.org\/{rel}","templated":true}]}}