{"id":10633,"date":"2024-07-25T16:10:33","date_gmt":"2024-07-25T16:10:33","guid":{"rendered":"https:\/\/www.affinite.fr\/index.php\/2024\/07\/25\/comment-en-finir-avec-le-syndrome-de-la-valise-trop-pleine\/"},"modified":"2024-07-25T16:10:33","modified_gmt":"2024-07-25T16:10:33","slug":"comment-en-finir-avec-le-syndrome-de-la-valise-trop-pleine","status":"publish","type":"post","link":"http:\/\/www.affinite.fr\/index.php\/2024\/07\/25\/comment-en-finir-avec-le-syndrome-de-la-valise-trop-pleine\/","title":{"rendered":"comment en finir avec le syndrome de la valise trop pleine\u00a0?"},"content":{"rendered":"<p> [ad_1]<br \/>\n<br \/><img decoding=\"async\" src=\"https:\/\/img-3.journaldesfemmes.fr\/L121zO_DE9jOvFLAsf_pU1-uzUc=\/1280x\/smart\/ff9f93fcd98f4bcd9debf99c5217ec3c\/ccmcms-jdf\/39982495.jpg\" \/><\/p>\n<div>\n<p>Notre valise est un vrai\u00a0miroir de ce que nous sommes. \u00ab\u00a0<em>On met toujours un peu de \u00ab\u00a0soi\u00a0\u00bb dans sa valise. Outre les choses rationnelles dont on a vraiment besoin quand on part en vacances (cr\u00e8me solaire, maillot de bain&#8230;), la valise repr\u00e9sente un condens\u00e9 de ses go\u00fbts, ses besoins, ses envies, comme une extension\u00a0de sa maison<\/em>\u00ab\u00a0, nous confirme Ma\u00eft\u00e9 Tranzer, psychologue clinicienne. Voil\u00e0 ce que r\u00e9v\u00e8le le fait de remplir toujours excessivement sa valise :<\/p>\n<p>\u25ba Les bagages charg\u00e9s d&rsquo;affect\u00a0sont rassurants et permettent de retrouver un cocon\u00a0quand on quitte\u00a0le rep\u00e8re que repr\u00e9sente notre maison.\u00a0Ils jouent un r\u00f4le d&rsquo;objets transitionnels qui font le lien entre un lieu-refuge et un lieu inconnu. \u00ab\u00a0<em>Mais attention, emporter les choses qui nous tiennent\u00a0\u00e0 c\u0153ur, c&rsquo;est aussi prendre le risque de perdre, lors du s\u00e9jour,\u00a0des objets d&rsquo;une grande valeur sentimentale<\/em>\u00ab\u00a0, souligne Ma\u00eft\u00e9 Tranzer.<\/p>\n<p>\u25ba\u00a0Les bagages maximalistes ou qui d\u00e9bordent soul\u00e8vent une peur de manquer. Certaines personnes prennent plus que le n\u00e9cessaire pour se rassurer et se s\u00e9r\u00e9niser.\u00a0C&rsquo;est une mani\u00e8re excessive et irraisonn\u00e9e d&rsquo;anticiper les vacances et de pallier les \u00e9ventuels\u00a0impr\u00e9vus. C&rsquo;est la fameuse \u00ab\u00a0valise trop pleine\u00a0\u00bb. \u00ab\u00a0<em>Ce comportement soul\u00e8ve \u00e9galement la peur de faire des mauvais choix, de se tromper ou d&rsquo;\u00e9chouer d&rsquo;une certaine mani\u00e8re, et par extension la peur de (se) d\u00e9cevoir, de culpabiliser, de se juger n\u00e9gativement ou la peur du regard des autres (\u00ab\u00a0je n&rsquo;ai pas pris la bonne tenue\u00a0\u00bb par exemple), ce qui peut g\u00e2cher les vacances<\/em>\u00ab\u00a0, d\u00e9crit la psychologue.<\/p>\n<p>\u25ba Le contenu des bagages\u00a0d\u00e9pend\u00a0\u00e9galement de l&rsquo;\u00e9tat \u00e9motionnel dans lequel\u00a0on \u00e9labore sa valise. \u00ab\u00a0<em>Est-ce qu&rsquo;on\u00a0pr\u00e9pare sa valise dans la joie, la tristesse, le <a href=\"https:\/\/sante.journaldesfemmes.fr\/fiches-psycho-psychiatrie\/2516087-stress-symptomes-causes-effets-traitements\/\" title=\"Stress\">stress<\/a> ? Par exemple, le fait d&#8217;emmener des v\u00eatements festifs ou de soir\u00e9e refl\u00e8te un certain l\u00e2cher prise. Le fait d&#8217;emporter des livres ou du travail est un moyen\u00a0de se donner bonne conscience<\/em>\u00ab\u00a0, continue notre experte.\u00a0<\/p>\n<p>\u25ba\u00a0Faire sa valise pour d&rsquo;autres personnes que soi, comme ses enfants ou son conjoint peut induire un stress suppl\u00e9mentaire\u00a0car \u00ab\u00a0<em>faire la valise pour quelqu&rsquo;un d&rsquo;autre peut \u00eatre source de conflit et de culpabilit\u00e9. Est-ce qu&rsquo;on recherche \u00e0 \u00eatre irr\u00e9prochable aux yeux de ses proches\u00a0? Quelle valeur se donne-t-on si on rate la valise ou si on oublie quelque chose ? Est-ce qu&rsquo;on peut se faire suffisamment confiance dans le choix de telle ou telle chose ? Autant de questions qui peuvent initier un travail introspectif<\/em>\u00ab\u00a0.\u00a0<\/p>\n<p>A partir du moment o\u00f9 la valise repr\u00e9sente une source d&rsquo;<a href=\"https:\/\/sante.journaldesfemmes.fr\/fiches-psycho-psychiatrie\/2631231-anxiete-generalisee-chronique-sociale-crise-comment-combattre-symptomes\/\" title=\"Anxi\u00e9t\u00e9\">anxi\u00e9t\u00e9<\/a>, il convient de retrouver une s\u00e9r\u00e9nit\u00e9.<\/p>\n<p>\u00ab\u00a0<em>Il faut essayer de se faire confiance et de prendre du recul par rapport \u00e0 ce que l&rsquo;on emporte et ce qu&rsquo;on laisse \u00e0 la maison.\u00a0L&rsquo;id\u00e9e est de se d\u00e9tacher de ses choix, de\u00a0<a href=\"https:\/\/sante.journaldesfemmes.fr\/fiches-sante-du-quotidien\/2811657-lacher-prise-definition-amour-travail-comment-reussir\/\" title=\"L\u00e2cher-prise\">l\u00e2cher prise<\/a>, de d\u00e9dramatiser si on oublie des choses et de se dire qu&rsquo;au pire, on peut les racheter sur-place si on ne peut pas faire sans\u00a0\u00bb<\/em>, pr\u00e9conise notre interlocutrice.\u00a0Finalement, peu de choses sont vitales et \u00e7a peut \u00eatre un bon exercice pour renforcer sa capacit\u00e9 d&rsquo;adaptation. Aussi,\u00a0ma\u00eetriser les param\u00e8tres ma\u00eetrisables comme la m\u00e9t\u00e9o, le type d&rsquo;activit\u00e9 que vous allez faire sur-place et prendre connaissance des prestations qu&rsquo;offre le logement (machine \u00e0 laver&#8230;) aident \u00e0 mieux appr\u00e9hender le s\u00e9jour et \u00e0 limiter le stress que peut repr\u00e9senter l&rsquo;\u00e9laboration d&rsquo;une valise.\u00a0<\/p>\n<p><em>Merci \u00e0 Ma\u00eft\u00e9 Tranzer, psychologue clinicienne.\u00a0<\/em><\/p>\n<\/p><\/div>\n<p>[ad_2]<br \/>\n<br \/><a href=\"https:\/\/sante.journaldesfemmes.fr\/psycho\/2935129-article-syndrome-valise-2\/\">Source link <\/a><\/p>\n","protected":false},"excerpt":{"rendered":"<p>[ad_1] Notre valise est un vrai\u00a0miroir de ce que nous sommes. \u00ab\u00a0On met toujours un peu de \u00ab\u00a0soi\u00a0\u00bb dans sa &hellip; <a href=\"http:\/\/www.affinite.fr\/index.php\/2024\/07\/25\/comment-en-finir-avec-le-syndrome-de-la-valise-trop-pleine\/\" class=\"more-link\">Plus <span class=\"screen-reader-text\">comment en finir avec le syndrome de la valise trop pleine\u00a0?<\/span> <span class=\"meta-nav\">&rarr;<\/span><\/a><\/p>\n","protected":false},"author":1,"featured_media":10634,"comment_status":"","ping_status":"open","sticky":false,"template":"","format":"standard","meta":{"_sitemap_exclude":false,"_sitemap_priority":"","_sitemap_frequency":"","footnotes":""},"categories":[1],"tags":[],"class_list":["post-10633","post","type-post","status-publish","format-standard","has-post-thumbnail","hentry","category-tous"],"_links":{"self":[{"href":"http:\/\/www.affinite.fr\/index.php\/wp-json\/wp\/v2\/posts\/10633"}],"collection":[{"href":"http:\/\/www.affinite.fr\/index.php\/wp-json\/wp\/v2\/posts"}],"about":[{"href":"http:\/\/www.affinite.fr\/index.php\/wp-json\/wp\/v2\/types\/post"}],"author":[{"embeddable":true,"href":"http:\/\/www.affinite.fr\/index.php\/wp-json\/wp\/v2\/users\/1"}],"replies":[{"embeddable":true,"href":"http:\/\/www.affinite.fr\/index.php\/wp-json\/wp\/v2\/comments?post=10633"}],"version-history":[{"count":0,"href":"http:\/\/www.affinite.fr\/index.php\/wp-json\/wp\/v2\/posts\/10633\/revisions"}],"wp:featuredmedia":[{"embeddable":true,"href":"http:\/\/www.affinite.fr\/index.php\/wp-json\/wp\/v2\/media\/10634"}],"wp:attachment":[{"href":"http:\/\/www.affinite.fr\/index.php\/wp-json\/wp\/v2\/media?parent=10633"}],"wp:term":[{"taxonomy":"category","embeddable":true,"href":"http:\/\/www.affinite.fr\/index.php\/wp-json\/wp\/v2\/categories?post=10633"},{"taxonomy":"post_tag","embeddable":true,"href":"http:\/\/www.affinite.fr\/index.php\/wp-json\/wp\/v2\/tags?post=10633"}],"curies":[{"name":"wp","href":"https:\/\/api.w.org\/{rel}","templated":true}]}}