{"id":10628,"date":"2024-07-22T16:07:41","date_gmt":"2024-07-22T16:07:41","guid":{"rendered":"https:\/\/www.affinite.fr\/index.php\/2024\/07\/22\/que-cuisiner-en-aout-plats-et-desserts-les-recettes-dete-quon-aimerait-savourer-a-chaque-repas\/"},"modified":"2024-07-22T16:07:41","modified_gmt":"2024-07-22T16:07:41","slug":"que-cuisiner-en-aout-plats-et-desserts-les-recettes-dete-quon-aimerait-savourer-a-chaque-repas","status":"publish","type":"post","link":"http:\/\/www.affinite.fr\/index.php\/2024\/07\/22\/que-cuisiner-en-aout-plats-et-desserts-les-recettes-dete-quon-aimerait-savourer-a-chaque-repas\/","title":{"rendered":"Que cuisiner en ao\u00fbt\u00a0? Plats et desserts, les recettes d&rsquo;\u00e9t\u00e9 qu&rsquo;on aimerait savourer \u00e0 chaque repas"},"content":{"rendered":"<p> [ad_1]<br \/>\n<br \/><img decoding=\"async\" src=\"https:\/\/img-3.journaldesfemmes.fr\/EdeqoLwoeuwdbjZgFw6XTaMugkY=\/1280x\/smart\/d9ec133a66c3460395611f05fd390b94\/ccmcms-jdf\/39984626.jpg\" \/><\/p>\n<p>\n                Quelle recette d\u00e9poser sur le Journal des Femmes en ao\u00fbt\u00a0? Je vous propose ici quelques id\u00e9es s\u00e9lectionn\u00e9es avec soin pour r\u00e9pondre aux go\u00fbts et aux envies du moment. Laissez-vous guider par ces suggestions sans passer des heures \u00e0 chercher l&rsquo;inspiration.            <\/p>\n<div>\n<p>Vous souhaitez<strong> <a href=\"https:\/\/cuisine.journaldesfemmes.fr\/recette-depose\">d\u00e9poser une recette sur le Journal des Femmes<\/a>,<\/strong> mais vous manquez d&rsquo;inspiration ? Pas de souci, je vous propose une liste de recettes qui va vraiment vous plaire. Et parce que cuisiner est un plaisir \u00e0 partager, je vous ai pr\u00e9par\u00e9 une s\u00e9lection selon <strong>ce que les internautes aimeraient cuisiner en ce moment.<\/strong>\u00a0Des <strong>douceurs d&rsquo;\u00e9t\u00e9<\/strong> qui ensoleillent nos assiettes,\u00a0des <strong>recettes pratiques<\/strong>, il vous suffit de piocher dans cette liste !<\/p>\n<h2>Cuisiner des recettes de saison<\/h2>\n<p>L&rsquo;\u00e9t\u00e9 est la saison id\u00e9ale pour explorer de nouvelles saveurs et se r\u00e9galer avec <strong>des plats frais et l\u00e9gers<\/strong>.\u00a0Que vous organisiez un barbecue entre amis, un pique-nique en famille ou que vous cherchiez simplement \u00e0 savourer un d\u00e9jeuner rafra\u00eechissant, laissez-vous inspirer par ces id\u00e9es de recettes estivales. De la salade croquante aux desserts glac\u00e9s, en passant par les grillades savoureuses, ces plats sont con\u00e7us pour vous aider \u00e0 profiter pleinement des d\u00e9lices de l&rsquo;\u00e9t\u00e9.<\/p>\n<h3>Id\u00e9es de plats et d&rsquo;entr\u00e9es \u00e0 cuisiner en ao\u00fbt :<\/h3>\n<ul>\n<li>Salade de tomates et mozzarella ;<\/li>\n<li>Bruschettas ;<\/li>\n<li>Gaspacho andalou ;<\/li>\n<li>Capacio de courgettes ;<\/li>\n<li><a href=\"http:\/\/www.affinite.fr\/index.php\/2024\/08\/24\/comment-choisir-le-meilleur-bois-pour-vos-piques-a-brochette\/\">Brochettes<\/a> de poulet marin\u00e9 au citron et aux herbes ;<\/li>\n<li>Tartare de thon \u00e0 l&rsquo;avocat ;<\/li>\n<li>Taboul\u00e9 de quinoa aux l\u00e9gumes d&rsquo;\u00e9t\u00e9\u00a0;<\/li>\n<li>Grillades de l\u00e9gumes marin\u00e9s\u00a0;<\/li>\n<li>Poisson grill\u00e9 avec salsa de mangue et avocat :<\/li>\n<li>Pizza \u00e0 la courgette et au fromage de ch\u00e8vre ;<\/li>\n<li>Salade ni\u00e7oise ;<\/li>\n<li>Ceviche de crevettes ;<\/li>\n<li>Gratin de courgettes et tomates ;<\/li>\n<li>Tarte \u00e0 la ratatouille ;<\/li>\n<li>Paella.<\/li>\n<\/ul>\n<h3>Id\u00e9es de desserts \u00e0 cuisiner en ao\u00fbt :<\/h3>\n<ul>\n<li>Clafoutis aux cerises ;<\/li>\n<li>Pavlova aux fruits rouges ;<\/li>\n<li>Sorbet \u00e0 la mangue ;<\/li>\n<li>Salade de past\u00e8que et feta ;<\/li>\n<li>Glace maison ;<\/li>\n<li>Brochette de fruits ;<\/li>\n<li>Tarte aux fruits rouges ;<\/li>\n<li>Panna cotta \u00e0 la vanille et aux fruits rouges ;<\/li>\n<li>Tiramisu aux fruits rouges ;<\/li>\n<li>Crumble aux p\u00eaches et aux myrtilles ;<\/li>\n<li>G\u00e2teau renvers\u00e9 \u00e0 l&rsquo;ananas ;<\/li>\n<li>Parfait glac\u00e9 aux fruits.<\/li>\n<\/ul>\n<h2>Si vous souhaitez\u00a0tester des recettes pratiques \u00ab\u00a0Je veux cuisiner un&#8230; mais je n&rsquo;ai pas de&#8230;\u00a0\u00bb<\/h2>\n<p>Nous avons tous \u00e9t\u00e9 confront\u00e9s \u00e0 cette situation o\u00f9 l&rsquo;envie de pr\u00e9parer une petite gourmandise nous prend, mais il nous manque un, voire plusieurs ingr\u00e9dients essentiels. C&rsquo;est le moment de partager avec la communaut\u00e9 du Journal des Femmes vos astuces et\u00a0vos recettes pour sauver la mise et se r\u00e9galer en toutes circonstances.<\/p>\n<ul>\n<li>G\u00e2teau sans \u0153ufs ;<\/li>\n<li>G\u00e2teau sans mati\u00e8re grasse ;<\/li>\n<li>G\u00e2teau sans lait ;<\/li>\n<li>G\u00e2teau sans farine ;<\/li>\n<li>Tarte aux fraises sans cuisson ;<\/li>\n<li>Tarte aux fraises sans cr\u00e8me p\u00e2tissi\u00e8re ;<\/li>\n<li>Tarte au citron sans meringue ;<\/li>\n<li>P\u00e2te \u00e0 pizza sans repos ;<\/li>\n<li>P\u00e2te bris\u00e9e sans beurre ;<\/li>\n<li>P\u00e2te \u00e0 gaufres sans repos.<\/li>\n<\/ul>\n<h2>Pour plus d&rsquo;inspiration : les meilleures\u00a0recettes d&rsquo;\u00e9t\u00e9<\/h2>\n<p>Pour plus d&rsquo;inspiration, d\u00e9couvrez notre s\u00e9lection de <a href=\"https:\/\/cuisine.journaldesfemmes.fr\/idees-recettes\/2735963-recettes-ete\/\" title=\"Recette \u00e9t\u00e9\">recettes d&rsquo;\u00e9t\u00e9<\/a>.\u00a0Laissez-vous s\u00e9duire par des saveurs estivales et des recettes faciles \u00e0 r\u00e9aliser, parfaites pour profiter pleinement des journ\u00e9es ensoleill\u00e9es et des soir\u00e9es douces.<\/p>\n<p>Sur le <strong>Journal des Femmes Cuisine<\/strong>, chaque saison est une f\u00eate, et chaque f\u00eate, une occasion de r\u00e9galer tout le monde. Avec ces id\u00e9es, j&rsquo;esp\u00e8re vous inspirer \u00e0 savourer\u00a0les traditions tout en les pimentant d&rsquo;une touche de nouveaut\u00e9 et de fra\u00eecheur saisonni\u00e8re.<\/p>\n<\/p><\/div>\n<p>[ad_2]<br \/>\n<br \/><a href=\"https:\/\/cuisine.journaldesfemmes.fr\/gastronomie\/3165358-que-cuisiner-en-aout-plats-et-desserts-les-recettes-d-ete-qu-on-aimerait-savourer-a-chaque-repas-c-est-de-saison\/\">Source link <\/a><\/p>\n","protected":false},"excerpt":{"rendered":"<p>[ad_1] Quelle recette d\u00e9poser sur le Journal des Femmes en ao\u00fbt\u00a0? Je vous propose ici quelques id\u00e9es s\u00e9lectionn\u00e9es avec soin &hellip; <a href=\"http:\/\/www.affinite.fr\/index.php\/2024\/07\/22\/que-cuisiner-en-aout-plats-et-desserts-les-recettes-dete-quon-aimerait-savourer-a-chaque-repas\/\" class=\"more-link\">Plus <span class=\"screen-reader-text\">Que cuisiner en ao\u00fbt\u00a0? Plats et desserts, les recettes d&rsquo;\u00e9t\u00e9 qu&rsquo;on aimerait savourer \u00e0 chaque repas<\/span> <span class=\"meta-nav\">&rarr;<\/span><\/a><\/p>\n","protected":false},"author":1,"featured_media":10629,"comment_status":"","ping_status":"open","sticky":false,"template":"","format":"standard","meta":{"_sitemap_exclude":false,"_sitemap_priority":"","_sitemap_frequency":"","footnotes":""},"categories":[1],"tags":[],"class_list":["post-10628","post","type-post","status-publish","format-standard","has-post-thumbnail","hentry","category-tous"],"_links":{"self":[{"href":"http:\/\/www.affinite.fr\/index.php\/wp-json\/wp\/v2\/posts\/10628"}],"collection":[{"href":"http:\/\/www.affinite.fr\/index.php\/wp-json\/wp\/v2\/posts"}],"about":[{"href":"http:\/\/www.affinite.fr\/index.php\/wp-json\/wp\/v2\/types\/post"}],"author":[{"embeddable":true,"href":"http:\/\/www.affinite.fr\/index.php\/wp-json\/wp\/v2\/users\/1"}],"replies":[{"embeddable":true,"href":"http:\/\/www.affinite.fr\/index.php\/wp-json\/wp\/v2\/comments?post=10628"}],"version-history":[{"count":0,"href":"http:\/\/www.affinite.fr\/index.php\/wp-json\/wp\/v2\/posts\/10628\/revisions"}],"wp:featuredmedia":[{"embeddable":true,"href":"http:\/\/www.affinite.fr\/index.php\/wp-json\/wp\/v2\/media\/10629"}],"wp:attachment":[{"href":"http:\/\/www.affinite.fr\/index.php\/wp-json\/wp\/v2\/media?parent=10628"}],"wp:term":[{"taxonomy":"category","embeddable":true,"href":"http:\/\/www.affinite.fr\/index.php\/wp-json\/wp\/v2\/categories?post=10628"},{"taxonomy":"post_tag","embeddable":true,"href":"http:\/\/www.affinite.fr\/index.php\/wp-json\/wp\/v2\/tags?post=10628"}],"curies":[{"name":"wp","href":"https:\/\/api.w.org\/{rel}","templated":true}]}}