{"id":10621,"date":"2024-07-19T16:04:35","date_gmt":"2024-07-19T16:04:35","guid":{"rendered":"https:\/\/www.affinite.fr\/index.php\/2024\/07\/19\/maligne-cette-solution-protege-la-maison-du-soleil-en-ete-et-sera-aussi-utile-cet-hiver\/"},"modified":"2024-07-19T16:04:35","modified_gmt":"2024-07-19T16:04:35","slug":"maligne-cette-solution-protege-la-maison-du-soleil-en-ete-et-sera-aussi-utile-cet-hiver","status":"publish","type":"post","link":"http:\/\/www.affinite.fr\/index.php\/2024\/07\/19\/maligne-cette-solution-protege-la-maison-du-soleil-en-ete-et-sera-aussi-utile-cet-hiver\/","title":{"rendered":"Maligne, cette solution prot\u00e8ge la maison du soleil en \u00e9t\u00e9 et sera aussi utile cet hiver"},"content":{"rendered":"<p> [ad_1]<br \/>\n<br \/><img decoding=\"async\" src=\"https:\/\/img-3.journaldesfemmes.fr\/xDYl39GZUmiQPHC1jLhE-CFZpRM=\/1280x\/smart\/03f42a391cb148d084d4fe9c224e3345\/ccmcms-jdf\/39982260.jpg\" \/><\/p>\n<p>\n                Vous cherchez une solution pour \u00e9viter que la chaleur ne p\u00e9n\u00e8tre dans votre int\u00e9rieur\u00a0? En vous \u00e9quipant de cette solution, vous gagnerez en confort tout l&rsquo;\u00e9t\u00e9, mais pas seulement.            <\/p>\n<div>\n<p>L&rsquo;\u00e9t\u00e9 peut \u00eatre difficile \u00e0 supporter \u00e0 l&rsquo;int\u00e9rieur de la maison, surtout avec les \u00e9pisodes de canicule de plus en plus fr\u00e9quents.\u00a0Si vous n&rsquo;\u00eates pas \u00e9quip\u00e9 d&rsquo;une climatisation, il existe une solution simple, efficace et durable pour garder votre maison fra\u00eeche en \u00e9t\u00e9 et confortable en hiver.<\/p>\n<p>Pour prot\u00e9ger votre maison de la chaleur estivale, il est essentiel d&#8217;emp\u00eacher la chaleur de p\u00e9n\u00e9trer \u00e0 l&rsquo;int\u00e9rieur. Les fen\u00eatres, bien qu&rsquo;indispensables pour la lumi\u00e8re naturelle, sont aussi des points d&rsquo;entr\u00e9e majeurs pour la chaleur. Installer des rideaux thermiques est une solution facile \u00e0 mettre en place et incroyablement efficace. Avec des prix d\u00e9butants \u00e0 30 euros, ces rideaux sp\u00e9ciaux sont con\u00e7us pour r\u00e9fl\u00e9chir la chaleur ext\u00e9rieure et maintenir une temp\u00e9rature agr\u00e9able \u00e0 l&rsquo;int\u00e9rieur. En \u00e9t\u00e9, ils bloquent les rayons du soleil avant qu&rsquo;ils ne p\u00e9n\u00e8trent dans la maison et r\u00e9duisent l&rsquo;effet de serre \u00e0 l&rsquo;int\u00e9rieur, vous permettant de profiter d&rsquo;un espace frais sans avoir \u00e0 recourir constamment \u00e0 la climatisation.\u00a0<\/p>\n<p>En \u00e9t\u00e9, il est pr\u00e9f\u00e9rable de les fermer pendant les heures les plus chaudes de la journ\u00e9e pour bloquer la chaleur solaire et garder l&rsquo;int\u00e9rieur de la maison plus frais. Ils peuvent \u00eatre ouverts le matin et le soir lorsque les temp\u00e9ratures sont plus basses pour permettre la ventilation naturelle. Pour maximiser leur efficacit\u00e9, il est important de bien les installer. Assurez-vous qu&rsquo;ils couvrent enti\u00e8rement les fen\u00eatres et qu&rsquo;ils soient bien ajust\u00e9s pour \u00e9viter les fuites d&rsquo;air. Utilisez des tringles adapt\u00e9es pour que les rideaux puissent \u00eatre tir\u00e9s compl\u00e8tement sans laisser de jour.<\/p>\n<p>Ce type de rideaux offre de nombreux avantages et pas seulement en \u00e9t\u00e9. Puisqu&rsquo;ils sont fabriqu\u00e9s \u00e0 partir de mat\u00e9riaux isolants, ils\u00a0permettront aussi de prot\u00e9ger la maison en hiver et de retenir la chaleur int\u00e9rieure lorsque les temp\u00e9ratures chutent. Raison de plus pour investir : ils vous seront donc utiles toute l&rsquo;ann\u00e9e.<\/p>\n<\/p><\/div>\n<p>[ad_2]<br \/>\n<br \/><a href=\"https:\/\/deco.journaldesfemmes.fr\/bricolage-et-travaux\/3190298-maligne-cette-solution-protege-la-maison-du-soleil-en-ete-et-sera-aussi-utile-cet-hiver\/\">Source link <\/a><\/p>\n","protected":false},"excerpt":{"rendered":"<p>[ad_1] Vous cherchez une solution pour \u00e9viter que la chaleur ne p\u00e9n\u00e8tre dans votre int\u00e9rieur\u00a0? En vous \u00e9quipant de cette &hellip; <a href=\"http:\/\/www.affinite.fr\/index.php\/2024\/07\/19\/maligne-cette-solution-protege-la-maison-du-soleil-en-ete-et-sera-aussi-utile-cet-hiver\/\" class=\"more-link\">Plus <span class=\"screen-reader-text\">Maligne, cette solution prot\u00e8ge la maison du soleil en \u00e9t\u00e9 et sera aussi utile cet hiver<\/span> <span class=\"meta-nav\">&rarr;<\/span><\/a><\/p>\n","protected":false},"author":1,"featured_media":10622,"comment_status":"","ping_status":"open","sticky":false,"template":"","format":"standard","meta":{"_sitemap_exclude":false,"_sitemap_priority":"","_sitemap_frequency":"","footnotes":""},"categories":[1],"tags":[],"class_list":["post-10621","post","type-post","status-publish","format-standard","has-post-thumbnail","hentry","category-tous"],"_links":{"self":[{"href":"http:\/\/www.affinite.fr\/index.php\/wp-json\/wp\/v2\/posts\/10621"}],"collection":[{"href":"http:\/\/www.affinite.fr\/index.php\/wp-json\/wp\/v2\/posts"}],"about":[{"href":"http:\/\/www.affinite.fr\/index.php\/wp-json\/wp\/v2\/types\/post"}],"author":[{"embeddable":true,"href":"http:\/\/www.affinite.fr\/index.php\/wp-json\/wp\/v2\/users\/1"}],"replies":[{"embeddable":true,"href":"http:\/\/www.affinite.fr\/index.php\/wp-json\/wp\/v2\/comments?post=10621"}],"version-history":[{"count":0,"href":"http:\/\/www.affinite.fr\/index.php\/wp-json\/wp\/v2\/posts\/10621\/revisions"}],"wp:featuredmedia":[{"embeddable":true,"href":"http:\/\/www.affinite.fr\/index.php\/wp-json\/wp\/v2\/media\/10622"}],"wp:attachment":[{"href":"http:\/\/www.affinite.fr\/index.php\/wp-json\/wp\/v2\/media?parent=10621"}],"wp:term":[{"taxonomy":"category","embeddable":true,"href":"http:\/\/www.affinite.fr\/index.php\/wp-json\/wp\/v2\/categories?post=10621"},{"taxonomy":"post_tag","embeddable":true,"href":"http:\/\/www.affinite.fr\/index.php\/wp-json\/wp\/v2\/tags?post=10621"}],"curies":[{"name":"wp","href":"https:\/\/api.w.org\/{rel}","templated":true}]}}