{"id":10615,"date":"2024-07-18T03:39:40","date_gmt":"2024-07-18T03:39:40","guid":{"rendered":"https:\/\/www.affinite.fr\/index.php\/2024\/07\/18\/gaspacho-jaune-mais-et-tomates-jaunes\/"},"modified":"2024-07-18T03:39:40","modified_gmt":"2024-07-18T03:39:40","slug":"gaspacho-jaune-mais-et-tomates-jaunes","status":"publish","type":"post","link":"http:\/\/www.affinite.fr\/index.php\/2024\/07\/18\/gaspacho-jaune-mais-et-tomates-jaunes\/","title":{"rendered":"Gaspacho jaune (ma\u00efs et tomates jaunes)"},"content":{"rendered":"<p> [ad_1]<br \/>\n<\/p>\n<div itemprop=\"text\">\n<div itemscope=\"itemscope\" itemtype=\"https:\/\/schema.org\/Recipe\"><span style=\"display:none\" itemprop=\"name\">Gaspacho jaune (ma\u00efs et tomates jaunes)<\/span><span style=\"display:none\" itemprop=\"author\">Virginie Fouquet<\/span><\/p>\n<p><img loading=\"lazy\" decoding=\"async\" itemprop=\"image\" class=\"aligncenter size-full wp-image-45392\" src=\"https:\/\/static.chefnini.com\/wp-content\/uploads\/2024\/06\/Gaspacho-jaune.jpg\" alt=\"\" width=\"500\" height=\"750\" srcset=\"https:\/\/static.chefnini.com\/wp-content\/uploads\/2024\/06\/Gaspacho-jaune.jpg 500w, https:\/\/static.chefnini.com\/wp-content\/uploads\/2024\/06\/Gaspacho-jaune-200x300.jpg 200w\" sizes=\"(max-width: 500px) 100vw, 500px\"\/><\/p>\n<p itemprop=\"description\">J\u2019attendais que le temps se fasse plus estival pour vous partager cette recette de gaspacho jaune au ma\u00efs et aux tomates jaunes. Cette recette est \u00e0 servir en ap\u00e9ritif ou en entr\u00e9e. Pr\u00e9voyez un peu de pain grill\u00e9 \u00e0 l\u2019huile d\u2019olive, \u00e7a sera un r\u00e9gal !<\/p>\n<p>Si d\u2019autres recettes de gaspacho vous int\u00e9ressent, voici de quoi vous faire plaisir :<\/p>\n<p><img loading=\"lazy\" decoding=\"async\" itemprop=\"image\" class=\"aligncenter size-full wp-image-45393\" src=\"https:\/\/static.chefnini.com\/wp-content\/uploads\/2024\/06\/Gaspacho-jaune2.jpg\" alt=\"\" width=\"500\" height=\"750\" srcset=\"https:\/\/static.chefnini.com\/wp-content\/uploads\/2024\/06\/Gaspacho-jaune2.jpg 500w, https:\/\/static.chefnini.com\/wp-content\/uploads\/2024\/06\/Gaspacho-jaune2-200x300.jpg 200w\" sizes=\"(max-width: 500px) 100vw, 500px\"\/> <img loading=\"lazy\" decoding=\"async\" itemprop=\"image\" class=\"aligncenter size-full wp-image-45394\" src=\"https:\/\/static.chefnini.com\/wp-content\/uploads\/2024\/06\/Gaspacho-jaune3.jpg\" alt=\"\" width=\"730\" height=\"487\" srcset=\"https:\/\/static.chefnini.com\/wp-content\/uploads\/2024\/06\/Gaspacho-jaune3.jpg 730w, https:\/\/static.chefnini.com\/wp-content\/uploads\/2024\/06\/Gaspacho-jaune3-300x200.jpg 300w\" sizes=\"(max-width: 730px) 100vw, 730px\"\/><\/p>\n<h3 itemprop=\"recipeYield\">Pour 4 personnes :<\/h3>\n<ul>\n<li itemprop=\"ingredients\">500 g de tomates jaunes<\/li>\n<li itemprop=\"ingredients\">1 petite boite de ma\u00efs (140g \u00e9goutt\u00e9)<\/li>\n<li itemprop=\"ingredients\">2 petits oignons nouveaux<\/li>\n<li itemprop=\"ingredients\">1\/2 citron<\/li>\n<li itemprop=\"ingredients\">1 beau filet d\u2019huile d\u2019olive<\/li>\n<li itemprop=\"ingredients\">Sel<\/li>\n<\/ul>\n<div itemprop=\"recipeInstructions\">\n<p>1- Versez tous les ingr\u00e9dients dans un blender (gardez quelques grains de ma\u00efs et un peu d\u2019oignon pour la d\u00e9co) et mixez jusqu\u2019\u00e0 obtenir une belle consistance.<\/p>\n<p>2- Vous pouvez filtrer si vous pr\u00e9f\u00e9rez une texture lisse.<\/p>\n<p>3- Servez en d\u00e9corant de quelques grains de ma\u00efs et d\u2019oignon.<\/p>\n<p><img loading=\"lazy\" decoding=\"async\" itemprop=\"image\" class=\"aligncenter size-full wp-image-45395\" src=\"https:\/\/static.chefnini.com\/wp-content\/uploads\/2024\/06\/Gaspacho-jaune4.jpg\" alt=\"\" width=\"830\" height=\"553\" srcset=\"https:\/\/static.chefnini.com\/wp-content\/uploads\/2024\/06\/Gaspacho-jaune4.jpg 830w, https:\/\/static.chefnini.com\/wp-content\/uploads\/2024\/06\/Gaspacho-jaune4-300x200.jpg 300w, https:\/\/static.chefnini.com\/wp-content\/uploads\/2024\/06\/Gaspacho-jaune4-768x512.jpg 768w\" sizes=\"(max-width: 830px) 100vw, 830px\"\/><\/p>\n<\/div>\n<p> <!-- recipeInstructions -->\n<\/div>\n<p><!-- CONTENT END 1 -->\n\t\t\t\t\t\t\t\t\t\t\t\t\t\t\t<\/div>\n<p>[ad_2]<br \/>\n<br \/><a href=\"https:\/\/www.chefnini.com\/gaspacho-jaune-mais-et-tomates-jaunes\/\">Source link <\/a><\/p>\n","protected":false},"excerpt":{"rendered":"<p>[ad_1] Gaspacho jaune (ma\u00efs et tomates jaunes)Virginie Fouquet J\u2019attendais que le temps se fasse plus estival pour vous partager cette &hellip; <a href=\"http:\/\/www.affinite.fr\/index.php\/2024\/07\/18\/gaspacho-jaune-mais-et-tomates-jaunes\/\" class=\"more-link\">Plus <span class=\"screen-reader-text\">Gaspacho jaune (ma\u00efs et tomates jaunes)<\/span> <span class=\"meta-nav\">&rarr;<\/span><\/a><\/p>\n","protected":false},"author":1,"featured_media":10616,"comment_status":"","ping_status":"open","sticky":false,"template":"","format":"standard","meta":{"_sitemap_exclude":false,"_sitemap_priority":"","_sitemap_frequency":"","footnotes":""},"categories":[1],"tags":[],"class_list":["post-10615","post","type-post","status-publish","format-standard","has-post-thumbnail","hentry","category-tous"],"_links":{"self":[{"href":"http:\/\/www.affinite.fr\/index.php\/wp-json\/wp\/v2\/posts\/10615"}],"collection":[{"href":"http:\/\/www.affinite.fr\/index.php\/wp-json\/wp\/v2\/posts"}],"about":[{"href":"http:\/\/www.affinite.fr\/index.php\/wp-json\/wp\/v2\/types\/post"}],"author":[{"embeddable":true,"href":"http:\/\/www.affinite.fr\/index.php\/wp-json\/wp\/v2\/users\/1"}],"replies":[{"embeddable":true,"href":"http:\/\/www.affinite.fr\/index.php\/wp-json\/wp\/v2\/comments?post=10615"}],"version-history":[{"count":0,"href":"http:\/\/www.affinite.fr\/index.php\/wp-json\/wp\/v2\/posts\/10615\/revisions"}],"wp:featuredmedia":[{"embeddable":true,"href":"http:\/\/www.affinite.fr\/index.php\/wp-json\/wp\/v2\/media\/10616"}],"wp:attachment":[{"href":"http:\/\/www.affinite.fr\/index.php\/wp-json\/wp\/v2\/media?parent=10615"}],"wp:term":[{"taxonomy":"category","embeddable":true,"href":"http:\/\/www.affinite.fr\/index.php\/wp-json\/wp\/v2\/categories?post=10615"},{"taxonomy":"post_tag","embeddable":true,"href":"http:\/\/www.affinite.fr\/index.php\/wp-json\/wp\/v2\/tags?post=10615"}],"curies":[{"name":"wp","href":"https:\/\/api.w.org\/{rel}","templated":true}]}}