{"id":10600,"date":"2024-07-10T15:50:04","date_gmt":"2024-07-10T15:50:04","guid":{"rendered":"https:\/\/www.affinite.fr\/index.php\/2024\/07\/10\/bientot-un-2e-bebe-elle-repond-franchement\/"},"modified":"2024-07-10T15:50:04","modified_gmt":"2024-07-10T15:50:04","slug":"bientot-un-2e-bebe-elle-repond-franchement","status":"publish","type":"post","link":"http:\/\/www.affinite.fr\/index.php\/2024\/07\/10\/bientot-un-2e-bebe-elle-repond-franchement\/","title":{"rendered":"bient\u00f4t un 2e b\u00e9b\u00e9\u00a0? Elle r\u00e9pond franchement"},"content":{"rendered":"<p> [ad_1]<br \/>\n<br \/><img decoding=\"async\" src=\"https:\/\/img-3.journaldesfemmes.fr\/Q1D-gRaBzHtec5kzVP06DVTYkBA=\/1280x\/smart\/82bdad4d9b0d45638e06fa231dbf9b1d\/ccmcms-jdf\/39982501.jpg\" \/><\/p>\n<p>\n                Miss France 2015\u00a0a accueilli son premier enfant, Malo, le 18\u00a0ao\u00fbt 2023. Alors que son fils va souffler sa premi\u00e8re bougie, Camille Cerf a d\u00e9voil\u00e9 si un projet de deuxi\u00e8me b\u00e9b\u00e9 avec son compagnon Th\u00e9o Fleury \u00e9tait pour bient\u00f4t&#8230;            <\/p>\n<div>\n<p><a href=\"https:\/\/www.journaldesfemmes.fr\/people\/personnalites\/2872029-camille-cerf-vie-privee-bebe-tarek-boudali-infos\/\" title=\"Camille Cerf\">Miss France 2015<\/a> a r\u00e9v\u00e9l\u00e9 sur Instagram si elle souhaitait un deuxi\u00e8me\u00a0enfant dans un futur proche. D\u00e9j\u00e0 maman de Malo depuis l&rsquo;\u00e9t\u00e9 dernier, Camille Cerf a r\u00e9pondu \u00e0 de nombreuses personnes qui se demandaient si la famille allait s&rsquo;agrandir.<\/p>\n<h2>Un deuxi\u00e8me b\u00e9b\u00e9\u00a0pour Camille Cerf ?<\/h2>\n<p>Dans une vid\u00e9o sur son compte Instagram, la\u00a0jeune femme de 29\u00a0ans garde le silence face \u00e0 cette question \u00e9crite :\u00a0<em>\u00ab\u00a0Quand ma m\u00e8re me dit : &lsquo;Alors c&rsquo;est pour quand le second b\u00e9b\u00e9\u00a0?'\u00a0\u00bb.\u00a0<\/em>Et dans la l\u00e9gende de sa vid\u00e9o, Camille Cerf a mis\u00a0fin au suspens : <em>\u00ab\u00a0En ce moment tout le monde me pose cette question. Laissez nous r\u00e9cup\u00e9rer et profiter un peu, on redort &lsquo;normalement&rsquo; que depuis quelques semaines\u00a0\u00bb.<\/em><\/p>\n<p>Le deuxi\u00e8me b\u00e9b\u00e9 n&rsquo;est donc pas un projet pour la Nordiste et son compagnon,\u00a0le mannequin Th\u00e9o Fleury. Un choix que les internautes comprennent :<em> \u00ab\u00a0Les gens ne sont jamais satisfaits\u2026 quand tu n&rsquo;en as pas c&rsquo;est &lsquo;c&rsquo;est pour quand le b\u00e9b\u00e9&rsquo;\u00a0et quand tu en as d\u00e9j\u00e0 c&rsquo;est &lsquo;c&rsquo;est pour quand le 2\/3\/4..\u00e8me&rsquo;\u2026 c&rsquo;est fatiguant. La derni\u00e8re fois, \u00e0 force d&rsquo;avoir cette question \u00e0 chaque fois, j&rsquo;ai quasi envoy\u00e9 chi\u00e9\u00a0mon beau p\u00e8re\u2026 non mais l\u00e2chez mon ut\u00e9rus quoi.. je ne sais pas si j&rsquo;en veux, je ne sais pas si je peux en avoir.. foutez moi la paix\u2026\u00a0\u00bb,<\/em> explique une internaute dans les commentaires.<\/p>\n<h2>Camille Cerf, maman poule : elle a du mal \u00e0 \u00ab\u00a0couper le cordon\u00a0\u00bb<\/h2>\n<p>Lors du voyage d&rsquo;int\u00e9gration d&rsquo;<a href=\"https:\/\/www.journaldesfemmes.fr\/people\/personnalites\/2955127-eve-gilles-miss-france-2024-cheveux-corps-critiques-reaction\/\" title=\"Miss France 2024\">Eve Gilles<\/a> \u00e0 l&rsquo;\u00eele\u00a0Maurice, elle a d\u00fb\u00a0se s\u00e9parer de son petit Malo. Elle a expliqu\u00e9 \u00e0 <em>T\u00e9l\u00e9 Loisirs <\/em>avoir pr\u00e9par\u00e9 ses quelques jours d&rsquo;absence.\u00a0\u00ab\u00a0<em>J&rsquo;ai tir\u00e9 mon lait pendant un mois pour pouvoir le congeler afin que mon fils ait suffisamment de lait maternel en mon absence. Quelques jours avant mon d\u00e9part, j&rsquo;ai expliqu\u00e9 \u00e0 Malo que j&rsquo;allais m&rsquo;absenter\u00a0\u00bb.\u00a0<\/em><\/p>\n<p>Pendant son absence, elle a pu compter sur le p\u00e8re de son b\u00e9b\u00e9. \u00ab\u00a0<em>Je lui ai dit &lsquo;Surtout, si \u00e7a ne se passe pas bien, ne me le dis pas&rsquo; pour ne pas que je sois stress\u00e9e\u00a0! C&rsquo;est l&rsquo;angoisse d&rsquo;\u00eatre loin s&rsquo;il y a un probl\u00e8me. Mais je sais que ma m\u00e8re est \u00e0 c\u00f4t\u00e9 s&rsquo;il a besoin de quoi que ce soit\u00a0\u00bb.<\/em><\/p>\n<p>Au moment de partir, la maman poule se sentait tr\u00e8s mal.<em>\u00a0\u00ab\u00a0C&rsquo;\u00e9tait un peu compliqu\u00e9 pour moi parce que c&rsquo;est la premi\u00e8re fois que je pars aussi loin et aussi longtemps mais je sais qu&rsquo;il faut que je coupe le cordon. Et puis son p\u00e8re s&rsquo;en occupe bien. J&rsquo;ai coup\u00e9 plein de l\u00e9gumes que j&rsquo;ai congel\u00e9 comme \u00e7a Th\u00e9o n&rsquo;a plus qu&rsquo;\u00e0 faire les pur\u00e9es maison. Je lui ai m\u00eame envoy\u00e9 des id\u00e9es de recettes\u00a0!<\/em>\u00ab\u00a0. Pour tenir le coup, Camille Cerf a pu compter sur son doudou\u00a0\u00ab\u00a0<em>Didine\u00a0\u00bb.<\/em>\u00a0\u00ab\u00a0<em>Alors que j&rsquo;ai 30\u00a0ans\u00a0! D&rsquo;habitude, je ne l&#8217;emm\u00e8ne pas mais comme c&rsquo;\u00e9tait un peu difficile sans mon fils, je me suis autoris\u00e9e \u00e0 le prendre. Les nuits sont plus faciles comme \u00e7a\u00a0\u00bb.<\/em><\/p>\n<\/p><\/div>\n<p>[ad_2]<br \/>\n<br \/><a href=\"https:\/\/www.journaldesfemmes.fr\/people\/actus\/3190562-camille-cerf-bientot-un-2e-bebe-elle-repond\/\">Source link <\/a><\/p>\n","protected":false},"excerpt":{"rendered":"<p>[ad_1] Miss France 2015\u00a0a accueilli son premier enfant, Malo, le 18\u00a0ao\u00fbt 2023. Alors que son fils va souffler sa premi\u00e8re &hellip; <a href=\"http:\/\/www.affinite.fr\/index.php\/2024\/07\/10\/bientot-un-2e-bebe-elle-repond-franchement\/\" class=\"more-link\">Plus <span class=\"screen-reader-text\">bient\u00f4t un 2e b\u00e9b\u00e9\u00a0? Elle r\u00e9pond franchement<\/span> <span class=\"meta-nav\">&rarr;<\/span><\/a><\/p>\n","protected":false},"author":1,"featured_media":10601,"comment_status":"","ping_status":"open","sticky":false,"template":"","format":"standard","meta":{"_sitemap_exclude":false,"_sitemap_priority":"","_sitemap_frequency":"","footnotes":""},"categories":[1],"tags":[],"class_list":["post-10600","post","type-post","status-publish","format-standard","has-post-thumbnail","hentry","category-tous"],"_links":{"self":[{"href":"http:\/\/www.affinite.fr\/index.php\/wp-json\/wp\/v2\/posts\/10600"}],"collection":[{"href":"http:\/\/www.affinite.fr\/index.php\/wp-json\/wp\/v2\/posts"}],"about":[{"href":"http:\/\/www.affinite.fr\/index.php\/wp-json\/wp\/v2\/types\/post"}],"author":[{"embeddable":true,"href":"http:\/\/www.affinite.fr\/index.php\/wp-json\/wp\/v2\/users\/1"}],"replies":[{"embeddable":true,"href":"http:\/\/www.affinite.fr\/index.php\/wp-json\/wp\/v2\/comments?post=10600"}],"version-history":[{"count":0,"href":"http:\/\/www.affinite.fr\/index.php\/wp-json\/wp\/v2\/posts\/10600\/revisions"}],"wp:featuredmedia":[{"embeddable":true,"href":"http:\/\/www.affinite.fr\/index.php\/wp-json\/wp\/v2\/media\/10601"}],"wp:attachment":[{"href":"http:\/\/www.affinite.fr\/index.php\/wp-json\/wp\/v2\/media?parent=10600"}],"wp:term":[{"taxonomy":"category","embeddable":true,"href":"http:\/\/www.affinite.fr\/index.php\/wp-json\/wp\/v2\/categories?post=10600"},{"taxonomy":"post_tag","embeddable":true,"href":"http:\/\/www.affinite.fr\/index.php\/wp-json\/wp\/v2\/tags?post=10600"}],"curies":[{"name":"wp","href":"https:\/\/api.w.org\/{rel}","templated":true}]}}