{"id":10593,"date":"2024-07-08T15:46:28","date_gmt":"2024-07-08T15:46:28","guid":{"rendered":"http:\/\/www.affinite.fr\/index.php\/2024\/07\/08\/sa-femme-avait-le-meme-role-que-laurent-voulzy\/"},"modified":"2024-07-08T15:46:28","modified_gmt":"2024-07-08T15:46:28","slug":"sa-femme-avait-le-meme-role-que-laurent-voulzy","status":"publish","type":"post","link":"http:\/\/www.affinite.fr\/index.php\/2024\/07\/08\/sa-femme-avait-le-meme-role-que-laurent-voulzy\/","title":{"rendered":"sa femme avait le m\u00eame \u00ab\u00a0r\u00f4le\u00a0\u00bb que Laurent Voulzy"},"content":{"rendered":"<p> [ad_1]<br \/>\n<br \/><img decoding=\"async\" src=\"https:\/\/img-3.journaldesfemmes.fr\/Uer43uC7aDvt6NHnau9gfpBUWfY=\/1280x\/smart\/14992ff8b33544d593e424e0313c65ac\/ccmcms-jdf\/39981811.jpg\" \/><\/p>\n<p>\n                Alors qu&rsquo;Alain Souchon et ses fils Charles et Pierre ont entam\u00e9 une tourn\u00e9e exceptionnelle, ils se sont confi\u00e9s sur Fran\u00e7oise Souchon. L&rsquo;\u00e9pouse du chanteur a un r\u00f4le primordial dans la vie de celui-ci&#8230;            <\/p>\n<div>\n<p>Du haut de ses 80\u00a0ans, <a href=\"https:\/\/www.journaldesfemmes.fr\/people\/personnalites\/2819589-alain-souchon-age-fils-femme-enfants-chansons-concert-famille-laurent-voulzy\/\" title=\"Alain Souchon\">Alain Souchon<\/a> est l&rsquo;un des artistes les plus importants de sa g\u00e9n\u00e9ration. Figure incontournable de la chanson fran\u00e7aise depuis plusieurs d\u00e9cennies, il est de retour sur le devant de la sc\u00e8ne cet \u00e9t\u00e9 en compagnie de ses deux fils, Pierre et Charles alias Ours. Tous trois sont\u00a0 r\u00e9unis pour une tourn\u00e9e exceptionnelle mettant en lumi\u00e8re les plus grands tubes du complice de Laurent Voulzy.\u00a0<\/p>\n<h2>Alain Souchon : sa femme\u00a0\u00ab\u00a0tient la baraque\u00a0\u00bb, confidences<\/h2>\n<p>C&rsquo;est donc dans ce cadre que p\u00e8re et fils ont accord\u00e9 une interview exclusive \u00e0 nos confr\u00e8res du <em>JDD<\/em> ce 7\u00a0juillet. Tr\u00e8s vite, ils ont \u00e9t\u00e9 amen\u00e9s \u00e0 \u00e9voquer la femme de leurs vies\u00a0: Fran\u00e7oise, l&rsquo;\u00e9pouse d&rsquo;Alain Souchon et m\u00e8re de ses deux enfants donc. <em>\u00ab\u00a0\u00c7a la touche beaucoup de voir son mari et ses enfants r\u00e9unis de la sorte. \u00c7a l&rsquo;\u00e9meut beaucoup, car elle a toujours \u00e9t\u00e9 derri\u00e8re nous\u00a0\u00bb<\/em>, a d&rsquo;abord confi\u00e9 Pierre Souchon en \u00e9voquant leur vie de famille. Et \u00e0 l&rsquo;a\u00een\u00e9 de le fratrie de poursuivre\u00a0: <em>\u00ab\u00a0C&rsquo;est notre gouvernail. Mon p\u00e8re a son talent et ma m\u00e8re a l&rsquo;organisation et la rigueur qui lui ont permis de durer. Elle tient la baraque\u00a0\u00bb<\/em>.\u00a0<\/p>\n<h2>Alain Souchon : sa femme avait le m\u00eame \u00ab\u00a0r\u00f4le\u00a0\u00bb que Laurent Voulzy<\/h2>\n<p>\u00c2me s\u0153ur et bras droit d&rsquo;Alain Souchon depuis 1971, la m\u00e8re de famille a ensuite \u00e9t\u00e9 d\u00e9crite par son fils comme une f\u00eate \u00e0 la <em>\u00ab\u00a0t\u00eate bien faite\u00a0\u00bb<\/em> qui a fait des <em>\u00ab\u00a0\u00e9tudes sup\u00e9rieures scientifiques\u00a0\u00bb<\/em>. Mais qui n&rsquo;en \u00e9tait pas moins habit\u00e9e par la musique. Dans la foul\u00e9e, Alain Souchon est quelque peu revenu sur son processus de cr\u00e9ation. Il a r\u00e9v\u00e9l\u00e9 n&rsquo;avoir mis ses fils dans la confidence de son \u00e9criture qu&rsquo;une fois qu&rsquo;ils \u00e9taient devenus adultes. <em>\u00ab\u00a0Jusque-l\u00e0, je les montrais \u00e0 ma femme.\u00a0Laurent Voulzy\u00a0a eu aussi ce r\u00f4le\u00a0\u00bb<\/em>, a-t-il confi\u00e9.<\/p>\n<p>Il est \u00e9galement revenu sur la naissance, avec la complicit\u00e9 de sa dulcin\u00e9e, de<em> Foule sentimentale<\/em>, son plus grand tube. <em>\u00ab\u00a0Je lui avais chant\u00e9 depuis l&#8217;embrasure de la porte alors qu&rsquo;elle \u00e9tait dans la salle de bains.\u00a0&lsquo;Oui, oui, c&rsquo;est bien&rsquo;, m&rsquo;a-t-elle r\u00e9pondu. C&rsquo;est marrant les chansons, elles s&rsquo;envolent \u00e0 notre insu\u00a0\u00bb<\/em>, a-t-il expliqu\u00e9 sobrement.\u00a0Une tr\u00e8s belle histoire d&rsquo;amour qui a su r\u00e9sister aux temps, et surtout aux temp\u00eates puisque le chanteur l&rsquo;a confirm\u00e9\u00a0: il n&rsquo;a pas toujours \u00e9t\u00e9 fid\u00e8le. On se souvient notamment de son idylle passionn\u00e9e avec Isabelle Adjani\u2026 Tout \u00e7a semble d\u00e9sormais derri\u00e8re eux\u00a0!\u00a0<\/p>\n<\/p><\/div>\n<p>[ad_2]<br \/>\n<br \/><a href=\"https:\/\/www.journaldesfemmes.fr\/people\/actus\/3190034-elle-tient-la-baraque-les-rares-confidences-d-alain-souchon-sur-sa-femme-francoise\/\">Source link <\/a><\/p>\n","protected":false},"excerpt":{"rendered":"<p>[ad_1] Alors qu&rsquo;Alain Souchon et ses fils Charles et Pierre ont entam\u00e9 une tourn\u00e9e exceptionnelle, ils se sont confi\u00e9s sur &hellip; <a href=\"http:\/\/www.affinite.fr\/index.php\/2024\/07\/08\/sa-femme-avait-le-meme-role-que-laurent-voulzy\/\" class=\"more-link\">Plus <span class=\"screen-reader-text\">sa femme avait le m\u00eame \u00ab\u00a0r\u00f4le\u00a0\u00bb que Laurent Voulzy<\/span> <span class=\"meta-nav\">&rarr;<\/span><\/a><\/p>\n","protected":false},"author":1,"featured_media":10594,"comment_status":"","ping_status":"open","sticky":false,"template":"","format":"standard","meta":{"_sitemap_exclude":false,"_sitemap_priority":"","_sitemap_frequency":"","footnotes":""},"categories":[1],"tags":[],"class_list":["post-10593","post","type-post","status-publish","format-standard","has-post-thumbnail","hentry","category-tous"],"_links":{"self":[{"href":"http:\/\/www.affinite.fr\/index.php\/wp-json\/wp\/v2\/posts\/10593"}],"collection":[{"href":"http:\/\/www.affinite.fr\/index.php\/wp-json\/wp\/v2\/posts"}],"about":[{"href":"http:\/\/www.affinite.fr\/index.php\/wp-json\/wp\/v2\/types\/post"}],"author":[{"embeddable":true,"href":"http:\/\/www.affinite.fr\/index.php\/wp-json\/wp\/v2\/users\/1"}],"replies":[{"embeddable":true,"href":"http:\/\/www.affinite.fr\/index.php\/wp-json\/wp\/v2\/comments?post=10593"}],"version-history":[{"count":0,"href":"http:\/\/www.affinite.fr\/index.php\/wp-json\/wp\/v2\/posts\/10593\/revisions"}],"wp:featuredmedia":[{"embeddable":true,"href":"http:\/\/www.affinite.fr\/index.php\/wp-json\/wp\/v2\/media\/10594"}],"wp:attachment":[{"href":"http:\/\/www.affinite.fr\/index.php\/wp-json\/wp\/v2\/media?parent=10593"}],"wp:term":[{"taxonomy":"category","embeddable":true,"href":"http:\/\/www.affinite.fr\/index.php\/wp-json\/wp\/v2\/categories?post=10593"},{"taxonomy":"post_tag","embeddable":true,"href":"http:\/\/www.affinite.fr\/index.php\/wp-json\/wp\/v2\/tags?post=10593"}],"curies":[{"name":"wp","href":"https:\/\/api.w.org\/{rel}","templated":true}]}}