{"id":10586,"date":"2024-07-05T15:43:47","date_gmt":"2024-07-05T15:43:47","guid":{"rendered":"https:\/\/www.affinite.fr\/index.php\/2024\/07\/05\/cindy-bruna-adopte-le-chignon-ideal-pour-avoir-lair-chic-meme-quand-il-fait-chaud\/"},"modified":"2024-07-05T15:43:47","modified_gmt":"2024-07-05T15:43:47","slug":"cindy-bruna-adopte-le-chignon-ideal-pour-avoir-lair-chic-meme-quand-il-fait-chaud","status":"publish","type":"post","link":"http:\/\/www.affinite.fr\/index.php\/2024\/07\/05\/cindy-bruna-adopte-le-chignon-ideal-pour-avoir-lair-chic-meme-quand-il-fait-chaud\/","title":{"rendered":"Cindy Bruna adopte le chignon id\u00e9al pour avoir l&rsquo;air chic m\u00eame quand il fait chaud"},"content":{"rendered":"<p> [ad_1]<br \/>\n<\/p>\n<p>\n                Sur Instagram, Cindy Bruna a \u00e9t\u00e9 aper\u00e7ue avec le chignon effortless que l&rsquo;on va toutes porter cet \u00e9t\u00e9. Voici comment le reproduire.            <\/p>\n<div>\n<p>Si Cindy Bruna nous en met plein la vue sur les podiums des d\u00e9fil\u00e9s, en front row et sur les photocalls, c&rsquo;est aussi sur son compte Instagram que la magie se passe. Ce jeudi 4\u00a0juillet, elle a d&rsquo;ailleurs fait sensation en publiant un clich\u00e9 d&rsquo;elle. Et ce que les beautystas n&rsquo;ont pas manqu\u00e9 de remarquer, c&rsquo;est son <a href=\"https:\/\/www.journaldesfemmes.fr\/beaute\/conseils-cheveux\/1572239-chignon-50-inspirations-tendance-pour-nouer-ses-cheveux\/\" title=\"Chignons\">chignon<\/a> parfait pour la saison estivale.<\/p>\n<h2>Cindy Bruna craque pour le chignon bas<\/h2>\n<p>Sur le clich\u00e9 en question, on peut voir Cindy Bruna de profil, habill\u00e9e d&rsquo;une chemise \u00e0 carreaux et les lunettes de soleil sur le nez. Et alors qu&rsquo;elle nous a habitu\u00e9 \u00e0 sa chevelure volumineuse aux boucles parfaites, cette fois-ci, la c\u00e9l\u00e8bre mannequin adopte une <a href=\"https:\/\/www.journaldesfemmes.fr\/beaute\/coiffure\/2598560-coiffure-modeles-tutos-conseils\/\" title=\"Coiffure femme\">coiffure<\/a> diff\u00e9rente. La\u00a0voil\u00e0 tr\u00e8s joliment coiff\u00e9e d&rsquo;un simple <strong>chignon attach\u00e9 au bas de sa nuque<\/strong> avec un \u00e9lastique de couleur noir tandis que son visage est encadr\u00e9 par une raie sur le c\u00f4t\u00e9 et des racines plaqu\u00e9es. Il faut l&rsquo;avouer, c&rsquo;est l&rsquo;attache id\u00e9ale pour les jours de fortes chaleurs. En plus de mettre en valeur le visage, elle permet de <strong>d\u00e9gager la nuque et les \u00e9paules tout en restant chic<\/strong>. Bref, tout ce qu&rsquo;on souhaite lorsque le thermom\u00e8tre d\u00e9passe les 25\u00a0degr\u00e9s.\u00a0<\/p>\n<div style=\"text-align:center\">\n<figure class=\"image\" style=\"display:inline-block\"><img decoding=\"async\" alt=\"Cindy-Bruna-chignon-bas\" src=\"https:\/\/img-3.journaldesfemmes.fr\/fOCzz6IhXOHpUxB3aRwqwx-5mKY=\/450x\/smart\/05551bf89f504b41942be8ae3501e580\/ccmcms-jdf\/39981425.png\"\/><figcaption data-credit=\"cindybruna Instagram\"><small>\u00a9\u00a0cindybruna Instagram<\/small><\/figcaption><\/figure>\n<\/div>\n<h2>Comment reproduire le joli chignon de Cindy Bruna\u00a0?<\/h2>\n<p>Parfait pour l&rsquo;\u00e9t\u00e9, le chignon bas se r\u00e9alise en quelques \u00e9tapes seulement, avec pour <strong>seuls outils un peigne et un \u00e9lastique<\/strong>.<\/p>\n<p>On commence par bien brosser et d\u00e9m\u00ealer sa chevelure avant de tracer une raie sur le c\u00f4t\u00e9 parfaitement droite \u00e0 l&rsquo;aide du peigne. Une fois les cheveux tous rassembl\u00e9s au niveau de la nuque, l&rsquo;id\u00e9e est d&rsquo;entortiller les longueurs de fa\u00e7on n\u00e9glig\u00e9e, puis de fixer le tout avec un \u00e9lastique dont la couleur se rapproche de celle de sa crini\u00e8re\u00a0ou des pinces \u00e0 chignon, selon la convenance. Un peu de laque pour celles qui le veulent et le r\u00e9sultat devrait \u00eatre splendide. Il n&rsquo;y a pas plus simple\u00a0!<\/p>\n<\/p><\/div>\n<p>[ad_2]<br \/>\n<br \/><a href=\"https:\/\/www.journaldesfemmes.fr\/beaute\/magazine\/3189768-cindy-bruna-adopte-le-chignon-ideal-pour-avoir-l-air-chic-meme-quand-il-fait-chaud\/\">Source link <\/a><\/p>\n","protected":false},"excerpt":{"rendered":"<p>[ad_1] Sur Instagram, Cindy Bruna a \u00e9t\u00e9 aper\u00e7ue avec le chignon effortless que l&rsquo;on va toutes porter cet \u00e9t\u00e9. Voici &hellip; <a href=\"http:\/\/www.affinite.fr\/index.php\/2024\/07\/05\/cindy-bruna-adopte-le-chignon-ideal-pour-avoir-lair-chic-meme-quand-il-fait-chaud\/\" class=\"more-link\">Plus <span class=\"screen-reader-text\">Cindy Bruna adopte le chignon id\u00e9al pour avoir l&rsquo;air chic m\u00eame quand il fait chaud<\/span> <span class=\"meta-nav\">&rarr;<\/span><\/a><\/p>\n","protected":false},"author":1,"featured_media":10587,"comment_status":"","ping_status":"open","sticky":false,"template":"","format":"standard","meta":{"_sitemap_exclude":false,"_sitemap_priority":"","_sitemap_frequency":"","footnotes":""},"categories":[1],"tags":[],"class_list":["post-10586","post","type-post","status-publish","format-standard","has-post-thumbnail","hentry","category-tous"],"_links":{"self":[{"href":"http:\/\/www.affinite.fr\/index.php\/wp-json\/wp\/v2\/posts\/10586"}],"collection":[{"href":"http:\/\/www.affinite.fr\/index.php\/wp-json\/wp\/v2\/posts"}],"about":[{"href":"http:\/\/www.affinite.fr\/index.php\/wp-json\/wp\/v2\/types\/post"}],"author":[{"embeddable":true,"href":"http:\/\/www.affinite.fr\/index.php\/wp-json\/wp\/v2\/users\/1"}],"replies":[{"embeddable":true,"href":"http:\/\/www.affinite.fr\/index.php\/wp-json\/wp\/v2\/comments?post=10586"}],"version-history":[{"count":0,"href":"http:\/\/www.affinite.fr\/index.php\/wp-json\/wp\/v2\/posts\/10586\/revisions"}],"wp:featuredmedia":[{"embeddable":true,"href":"http:\/\/www.affinite.fr\/index.php\/wp-json\/wp\/v2\/media\/10587"}],"wp:attachment":[{"href":"http:\/\/www.affinite.fr\/index.php\/wp-json\/wp\/v2\/media?parent=10586"}],"wp:term":[{"taxonomy":"category","embeddable":true,"href":"http:\/\/www.affinite.fr\/index.php\/wp-json\/wp\/v2\/categories?post=10586"},{"taxonomy":"post_tag","embeddable":true,"href":"http:\/\/www.affinite.fr\/index.php\/wp-json\/wp\/v2\/tags?post=10586"}],"curies":[{"name":"wp","href":"https:\/\/api.w.org\/{rel}","templated":true}]}}