{"id":10582,"date":"2024-07-04T15:42:49","date_gmt":"2024-07-04T15:42:49","guid":{"rendered":"http:\/\/www.affinite.fr\/index.php\/2024\/07\/04\/le-geste-elegant-de-sa-derniere-compagne-vis-a-vis-de-francoise-hardy\/"},"modified":"2024-07-04T15:42:49","modified_gmt":"2024-07-04T15:42:49","slug":"le-geste-elegant-de-sa-derniere-compagne-vis-a-vis-de-francoise-hardy","status":"publish","type":"post","link":"http:\/\/www.affinite.fr\/index.php\/2024\/07\/04\/le-geste-elegant-de-sa-derniere-compagne-vis-a-vis-de-francoise-hardy\/","title":{"rendered":"le geste \u00e9l\u00e9gant de sa derni\u00e8re compagne vis-\u00e0-vis de Fran\u00e7oise Hardy"},"content":{"rendered":"<p> [ad_1]<br \/>\n<br \/><img decoding=\"async\" src=\"https:\/\/img-3.journaldesfemmes.fr\/MJuePF4R91As72uJS5tLCSEq61Q=\/1280x\/smart\/c65f27f3872a4ab9b32ffc3932d63906\/ccmcms-jdf\/39981272.jpg\" \/><\/p>\n<p>\n                Si Jacques Dutronc a retrouv\u00e9 l&rsquo;amour apr\u00e8s sa s\u00e9paration de Fran\u00e7oise Hardy en 1991, il n&rsquo;a jamais perdu l&rsquo;affection qu&rsquo;il \u00e9prouvait pour la chanteuse. Sa compagne actuelle avait d&rsquo;ailleurs une attitude touchante face \u00e0 la m\u00e8re de Thomas Dutronc\u2026            <\/p>\n<div>\n<p><a href=\"https:\/\/www.journaldesfemmes.fr\/people\/personnalites\/2706899-francoise-hardy-age-sante-couple-dutronc-deces\/\" title=\"Fran\u00e7oise Hardy\">Fran\u00e7oise Hardy<\/a> et Jacques Dutronc se sont s\u00e9par\u00e9s en 1991&#8230; mais l&rsquo;amour qu&rsquo;ils \u00e9prouvaient l&rsquo;un pour l&rsquo;autre ne s&rsquo;est jamais \u00e9tiol\u00e9. Tous deux n&rsquo;ont d&rsquo;ailleurs pas divorc\u00e9. Et si le chanteur a\u00a0retrouv\u00e9 l&rsquo;amour dans les bras de Sylvie Duval, il n&rsquo;est jamais sorti de la vie de l&rsquo;interpr\u00e8te de <em>Mon amie la rose.\u00a0<\/em>L&rsquo;actuelle compagne de <a href=\"https:\/\/www.journaldesfemmes.fr\/people\/personnalites\/2867437-jacques-dutronc-chansons-infidelites-couple-fils-corse-sante\/\" title=\"Jacques Dutronc\">Jacques Dutronc<\/a> avait d&rsquo;ailleurs un geste \u00e9l\u00e9gant pour Fran\u00e7oise Hardy, lorsque celle-ci \u00e9tait encore de ce monde\u2026<\/p>\n<h2>Jacques Dutronc : ce que sa compagne l&rsquo;a laiss\u00e9 faire aux obs\u00e8ques de Fran\u00e7oise Hardy\u00a0<\/h2>\n<p>Fran\u00e7oise Hardy a pouss\u00e9 son dernier soupir \u00e0 80 ans, ce 11 juin, et ses fun\u00e9railles se sont d\u00e9roul\u00e9es le 18 juin en pr\u00e9sence de moult personnalit\u00e9s, dont Jacques Dutronc. L&rsquo;ancien membre des Vieilles canailles n&rsquo;assiste pourtant qu&rsquo;\u00e0 tr\u00e8s peu d&rsquo;obs\u00e8ques. Mais il n&rsquo;aurait rat\u00e9 pour rien au monde les adieux \u00e0 celle qui a \u00e9t\u00e9 sa compagne et sa confidente pendant tant d&rsquo;ann\u00e9es.\u00a0<\/p>\n<p>Pour cette c\u00e9r\u00e9monie \u00e9mouvante, il \u00e9tait accompagn\u00e9 de sa conjointe, Sylvie Duval, une ancienne maquilleuse de cin\u00e9ma, qui partage sa vie depuis 1997. Celle-ci n&rsquo;a pas h\u00e9sit\u00e9 \u00e0 laisser au chanteur un peu d&rsquo;intimit\u00e9 pour commencer \u00e0 faire son deuil. \u00ab\u00a0<em>A l&rsquo;issue de la c\u00e9r\u00e9monie, en attendant la sortie de Thomas, Sylvie a d&rsquo;abord laiss\u00e9 Jacques s&rsquo;asseoir seul, recueilli dans ses pens\u00e9es, \u00e0 l&rsquo;arri\u00e8re d&rsquo;une berline tout comme elle avait respect\u00e9 ses derniers \u00e9changes avec Fran\u00e7oise \u00e0 l&rsquo;h\u00f4pital am\u00e9ricain de Neuilly-sur-Seine<\/em>\u00ab\u00a0, lit-on dans <em>Gala<\/em>.<\/p>\n<h2>Le geste \u00e9l\u00e9gant de la compagne de Dutronc face \u00e0 Fran\u00e7oise Hardy<\/h2>\n<p><span style=\"font-size: 16px;\">Manifestement, aucune rivalit\u00e9 ne subsistait entre\u00a0Sylvie Duval et\u00a0Fran\u00e7oise Hardy, lorsque celle-ci \u00e9tait vivante. \u00ab\u00a0<\/span><em style=\"font-size: 16px;\">Elle ne cachait pas son soulagement qu&rsquo;une autre femme veille sur Dutronc, enfant g\u00e2t\u00e9, faux d\u00e9sinvolte et vrai hypocondriaque<\/em><span style=\"font-size: 16px;\">\u00ab\u00a0, est-il pr\u00e9cis\u00e9.<\/span><\/p>\n<p>Quelques ann\u00e9es avant que son\u00a0cancer du pharynx ne l&rsquo;affaiblisse, l&rsquo;interpr\u00e8te du <em>Temps de l&rsquo;amour<\/em> avait pour habitude de rendre visite \u00e0 Jacques Dutronc dans sa maison de Corse, \u00e0 Monticello. Selon <em>Gala<\/em>, la compagne du chanteur veillait \u00e0 s&rsquo;absenter lorsque Fran\u00e7oise Hardy s&rsquo;annon\u00e7ait, afin de laisser les parents de <a href=\"https:\/\/www.journaldesfemmes.fr\/people\/thomas-dutronc\/\" title=\"Thomas Dutronc\">Thomas Dutronc<\/a> entre eux.\u00a0<\/p>\n<\/p><\/div>\n<p>[ad_2]<br \/>\n<br \/><a href=\"https:\/\/www.journaldesfemmes.fr\/people\/actus\/3189628-francoise-hardy-jacques-dutronc-sylvie-duval\/\">Source link <\/a><\/p>\n","protected":false},"excerpt":{"rendered":"<p>[ad_1] Si Jacques Dutronc a retrouv\u00e9 l&rsquo;amour apr\u00e8s sa s\u00e9paration de Fran\u00e7oise Hardy en 1991, il n&rsquo;a jamais perdu l&rsquo;affection &hellip; <a href=\"http:\/\/www.affinite.fr\/index.php\/2024\/07\/04\/le-geste-elegant-de-sa-derniere-compagne-vis-a-vis-de-francoise-hardy\/\" class=\"more-link\">Plus <span class=\"screen-reader-text\">le geste \u00e9l\u00e9gant de sa derni\u00e8re compagne vis-\u00e0-vis de Fran\u00e7oise Hardy<\/span> <span class=\"meta-nav\">&rarr;<\/span><\/a><\/p>\n","protected":false},"author":1,"featured_media":10583,"comment_status":"","ping_status":"open","sticky":false,"template":"","format":"standard","meta":{"_sitemap_exclude":false,"_sitemap_priority":"","_sitemap_frequency":"","footnotes":""},"categories":[1],"tags":[],"class_list":["post-10582","post","type-post","status-publish","format-standard","has-post-thumbnail","hentry","category-tous"],"_links":{"self":[{"href":"http:\/\/www.affinite.fr\/index.php\/wp-json\/wp\/v2\/posts\/10582"}],"collection":[{"href":"http:\/\/www.affinite.fr\/index.php\/wp-json\/wp\/v2\/posts"}],"about":[{"href":"http:\/\/www.affinite.fr\/index.php\/wp-json\/wp\/v2\/types\/post"}],"author":[{"embeddable":true,"href":"http:\/\/www.affinite.fr\/index.php\/wp-json\/wp\/v2\/users\/1"}],"replies":[{"embeddable":true,"href":"http:\/\/www.affinite.fr\/index.php\/wp-json\/wp\/v2\/comments?post=10582"}],"version-history":[{"count":0,"href":"http:\/\/www.affinite.fr\/index.php\/wp-json\/wp\/v2\/posts\/10582\/revisions"}],"wp:featuredmedia":[{"embeddable":true,"href":"http:\/\/www.affinite.fr\/index.php\/wp-json\/wp\/v2\/media\/10583"}],"wp:attachment":[{"href":"http:\/\/www.affinite.fr\/index.php\/wp-json\/wp\/v2\/media?parent=10582"}],"wp:term":[{"taxonomy":"category","embeddable":true,"href":"http:\/\/www.affinite.fr\/index.php\/wp-json\/wp\/v2\/categories?post=10582"},{"taxonomy":"post_tag","embeddable":true,"href":"http:\/\/www.affinite.fr\/index.php\/wp-json\/wp\/v2\/tags?post=10582"}],"curies":[{"name":"wp","href":"https:\/\/api.w.org\/{rel}","templated":true}]}}