{"id":10571,"date":"2024-06-29T15:33:34","date_gmt":"2024-06-29T15:33:34","guid":{"rendered":"https:\/\/www.affinite.fr\/index.php\/2024\/06\/29\/les-tendres-confidences-de-sa-compagne-laurence-arne\/"},"modified":"2024-06-29T15:33:34","modified_gmt":"2024-06-29T15:33:34","slug":"les-tendres-confidences-de-sa-compagne-laurence-arne","status":"publish","type":"post","link":"http:\/\/www.affinite.fr\/index.php\/2024\/06\/29\/les-tendres-confidences-de-sa-compagne-laurence-arne\/","title":{"rendered":"les tendres confidences de sa compagne, Laurence Arn\u00e9"},"content":{"rendered":"<p> [ad_1]<br \/>\n<br \/><img decoding=\"async\" src=\"https:\/\/img-3.journaldesfemmes.fr\/WCYBLmFFWUS_qMQ7uGzYHRjyMo0=\/1280x\/smart\/4f72dbdc51cb4098aa4e39161eeda0f3\/ccmcms-jdf\/39979785.jpg\" \/><\/p>\n<p>\n                Ce 26\u00a0juin, le premier film de Laurence Arn\u00e9, la compagne de Dany Boon, sortait en salles. L&rsquo;occasion pour elle de faire des petites confidences sur sa relation avec Dany Boon&#8230;            <\/p>\n<div>\n<p><em>La Famille Hennedricks <\/em>est une com\u00e9die qui met en sc\u00e8ne un couple o\u00f9 chacun \u00e0 des enfants est issu de relations pr\u00e9c\u00e9dentes. Les r\u00f4les principaux sont jou\u00e9s par <a href=\"https:\/\/www.journaldesfemmes.fr\/people\/personnalites\/2886385-bio-laurence-arne-vie-privee-compagnon-films-age\/\" title=\"Laurence Arn\u00e9\">Laurence Arn\u00e9<\/a>, la r\u00e9alisatrice, et Dany Boon. Dans la vie comme \u00e0 l&rsquo;\u00e9cran, tous deux\u00a0connaissent bien cette dynamique\u00a0de couple&#8230;.<\/p>\n<h2>Laurence Arn\u00e9 et Dany Boon\u00a0: une famille recompos\u00e9e, un \u00ab\u00a0\u00e9norme bordel\u00a0\u00bb<\/h2>\n<p>Laurence Arn\u00e9 souhaitait \u00e9voquer au c\u0153ur de son film\u00a0les difficult\u00e9s qui se pr\u00e9sentent aux familles recompos\u00e9es.\u00a0Laurence Arn\u00e9 doit y faire face au quotidien avec son compagnon, <a href=\"https:\/\/www.journaldesfemmes.fr\/people\/dany-boon\/\" title=\"Dany Boon\">Dany Boon<\/a>. \u00c0 eux deux, le couple r\u00e9unit six enfants. \u00ab\u00a0<em>Ce film \u00e9voque de nombreuses probl\u00e9matiques personnelles\u00a0\u00bb<\/em>, explique la r\u00e9alisatrice dans les colonnes de <em>T\u00e9l\u00e9 7 Jours<\/em>.<em> <\/em><\/p>\n<p><em>\u00ab\u00a0\u00catre maman, femme, belle-maman, et il est aussi question de cette part d&rsquo;enfance que l&rsquo;on conserve, mais dont on doit faire le deuil, adulte. J&rsquo;\u00e9voque \u00e9galement le fait de croire encore \u00e0 la famille, malgr\u00e9 un et divorce, et l&rsquo;importance d&#8217;embarquer les enfants dans cette aventure\u00a0\u00bb<\/em>, pr\u00e9cise-t-elle avant d&rsquo;ajouter qu&rsquo;une <em>\u00ab\u00a0famille, c&rsquo;est un groupe de rock, c&rsquo;est un \u00e9norme bordel, et tout le monde doit trouver sa partition. Les parents sont les chefs d&rsquo;orchestre, il faut conserver un certain cadre. Je vis seule avec mon fils de 14\u00a0ans <\/em>[A Paris, alors que Dany Boon vit \u00e0 Bruxelles, ndlr].<em> Parfois, je dois lui rappeler que je ne suis pas sa coloc, mais sa maman\u00a0!\u00a0\u00bb<\/em><\/p>\n<h2>Laurence Arn\u00e9 balance sur son compagnon : \u00ab\u00a0Sens\u00e9, fragile et viril \u00e0 la fois\u00a0\u00bb<\/h2>\n<p>Les personnages jou\u00e9s par Dany Boon et Laurence Arn\u00e9 ressemblent-ils vraiment aux acteurs ? <em>\u00ab\u00a0Dany est plus organis\u00e9\u00a0\u00bb<\/em>, a-t-elle d\u00e9clar\u00e9. <em>\u00ab\u00a0Ils partagent une vraie souplesse et l&rsquo;art du l\u00e2cher-prise, ce qui est tr\u00e8s agr\u00e9able au quotidien. Dany ne panique jamais, il ne se prend pas au s\u00e9rieux. Il ne stresse pas par anticipation, contrairement \u00e0 moi. C&rsquo;est un super musicien, mais il a aussi ce c\u00f4t\u00e9 papa qui peut taper du poing sur la table, s&rsquo;il le faut\u00a0\u00bb<\/em>.<\/p>\n<p>La liste des qualit\u00e9s de Dany Boon est longue. <em>\u00ab\u00a0J&rsquo;avais envie de montrer un homme sens\u00e9, fragile et viril \u00e0 la fois\u00a0: il est tr\u00e8s rock, Dany\u00a0!\u00a0\u00bb.<\/em> Le nom de leur \u00e9quipe ? Les<em> \u00ab\u00a0Boorne\u00a0\u00bb<\/em>, confie-t-elle, fi\u00e8rement.\u00a0\u00ab\u00a0<em>\u00c7a claque hein ?\u00a0\u00bb<\/em>. En tout cas, le couple de com\u00e9dien semble avoir trouver son \u00e9quilibre&#8230;<\/p>\n<\/p><\/div>\n<p>[ad_2]<br \/>\n<br \/><a href=\"https:\/\/www.journaldesfemmes.fr\/people\/actus\/3188300-la-famille-hennedricks-les-douces-confidences-de-laurence-arne-sur-dany-boon-son-compagnon\/\">Source link <\/a><\/p>\n","protected":false},"excerpt":{"rendered":"<p>[ad_1] Ce 26\u00a0juin, le premier film de Laurence Arn\u00e9, la compagne de Dany Boon, sortait en salles. L&rsquo;occasion pour elle &hellip; <a href=\"http:\/\/www.affinite.fr\/index.php\/2024\/06\/29\/les-tendres-confidences-de-sa-compagne-laurence-arne\/\" class=\"more-link\">Plus <span class=\"screen-reader-text\">les tendres confidences de sa compagne, Laurence Arn\u00e9<\/span> <span class=\"meta-nav\">&rarr;<\/span><\/a><\/p>\n","protected":false},"author":1,"featured_media":10572,"comment_status":"","ping_status":"open","sticky":false,"template":"","format":"standard","meta":{"_sitemap_exclude":false,"_sitemap_priority":"","_sitemap_frequency":"","footnotes":""},"categories":[1],"tags":[],"class_list":["post-10571","post","type-post","status-publish","format-standard","has-post-thumbnail","hentry","category-tous"],"_links":{"self":[{"href":"http:\/\/www.affinite.fr\/index.php\/wp-json\/wp\/v2\/posts\/10571"}],"collection":[{"href":"http:\/\/www.affinite.fr\/index.php\/wp-json\/wp\/v2\/posts"}],"about":[{"href":"http:\/\/www.affinite.fr\/index.php\/wp-json\/wp\/v2\/types\/post"}],"author":[{"embeddable":true,"href":"http:\/\/www.affinite.fr\/index.php\/wp-json\/wp\/v2\/users\/1"}],"replies":[{"embeddable":true,"href":"http:\/\/www.affinite.fr\/index.php\/wp-json\/wp\/v2\/comments?post=10571"}],"version-history":[{"count":0,"href":"http:\/\/www.affinite.fr\/index.php\/wp-json\/wp\/v2\/posts\/10571\/revisions"}],"wp:featuredmedia":[{"embeddable":true,"href":"http:\/\/www.affinite.fr\/index.php\/wp-json\/wp\/v2\/media\/10572"}],"wp:attachment":[{"href":"http:\/\/www.affinite.fr\/index.php\/wp-json\/wp\/v2\/media?parent=10571"}],"wp:term":[{"taxonomy":"category","embeddable":true,"href":"http:\/\/www.affinite.fr\/index.php\/wp-json\/wp\/v2\/categories?post=10571"},{"taxonomy":"post_tag","embeddable":true,"href":"http:\/\/www.affinite.fr\/index.php\/wp-json\/wp\/v2\/tags?post=10571"}],"curies":[{"name":"wp","href":"https:\/\/api.w.org\/{rel}","templated":true}]}}