{"id":10565,"date":"2024-06-26T15:31:02","date_gmt":"2024-06-26T15:31:02","guid":{"rendered":"https:\/\/www.affinite.fr\/index.php\/2024\/06\/26\/a-51-ans-vanessa-paradis-illumine-le-defile-chanel-avec-son-maquillage-romantique\/"},"modified":"2024-06-26T15:31:02","modified_gmt":"2024-06-26T15:31:02","slug":"a-51-ans-vanessa-paradis-illumine-le-defile-chanel-avec-son-maquillage-romantique","status":"publish","type":"post","link":"http:\/\/www.affinite.fr\/index.php\/2024\/06\/26\/a-51-ans-vanessa-paradis-illumine-le-defile-chanel-avec-son-maquillage-romantique\/","title":{"rendered":"A 51\u00a0ans, Vanessa Paradis illumine le d\u00e9fil\u00e9 Chanel avec son maquillage romantique"},"content":{"rendered":"<p> [ad_1]<br \/>\n<\/p>\n<p>\n                Invit\u00e9e d&rsquo;honneur du d\u00e9fil\u00e9 haute couture automne-hiver 2024-2025\u00a0de Chanel, Vanessa Paradis a vu les choses en grand, affichant un look frais, pile dans la tendance de la saison.            <\/p>\n<div>\n<p>Ce mardi 25\u00a0juin 2024 s&rsquo;est d\u00e9roul\u00e9 le tant attendu d\u00e9fil\u00e9 Chanel haute couture automne-hiver 2024-2025. Le show, qui signe la derni\u00e8re collection de Virginie Viard pour la maison de la rue Cambon, a mis la barri\u00e8re tr\u00e8s haut. Au programme\u00a0: c\u00e9l\u00e9bration de la mode victorienne agr\u00e9ment\u00e9e de d\u00e9tails d\u00e9cal\u00e9s comme des \u00e9paules asym\u00e9triques ou des n\u0153uds XXL, le tout associ\u00e9 \u00e0 des mises en beaut\u00e9 \u00e0 couper le souffle. De nombreuses personnalit\u00e9s tri\u00e9es sur le volet\u00a0ont r\u00e9pondu pr\u00e9sent pour l&rsquo;occasion, dont <a href=\"https:\/\/www.journaldesfemmes.fr\/people\/personnalites\/2559608-vanessa-paradis\/\" title=\"Vanessa Paradis\">Vanessa Paradis<\/a>.<\/p>\n<p>Ce n&rsquo;est plus un secret pour personne, Vanessa Paradis est probablement l&rsquo;une des ic\u00f4nes\u00a0beaut\u00e9\u00a0fran\u00e7aises les plus c\u00e9l\u00e8bres \u00e0 ce jour. Adepte de looks d\u00e9contract\u00e9s, mais toujours chics, elle s&rsquo;affiche r\u00e9guli\u00e8rement avec des mises en beaut\u00e9 fra\u00eeches et lumineuses, rehaussant son \u00e9clat naturel. Spott\u00e9e au d\u00e9fil\u00e9 Chanel haute couture lors de la Fashion Week de Paris, elle a de nouveau cr\u00e9\u00e9 l&rsquo;\u00e9v\u00e8nement, apparaissant avec une coupe de cheveux sublimant ses longueurs dor\u00e9es.\u00a0<\/p>\n<div style=\"text-align:center\">\n<figure class=\"image\" style=\"display:inline-block\"><img decoding=\"async\" alt=\"vanessa-paradis-fashion-week-paris\" src=\"https:\/\/img-3.journaldesfemmes.fr\/UnEnN0DRmX2VmYNHs48V5VpYies=\/450x\/smart\/ce0f94cdd5d5459f99141bd34ef316d5\/ccmcms-jdf\/39978884.jpg\"\/><\/figure>\n<\/div>\n<p>Comme souvent, la chanteuse s&rsquo;est laiss\u00e9 tenter par une coiffure l\u00e2ch\u00e9e et facile \u00e0 porter. Pour lui donner un aspect plus moderne, elle a choisi de la\u00a0doper d&rsquo;ondulations l\u00e9g\u00e8res, dans un esprit romantique. On devine \u00e9galement un \u00ab\u00a0gloss\u00a0\u00bb sur ses longueurs. Cette nouvelle m\u00e9thode, d&rsquo;abord popularis\u00e9e aux \u00c9tats-Unis, agit comme une\u00a0coloration-soin ton sur ton, qui renforce la brillance et l&rsquo;\u00e9clat des cheveux sur plusieurs semaines.<\/p>\n<p>Afin de mettre en valeur sa coiffure effortless, l&rsquo;interpr\u00e8te de \u00ab\u00a0Joe le taxi\u00a0\u00bb a opt\u00e9 pour un maquillage d\u00e9licat aux nuances tendres. Ce dernier se composait d&rsquo;un teint glowy au fini satin\u00e9, agr\u00e9ment\u00e9 d&rsquo;un blush rose drag\u00e9e lui donnant un air radieux. Vanessa Paradis a ensuite sign\u00e9 son look par un trait d&rsquo;eye-liner noir sur la ligne des cils et une bouche nude iris\u00e9e. Une mise en beaut\u00e9 discr\u00e8te et typiquement fran\u00e7aise, caract\u00e9ristique de l&rsquo;ic\u00f4ne de la maison Chanel.\u00a0<\/p>\n<\/p><\/div>\n<p>[ad_2]<br \/>\n<br \/><a href=\"https:\/\/www.journaldesfemmes.fr\/beaute\/magazine\/3187710-a-51-ans-vanessa-paradis-illumine-le-defile-chanel-avec-son-maquillage-romantique-elle-confirme-son-statut-d-icone-beaute\/\">Source link <\/a><\/p>\n","protected":false},"excerpt":{"rendered":"<p>[ad_1] Invit\u00e9e d&rsquo;honneur du d\u00e9fil\u00e9 haute couture automne-hiver 2024-2025\u00a0de Chanel, Vanessa Paradis a vu les choses en grand, affichant un &hellip; <a href=\"http:\/\/www.affinite.fr\/index.php\/2024\/06\/26\/a-51-ans-vanessa-paradis-illumine-le-defile-chanel-avec-son-maquillage-romantique\/\" class=\"more-link\">Plus <span class=\"screen-reader-text\">A 51\u00a0ans, Vanessa Paradis illumine le d\u00e9fil\u00e9 Chanel avec son maquillage romantique<\/span> <span class=\"meta-nav\">&rarr;<\/span><\/a><\/p>\n","protected":false},"author":1,"featured_media":10566,"comment_status":"","ping_status":"open","sticky":false,"template":"","format":"standard","meta":{"_sitemap_exclude":false,"_sitemap_priority":"","_sitemap_frequency":"","footnotes":""},"categories":[1],"tags":[],"class_list":["post-10565","post","type-post","status-publish","format-standard","has-post-thumbnail","hentry","category-tous"],"_links":{"self":[{"href":"http:\/\/www.affinite.fr\/index.php\/wp-json\/wp\/v2\/posts\/10565"}],"collection":[{"href":"http:\/\/www.affinite.fr\/index.php\/wp-json\/wp\/v2\/posts"}],"about":[{"href":"http:\/\/www.affinite.fr\/index.php\/wp-json\/wp\/v2\/types\/post"}],"author":[{"embeddable":true,"href":"http:\/\/www.affinite.fr\/index.php\/wp-json\/wp\/v2\/users\/1"}],"replies":[{"embeddable":true,"href":"http:\/\/www.affinite.fr\/index.php\/wp-json\/wp\/v2\/comments?post=10565"}],"version-history":[{"count":0,"href":"http:\/\/www.affinite.fr\/index.php\/wp-json\/wp\/v2\/posts\/10565\/revisions"}],"wp:featuredmedia":[{"embeddable":true,"href":"http:\/\/www.affinite.fr\/index.php\/wp-json\/wp\/v2\/media\/10566"}],"wp:attachment":[{"href":"http:\/\/www.affinite.fr\/index.php\/wp-json\/wp\/v2\/media?parent=10565"}],"wp:term":[{"taxonomy":"category","embeddable":true,"href":"http:\/\/www.affinite.fr\/index.php\/wp-json\/wp\/v2\/categories?post=10565"},{"taxonomy":"post_tag","embeddable":true,"href":"http:\/\/www.affinite.fr\/index.php\/wp-json\/wp\/v2\/tags?post=10565"}],"curies":[{"name":"wp","href":"https:\/\/api.w.org\/{rel}","templated":true}]}}