{"id":10555,"date":"2024-06-24T15:27:47","date_gmt":"2024-06-24T15:27:47","guid":{"rendered":"https:\/\/www.affinite.fr\/index.php\/2024\/06\/24\/cette-marque-de-mode-hyper-populaire-disparue-depuis-2-ans-annonce-son-grand-retour-en-france-cet-ete\/"},"modified":"2024-06-24T15:27:47","modified_gmt":"2024-06-24T15:27:47","slug":"cette-marque-de-mode-hyper-populaire-disparue-depuis-2-ans-annonce-son-grand-retour-en-france-cet-ete","status":"publish","type":"post","link":"http:\/\/www.affinite.fr\/index.php\/2024\/06\/24\/cette-marque-de-mode-hyper-populaire-disparue-depuis-2-ans-annonce-son-grand-retour-en-france-cet-ete\/","title":{"rendered":"Cette marque de mode hyper populaire, disparue depuis 2\u00a0ans, annonce son grand retour en France cet \u00e9t\u00e9"},"content":{"rendered":"<p> [ad_1]<br \/>\n<br \/><img decoding=\"async\" src=\"https:\/\/img-3.journaldesfemmes.fr\/igMSqMWismmHSd5Re80L7g-qI7c=\/1280x\/smart\/9e6d349ed326437d96a59680aac20171\/ccmcms-jdf\/39978460.jpg\" \/><\/p>\n<p>\n                Une c\u00e9l\u00e8bre enseigne, qui avait ferm\u00e9 ses portes en 2022, fera son grand retour en France \u00e0 la fin de l&rsquo;\u00e9t\u00e9. Elle a en fait \u00e9t\u00e9 rachet\u00e9e par une autre marque bien connue des Fran\u00e7ais.            <\/p>\n<div>\n<p>C&rsquo;est le retour que l&rsquo;on attendait toutes. Tout au long de l&rsquo;ann\u00e9e\u00a02023, un grand nombre d&rsquo;enseignes de mode, comme San Marina\u00a0ou Orcanta,\u00a0ont \u00e9t\u00e9 plac\u00e9es en liquidation. D&rsquo;autres ont \u00e9galement subi des redressements judiciaires suite \u00e0 l&rsquo;inflation qui a suivi la pand\u00e9mie de Covid-19. C&rsquo;est par exemple le cas de Kooka\u00ef, Jennyfer, Naf Naf, Andr\u00e9\u00a0ou encore Kaporal, qui ont toutes souffert d&rsquo;une baisse durable de la consommation des Fran\u00e7aises. Mais pour l&rsquo;une d&rsquo;entre elles, ador\u00e9e par les modeuses, une bonne nouvelle vient d&rsquo;arriver.\u00a0L&rsquo;enseigne\u00a0de pr\u00eat-\u00e0-porter sp\u00e9cialis\u00e9e dans les v\u00eatements, les bijoux et les accessoires f\u00e9minins, qui avait disparu en septembre 2022 suite \u00e0 une liquidation judiciaire, est bel est bien de retour. Quarante ans apr\u00e8s sa cr\u00e9ation, c&rsquo;est la marque Cama\u00efeu qui s&rsquo;appr\u00eate \u00e0 \u00eatre revendue un petit peu partout en France. Si cette renaissance est possible, c&rsquo;est gr\u00e2ce \u00e0 l&rsquo;entreprise Celio, qui l&rsquo;avait rachet\u00e9e aux ench\u00e8res en d\u00e9cembre 2022. \u00ab\u00a0<em>On n&rsquo;a rachet\u00e9 que le nom Cama\u00efeu, pas les magasins, sans les \u00e9quipes, dans l&rsquo;id\u00e9e de lancer chez Celio une ligne femme<\/em>\u00ab\u00a0, a pr\u00e9cis\u00e9 le pr\u00e9sident de Celio, S\u00e9bastien Bismuth.\u00a0Les 2 600 employ\u00e9s qui avaient \u00e9t\u00e9 licenci\u00e9s suite \u00e0 la fermeture des 511 magasins Cama\u00efeu\u00a0ne seront donc pas repris.\u00a0<\/p>\n<h2>Un nouveau nom et de nouveaux points de vente<\/h2>\n<p>Les cr\u00e9ations, renomm\u00e9es\u00a0Be Cama\u00efeu, ne seront en cons\u00e9quence plus\u00a0vendues dans des \u00e9tablissements d\u00e9di\u00e9s. Elles viendront plut\u00f4t agr\u00e9menter les rayons de\u00a011\u00a0boutiques Celio, agrandies sp\u00e9cialement pour l&rsquo;occasion. Ces derni\u00e8res seront situ\u00e9es \u00e0 Cergy 3, Fontaines dans le Val-d&rsquo;Oise\u202f; Bruxelles City 2, en Belgique\u202f; Anglet BAB2, dans les Pyr\u00e9n\u00e9es-Atlantiques\u202f;\u00a0Rosny 2, en Seine-Saint-Denis.\u00a0<br \/>Creil St-Maximin, dans l&rsquo;Oise\u202f;\u00a0Metz Waves, en Moselle\u202f;\u00a0Valences Les Couleures, dans la Dr\u00f4me\u00a0; l&rsquo;Isle-d&rsquo;Abeau, en Is\u00e8re et\u00a0\u00c9vry 2, dans l&rsquo;Essonne.\u00a0Parmi ces points de ventes, deux pop-up \u00e9ph\u00e9m\u00e8res uniquement\u00a0r\u00e9serv\u00e9s \u00e0 Be Cama\u00efeu seront\u00a0situ\u00e9s \u00e0 Compi\u00e8gne et dans les Yvelines.\u00a0Un magasin sera \u00e9galement transf\u00e9r\u00e9 dans le centre commercial Euralille. Enfin, un nouveau magasin ouvrira \u00e0 Vannes, au mois d&rsquo;octobre 2024.\u00a0La gamme f\u00e9minine sera \u00e9galement disponible\u00a0sur internet.<\/p>\n<p>\u00ab\u00a0<em>Celio avait besoin d&rsquo;\u00e9largir sa gamme, toutes les enseignes internationales aujourd&rsquo;hui font de l&rsquo;homme et de la femme<\/em>\u00a0\u00bb a indiqu\u00e9 le pr\u00e9sident de Celio.\u00a0Lanc\u00e9e le 29 ao\u00fbt 2024, la marque Be Cama\u00efeu devrait \u00eatre pr\u00e9sente dans une cinquantaine de Celio d&rsquo;ici trois \u00e0 quatre ans.\u00a0<\/p>\n<\/p><\/div>\n<p>[ad_2]<br \/>\n<br \/><a href=\"https:\/\/www.journaldesfemmes.fr\/mode\/magazine-mode\/3187364-cette-marque-de-mode-hyper-populaire-disparue-depuis-2-ans-annonce-son-grand-retour-en-france-cet-ete\/\">Source link <\/a><\/p>\n","protected":false},"excerpt":{"rendered":"<p>[ad_1] Une c\u00e9l\u00e8bre enseigne, qui avait ferm\u00e9 ses portes en 2022, fera son grand retour en France \u00e0 la fin &hellip; <a href=\"http:\/\/www.affinite.fr\/index.php\/2024\/06\/24\/cette-marque-de-mode-hyper-populaire-disparue-depuis-2-ans-annonce-son-grand-retour-en-france-cet-ete\/\" class=\"more-link\">Plus <span class=\"screen-reader-text\">Cette marque de mode hyper populaire, disparue depuis 2\u00a0ans, annonce son grand retour en France cet \u00e9t\u00e9<\/span> <span class=\"meta-nav\">&rarr;<\/span><\/a><\/p>\n","protected":false},"author":1,"featured_media":10556,"comment_status":"","ping_status":"open","sticky":false,"template":"","format":"standard","meta":{"_sitemap_exclude":false,"_sitemap_priority":"","_sitemap_frequency":"","footnotes":""},"categories":[1],"tags":[],"class_list":["post-10555","post","type-post","status-publish","format-standard","has-post-thumbnail","hentry","category-tous"],"_links":{"self":[{"href":"http:\/\/www.affinite.fr\/index.php\/wp-json\/wp\/v2\/posts\/10555"}],"collection":[{"href":"http:\/\/www.affinite.fr\/index.php\/wp-json\/wp\/v2\/posts"}],"about":[{"href":"http:\/\/www.affinite.fr\/index.php\/wp-json\/wp\/v2\/types\/post"}],"author":[{"embeddable":true,"href":"http:\/\/www.affinite.fr\/index.php\/wp-json\/wp\/v2\/users\/1"}],"replies":[{"embeddable":true,"href":"http:\/\/www.affinite.fr\/index.php\/wp-json\/wp\/v2\/comments?post=10555"}],"version-history":[{"count":0,"href":"http:\/\/www.affinite.fr\/index.php\/wp-json\/wp\/v2\/posts\/10555\/revisions"}],"wp:featuredmedia":[{"embeddable":true,"href":"http:\/\/www.affinite.fr\/index.php\/wp-json\/wp\/v2\/media\/10556"}],"wp:attachment":[{"href":"http:\/\/www.affinite.fr\/index.php\/wp-json\/wp\/v2\/media?parent=10555"}],"wp:term":[{"taxonomy":"category","embeddable":true,"href":"http:\/\/www.affinite.fr\/index.php\/wp-json\/wp\/v2\/categories?post=10555"},{"taxonomy":"post_tag","embeddable":true,"href":"http:\/\/www.affinite.fr\/index.php\/wp-json\/wp\/v2\/tags?post=10555"}],"curies":[{"name":"wp","href":"https:\/\/api.w.org\/{rel}","templated":true}]}}