{"id":10553,"date":"2024-06-24T15:13:30","date_gmt":"2024-06-24T15:13:30","guid":{"rendered":"https:\/\/www.affinite.fr\/index.php\/2024\/06\/24\/mi-cuits-chocolat-et-praline-individuels-a-lairfryer\/"},"modified":"2024-06-24T15:13:30","modified_gmt":"2024-06-24T15:13:30","slug":"mi-cuits-chocolat-et-praline-individuels-a-lairfryer","status":"publish","type":"post","link":"http:\/\/www.affinite.fr\/index.php\/2024\/06\/24\/mi-cuits-chocolat-et-praline-individuels-a-lairfryer\/","title":{"rendered":"Mi-cuits chocolat et pralin\u00e9 individuels \u00e0 l&#039;airfryer"},"content":{"rendered":"<p> [ad_1]<br \/>\n<\/p>\n<div class=\"hrecipe\" style=\"text-align: left\">\n<div style=\"text-align: left\">Attention, d\u00e9lice en vue avec ces <span style=\"font-size: large\"><b><span class=\"fn\">mi-cuits <a href=\"http:\/\/www.affinite.fr\/index.php\/2025\/02\/27\/le-chocolat-et-le-materiel-indispensable-pour-reussir-vos-creations-gourmandes\/\">chocolat<\/a> et pralin\u00e9 \u00e0 l&#039;airfryer !<\/span><\/b><\/span> Une recette facile et absolument irr\u00e9sistible.<\/p>\n<p> La recette en vid\u00e9o est ici : <span class=\"lienamazon\"><a href=\"https:\/\/youtu.be\/Xr9dxHTy5mA\" target=\"_blank\" rel=\"noopener\">Mi-cuits chocolat pralin\u00e9 en vid\u00e9o<\/a><\/span>.<\/div>\n<div style=\"text-align: center\">\n <\/p>\n<div class=\"separator\" style=\"clear: both;text-align: center\"><a href=\"https:\/\/www.iletaitunefoislapatisserie.com\/2024\/04\/mi-cuits-chocolat-praline-airfryer-recette.html\" style=\"margin-left: 1em;margin-right: 1em\"><img decoding=\"async\" alt=\"recette-mi-cuit-chocolat-airfryer\" border=\"0\" class=\"photo\" data-original-height=\"675\" data-original-width=\"1200\" src=\"https:\/\/blogger.googleusercontent.com\/img\/b\/R29vZ2xl\/AVvXsEgRgGVEE0Z-7EJwAeieBuw-IfgEunefuQBRJoXxsEQsXbmxHpGIUIeVSowq85vc74ZDDndjKTNb6Rjc4Kp9E9ONlf_dEsQolkC5xrQFs6ycA096d5fYOHzEpoKZ0cMsgKKPBp8j5nMqC3ozRG1MBIMsYjdM6PIBmNFAry0NcvtHddF_NSh0i3MwPeGtin4\/s16000\/recette-mi-cuits-fondant-chocolat-pralin%C3%A9.jpg\" title=\"mi cuit au chocolat airfryer\"><\/a><\/div>\n<\/div>\n<\/div>\n<p><a href=\"https:\/\/www.iletaitunefoislapatisserie.com\/2024\/04\/mi-cuits-chocolat-praline-airfryer-recette.html#more\">&#8230; la suite par ici<\/a><br \/>\n<br \/>[ad_2]<br \/>\n<br \/><a href=\"https:\/\/www.iletaitunefoislapatisserie.com\/2024\/04\/mi-cuits-chocolat-praline-airfryer-recette.html\">Source link <\/a><\/p>\n","protected":false},"excerpt":{"rendered":"<p>[ad_1] Attention, d\u00e9lice en vue avec ces mi-cuits chocolat et pralin\u00e9 \u00e0 l&#039;airfryer ! Une recette facile et absolument irr\u00e9sistible. &hellip; <a href=\"http:\/\/www.affinite.fr\/index.php\/2024\/06\/24\/mi-cuits-chocolat-et-praline-individuels-a-lairfryer\/\" class=\"more-link\">Plus <span class=\"screen-reader-text\">Mi-cuits chocolat et pralin\u00e9 individuels \u00e0 l&#039;airfryer<\/span> <span class=\"meta-nav\">&rarr;<\/span><\/a><\/p>\n","protected":false},"author":1,"featured_media":10554,"comment_status":"","ping_status":"open","sticky":false,"template":"","format":"standard","meta":{"_sitemap_exclude":false,"_sitemap_priority":"","_sitemap_frequency":"","footnotes":""},"categories":[1],"tags":[],"class_list":["post-10553","post","type-post","status-publish","format-standard","has-post-thumbnail","hentry","category-tous"],"_links":{"self":[{"href":"http:\/\/www.affinite.fr\/index.php\/wp-json\/wp\/v2\/posts\/10553"}],"collection":[{"href":"http:\/\/www.affinite.fr\/index.php\/wp-json\/wp\/v2\/posts"}],"about":[{"href":"http:\/\/www.affinite.fr\/index.php\/wp-json\/wp\/v2\/types\/post"}],"author":[{"embeddable":true,"href":"http:\/\/www.affinite.fr\/index.php\/wp-json\/wp\/v2\/users\/1"}],"replies":[{"embeddable":true,"href":"http:\/\/www.affinite.fr\/index.php\/wp-json\/wp\/v2\/comments?post=10553"}],"version-history":[{"count":0,"href":"http:\/\/www.affinite.fr\/index.php\/wp-json\/wp\/v2\/posts\/10553\/revisions"}],"wp:featuredmedia":[{"embeddable":true,"href":"http:\/\/www.affinite.fr\/index.php\/wp-json\/wp\/v2\/media\/10554"}],"wp:attachment":[{"href":"http:\/\/www.affinite.fr\/index.php\/wp-json\/wp\/v2\/media?parent=10553"}],"wp:term":[{"taxonomy":"category","embeddable":true,"href":"http:\/\/www.affinite.fr\/index.php\/wp-json\/wp\/v2\/categories?post=10553"},{"taxonomy":"post_tag","embeddable":true,"href":"http:\/\/www.affinite.fr\/index.php\/wp-json\/wp\/v2\/tags?post=10553"}],"curies":[{"name":"wp","href":"https:\/\/api.w.org\/{rel}","templated":true}]}}