{"id":10547,"date":"2024-06-22T15:26:14","date_gmt":"2024-06-22T15:26:14","guid":{"rendered":"https:\/\/www.affinite.fr\/index.php\/2024\/06\/22\/la-comedienne-a-eu-la-peur-de-sa-vie\/"},"modified":"2024-06-22T15:26:14","modified_gmt":"2024-06-22T15:26:14","slug":"la-comedienne-a-eu-la-peur-de-sa-vie","status":"publish","type":"post","link":"http:\/\/www.affinite.fr\/index.php\/2024\/06\/22\/la-comedienne-a-eu-la-peur-de-sa-vie\/","title":{"rendered":"la com\u00e9dienne a eu \u00ab\u00a0la peur de sa vie\u00a0\u00bb"},"content":{"rendered":"<p> [ad_1]<br \/>\n<br \/><img decoding=\"async\" src=\"https:\/\/img-3.journaldesfemmes.fr\/XlENXjAjBQ-AzefclBsMGtCcE64=\/1280x\/smart\/c116500e54164980a86425a674f19e2f\/ccmcms-jdf\/39977188.jpg\" \/><\/p>\n<p>\n                Chantal Ladesou n&rsquo;en finit pas de nous faire rire, \u00e0 74\u00a0ans. Mais l&rsquo;actrice a perdu son sourire lorsqu&rsquo;elle a v\u00e9cu une exp\u00e9rience qui l&rsquo;a particuli\u00e8rement effray\u00e9e au point de la traumatiser\u2026            <\/p>\n<div>\n<p><a href=\"https:\/\/www.journaldesfemmes.fr\/people\/personnalites\/2918657-chantal-ladesou-vie-privee-mari-michel-ansault-age-fils-fil-d-ariane\/\" title=\"Chantal Ladesou\">Chantal Ladesou<\/a> n&rsquo;a pas dit son dernier mot et tant mieux !\u00a0T\u00e9l\u00e9, radio, cin\u00e9ma, l&rsquo;humoriste n&rsquo;a pas du tout ralenti le rythme. Elle sera m\u00eame prochainement \u00e0 l&rsquo;affiche du premier film de Samy Nacery, une com\u00e9die <em>MDR,<\/em> avec <a href=\"https:\/\/www.journaldesfemmes.fr\/people\/personnalites\/2920783-jean-marie-bigard-age-pere-femme-voiture-bio\/\" title=\"Jean-Marie Bigard\">Jean-Marie Bigard<\/a> et qui a \u00e9t\u00e9 tourn\u00e9 cette ann\u00e9e. On appr\u00e9cie aussi particuli\u00e8rement sa gouaille et sa voix inimitable pour raconter des histoires. Et justement, au micro de <em>France Bleu Azur<\/em>, elle a confi\u00e9 avoir\u00a0eu la peur de sa vie quand elle s&rsquo;est retrouv\u00e9e, plusieurs heures, enferm\u00e9e dans le mus\u00e9e Gr\u00e9vin, la nuit.<\/p>\n<h2>Chantal Ladesou, la nuit au mus\u00e9e : \u00ab\u00a0la peur de ma vie\u00a0\u00bb<\/h2>\n<p>Chantal Ladesou s&rsquo;est retrouv\u00e9e enferm\u00e9e dans le c\u00e9l\u00e8bre mus\u00e9e Gr\u00e9vin alors qu&rsquo;elle jouait dans le th\u00e9\u00e2tre juste au-dessus. \u00ab\u00a0<em>En fait, le gardien du Gr\u00e9vin, qui \u00e9tait ferm\u00e9, le mus\u00e9e \u00e9tait ferm\u00e9 et quand je sortais de sc\u00e8ne, il \u00e9tait \u00e0 peu pr\u00e8s 10H00, 10H30\u00a0et il pensait que j&rsquo;\u00e9tais sortie. Donc, l\u00e0 quand tout le monde \u00e9tait sorti, il va d\u00eener<\/em>\u00ab\u00a0, a-t-elle d\u00e9crit sur <em>France Bleu Azur<\/em>.<\/p>\n<p>Sauf qu&rsquo;\u00e9videmment, l&rsquo;actrice \u00e9tait encore \u00e0 l&rsquo;int\u00e9rieur du mus\u00e9e. \u00ab\u00a0<em>J&rsquo;ai eu la peur de ma vie, car ma loge \u00e9tait tout en haut de l&rsquo;immeuble, il fallait que je traverse ce mus\u00e9e avec tous ces gens en cire<\/em>\u00ab\u00a0. Elle n&rsquo;est sortie qu&rsquo;\u00e0 4h\u00a0du matin. Heureusement, plus de peur que de mal !<\/p>\n<h2>Chantal Ladesou, moqu\u00e9e par ses camarades de Mask Singer<\/h2>\n<p>Chantal Ladesou a d&rsquo;ailleurs r\u00e9cemment confi\u00e9 cette anecdote \u00e0 ses coll\u00e8gues <a href=\"https:\/\/www.journaldesfemmes.fr\/people\/personnalites\/2889545-laurent-ruquier-age-vie-privee-maison-salaire\/\" title=\"Laurent Ruquier\">Laurent Ruquier<\/a>, In\u00e8s Reg, Kev Adams et Camille Combal, sur le plateau de <em>Mask Singer<\/em>.\u00a0\u00ab\u00a0<em>C&rsquo;est \u00e0 l&rsquo;\u00e9poque o\u00f9 ils ont cr\u00e9\u00e9 le mus\u00e9e Gr\u00e9vin<\/em>\u00ab\u00a0, a tout de suite rebondi Kev Adams, s&rsquo;amusant de l&rsquo;\u00e2ge de la comique. Fou rire de tous ces comparses.<\/p>\n<p>Laurent Ruquier en a rajout\u00e9 une couche en touchant son bras et en d\u00e9clarant :\u00a0\u00ab\u00a0<em>Attends, je touche pour voir si elle est en cire ou pas<\/em>\u00ab\u00a0. Visiblement encore traumatis\u00e9e par cette histoire, la belle-m\u00e8re de Pauline Lef\u00e8vre a continu\u00e9 son r\u00e9cit malgr\u00e9 les blagues :\u00a0\u00ab\u00a0<em>Quand je suis descendue, j&rsquo;\u00e9tais toute seule dans le mus\u00e9e\u00a0! J&rsquo;ai eu la peur de ma vie<\/em>\u00ab\u00a0. On peut la comprendre&#8230;.<\/p>\n<\/p><\/div>\n<p>[ad_2]<br \/>\n<br \/><a href=\"https:\/\/www.journaldesfemmes.fr\/people\/actus\/3186372-le-jour-ou-chantal-ladesou-a-eu-la-peur-de-ma-vie\/\">Source link <\/a><\/p>\n","protected":false},"excerpt":{"rendered":"<p>[ad_1] Chantal Ladesou n&rsquo;en finit pas de nous faire rire, \u00e0 74\u00a0ans. Mais l&rsquo;actrice a perdu son sourire lorsqu&rsquo;elle a &hellip; <a href=\"http:\/\/www.affinite.fr\/index.php\/2024\/06\/22\/la-comedienne-a-eu-la-peur-de-sa-vie\/\" class=\"more-link\">Plus <span class=\"screen-reader-text\">la com\u00e9dienne a eu \u00ab\u00a0la peur de sa vie\u00a0\u00bb<\/span> <span class=\"meta-nav\">&rarr;<\/span><\/a><\/p>\n","protected":false},"author":1,"featured_media":10548,"comment_status":"","ping_status":"open","sticky":false,"template":"","format":"standard","meta":{"_sitemap_exclude":false,"_sitemap_priority":"","_sitemap_frequency":"","footnotes":""},"categories":[1],"tags":[],"class_list":["post-10547","post","type-post","status-publish","format-standard","has-post-thumbnail","hentry","category-tous"],"_links":{"self":[{"href":"http:\/\/www.affinite.fr\/index.php\/wp-json\/wp\/v2\/posts\/10547"}],"collection":[{"href":"http:\/\/www.affinite.fr\/index.php\/wp-json\/wp\/v2\/posts"}],"about":[{"href":"http:\/\/www.affinite.fr\/index.php\/wp-json\/wp\/v2\/types\/post"}],"author":[{"embeddable":true,"href":"http:\/\/www.affinite.fr\/index.php\/wp-json\/wp\/v2\/users\/1"}],"replies":[{"embeddable":true,"href":"http:\/\/www.affinite.fr\/index.php\/wp-json\/wp\/v2\/comments?post=10547"}],"version-history":[{"count":0,"href":"http:\/\/www.affinite.fr\/index.php\/wp-json\/wp\/v2\/posts\/10547\/revisions"}],"wp:featuredmedia":[{"embeddable":true,"href":"http:\/\/www.affinite.fr\/index.php\/wp-json\/wp\/v2\/media\/10548"}],"wp:attachment":[{"href":"http:\/\/www.affinite.fr\/index.php\/wp-json\/wp\/v2\/media?parent=10547"}],"wp:term":[{"taxonomy":"category","embeddable":true,"href":"http:\/\/www.affinite.fr\/index.php\/wp-json\/wp\/v2\/categories?post=10547"},{"taxonomy":"post_tag","embeddable":true,"href":"http:\/\/www.affinite.fr\/index.php\/wp-json\/wp\/v2\/tags?post=10547"}],"curies":[{"name":"wp","href":"https:\/\/api.w.org\/{rel}","templated":true}]}}