{"id":10543,"date":"2024-06-21T15:16:52","date_gmt":"2024-06-21T15:16:52","guid":{"rendered":"https:\/\/www.affinite.fr\/index.php\/2024\/06\/21\/pourquoi-gerard-lanvin-a-fui-la-france-pour-aller-vivre-au-maroc\/"},"modified":"2024-06-21T15:16:52","modified_gmt":"2024-06-21T15:16:52","slug":"pourquoi-gerard-lanvin-a-fui-la-france-pour-aller-vivre-au-maroc","status":"publish","type":"post","link":"http:\/\/www.affinite.fr\/index.php\/2024\/06\/21\/pourquoi-gerard-lanvin-a-fui-la-france-pour-aller-vivre-au-maroc\/","title":{"rendered":"Pourquoi G\u00e9rard Lanvin a fui la France pour aller vivre au Maroc\u00a0?"},"content":{"rendered":"<p> [ad_1]<br \/>\n<br \/><img decoding=\"async\" src=\"https:\/\/img-3.journaldesfemmes.fr\/DOs9VQ2xu2RsTMQN8Q45S1yZhjI=\/1280x\/smart\/f99bbda4241542cd9c5ae5088869a696\/ccmcms-jdf\/39971874.jpg\" \/><\/p>\n<p>\n                Depuis plusieurs ann\u00e9es, G\u00e9rard Lanvin s&rsquo;est install\u00e9 avec son \u00e9pouse, Jennifer, \u00e0 Marrakech. Mais pourquoi a-t-il quitt\u00e9 la France\u00a0? Explications de l&rsquo;acteur, qui a \u00e9t\u00e9 soup\u00e7onn\u00e9 de ne \u00ab\u00a0pas payer ses imp\u00f4ts\u00a0\u00bb&#8230;            <\/p>\n<div>\n<p>Avec son \u00e9pouse Jennifer, <a href=\"https:\/\/www.journaldesfemmes.fr\/people\/personnalites\/2929927-gerard-lanvin-age-vie-privee-maroc\/\" title=\"G\u00e9rard Lanvin\">G\u00e9rard Lanvin<\/a> a quitt\u00e9 Paris pour s&rsquo;installer \u00e0 Marrakech, au Maroc. Mais pourquoi l&rsquo;acteur, qui f\u00eate ses 74 ans ce 21 juin, a-t-il choisi de poser ses valises loin de la France ?<\/p>\n<h2>Pourquoi G\u00e9rard Lanvin habite-t-il \u00e0 Marrakech ? \u00ab\u00a0On m&rsquo;a dit que je ne payais pas d&rsquo;imp\u00f4ts\u00a0\u00bb<\/h2>\n<p>Le choix de s&rsquo;installer \u00e0 Marrakech s&rsquo;est pr\u00e9sent\u00e9 \u00e0 lui comme une \u00e9vidence.\u00a0L&rsquo;acteur souhaitait fuir la capitale de la France ! \u00ab\u00a0<em>L\u00e0-bas, notre maison avec un terrain, un potager et des poules vaut le prix d&rsquo;un 2m2\u00a0\u00e0 Paris\u00a0\u00bb<\/em>, confie-t-il \u00e0<em> T\u00e9l\u00e9\u00a0Star.<\/em>\u00a0En s&rsquo;y installant, le papa de deux enfants est tomb\u00e9 amoureux du pays. \u00ab\u00a0<em>Les gens sourient. J&rsquo;aime les odeurs, faire du v\u00e9lo \u00e0 la campagne et le soleil fait du bien au moral, \u00e0 la peau, ainsi qu&rsquo;aux genoux et aux \u00e9paules, o\u00f9 je commence \u00e0 avoir mal. Normal, \u00e0 71\u00a0balais<\/em>\u00ab\u00a0, a-t-il d\u00e9clar\u00e9.<\/p>\n<p>Les rumeurs disaient que le chanteur et acteur avait quitt\u00e9 la France pour payer moins d&rsquo;imp\u00f4ts.\u00a0<em>\u00ab\u00a0On m&rsquo;a dit que j&rsquo;ouvrais ma gueule alors que j&rsquo;habitais au Maroc et que je payais pas d&rsquo;imp\u00f4ts. J&rsquo;habite pas au Maroc, je vis entre le Maroc et la France parce qu&rsquo;on a besoin de chaleur, on est des gens du sud. Quand je travaille, je suis en France donc je paie mes imp\u00f4ts en France\u00a0\u00bb,<\/em>\u00a0expliquait-il sur le plateau du <em>20h30 le dimanche<\/em> sur\u00a0France 2.\u00a0<em>\u00ab\u00a0Je dis \u00e7a pour d\u00e9tendre tous ceux qui sont obs\u00e9d\u00e9s par \u00e7a\u00a0! Je ne regarde pas les r\u00e9seaux sociaux donc ils peuvent baver sur moi, ce n&rsquo;est pas mon probl\u00e8me\u00a0!\u00a0\u00bb.<\/em><\/p>\n<h2>G\u00e9rard Lanvin s&rsquo;est lanc\u00e9 dans la musique !<\/h2>\n<p>En\u00a02020 et en plein confinement, G\u00e9rard Lanvin n&rsquo;\u00e9tait pas au Maroc.\u00a0Il s&rsquo;est retrouv\u00e9 seul \u00e0 Paris et en a profit\u00e9 pour se lancer dans la musique en interpr\u00e9tant <i>Appel \u00e0 l&rsquo;aide, <\/i>une chanson<i>\u00a0<\/i>contre les violences conjugales. Produit par son fils Manu Lanvin, il est un\u00a0extrait de son premier album studio qui sort le 21\u00a0mai 2021.\u00a0<em>\u00ab\u00a0Lors du confinement, un de mes fils vivait au Br\u00e9sil, ma femme au Maroc, et moi, j&rsquo;\u00e9tais bloqu\u00e9 \u00e0 Paris (&#8230;)\u00a0C&rsquo;est l\u00e0 que mon autre fils, Manu, m&rsquo;a propos\u00e9 de mettre de la musique sur mes cahiers. Cet album est une sorte de constat social de &lsquo;l&rsquo;an 20&rsquo;.\u00a0\u00bb<\/em>\u00a0<\/p>\n<p>Dans\u00a0l&rsquo;album <em>Ici Bas<\/em>, il a d&rsquo;ailleurs parl\u00e9 de celle qui partage sa vie et la m\u00e8re de ses deux enfants,\u00a0Chantal Benoist, plus connue sous le pseudo de Jennifer et ancienne\u00a0chanteuse de disco.\u00a0<em>\u00ab\u00a0Dire ces mots \u00e0 ma femme autour d&rsquo;une table n&rsquo;aurait eu aucun impact. Ce sont des mots qui se chantent. Je suis fer de lui rendre hommage,<\/em>\u00a0confie-t-il au sujet de celle qui partage sa vie depuis plus de 40\u00a0ans.\u00a0<em>Elle m&rsquo;a aid\u00e9 \u00e0 grandir. On est heureux ensemble \u00e0 Marrakech\u00a0\u00bb.<\/em><\/p>\n<\/p><\/div>\n<p>[ad_2]<br \/>\n<br \/><a href=\"https:\/\/www.journaldesfemmes.fr\/people\/actus\/3182024-pourquoi-gerard-lanvin-a-fui-la-france-pour-aller-vivre-au-maroc\/\">Source link <\/a><\/p>\n","protected":false},"excerpt":{"rendered":"<p>[ad_1] Depuis plusieurs ann\u00e9es, G\u00e9rard Lanvin s&rsquo;est install\u00e9 avec son \u00e9pouse, Jennifer, \u00e0 Marrakech. Mais pourquoi a-t-il quitt\u00e9 la France\u00a0? &hellip; <a href=\"http:\/\/www.affinite.fr\/index.php\/2024\/06\/21\/pourquoi-gerard-lanvin-a-fui-la-france-pour-aller-vivre-au-maroc\/\" class=\"more-link\">Plus <span class=\"screen-reader-text\">Pourquoi G\u00e9rard Lanvin a fui la France pour aller vivre au Maroc\u00a0?<\/span> <span class=\"meta-nav\">&rarr;<\/span><\/a><\/p>\n","protected":false},"author":1,"featured_media":10544,"comment_status":"","ping_status":"open","sticky":false,"template":"","format":"standard","meta":{"_sitemap_exclude":false,"_sitemap_priority":"","_sitemap_frequency":"","footnotes":""},"categories":[1],"tags":[],"class_list":["post-10543","post","type-post","status-publish","format-standard","has-post-thumbnail","hentry","category-tous"],"_links":{"self":[{"href":"http:\/\/www.affinite.fr\/index.php\/wp-json\/wp\/v2\/posts\/10543"}],"collection":[{"href":"http:\/\/www.affinite.fr\/index.php\/wp-json\/wp\/v2\/posts"}],"about":[{"href":"http:\/\/www.affinite.fr\/index.php\/wp-json\/wp\/v2\/types\/post"}],"author":[{"embeddable":true,"href":"http:\/\/www.affinite.fr\/index.php\/wp-json\/wp\/v2\/users\/1"}],"replies":[{"embeddable":true,"href":"http:\/\/www.affinite.fr\/index.php\/wp-json\/wp\/v2\/comments?post=10543"}],"version-history":[{"count":0,"href":"http:\/\/www.affinite.fr\/index.php\/wp-json\/wp\/v2\/posts\/10543\/revisions"}],"wp:featuredmedia":[{"embeddable":true,"href":"http:\/\/www.affinite.fr\/index.php\/wp-json\/wp\/v2\/media\/10544"}],"wp:attachment":[{"href":"http:\/\/www.affinite.fr\/index.php\/wp-json\/wp\/v2\/media?parent=10543"}],"wp:term":[{"taxonomy":"category","embeddable":true,"href":"http:\/\/www.affinite.fr\/index.php\/wp-json\/wp\/v2\/categories?post=10543"},{"taxonomy":"post_tag","embeddable":true,"href":"http:\/\/www.affinite.fr\/index.php\/wp-json\/wp\/v2\/tags?post=10543"}],"curies":[{"name":"wp","href":"https:\/\/api.w.org\/{rel}","templated":true}]}}