{"id":10539,"date":"2024-06-20T15:10:44","date_gmt":"2024-06-20T15:10:44","guid":{"rendered":"https:\/\/www.affinite.fr\/index.php\/2024\/06\/20\/les-francais-ne-jurent-que-par-ces-meubles-de-jardin-pour-une-terrasse-tendance\/"},"modified":"2024-06-20T15:10:44","modified_gmt":"2024-06-20T15:10:44","slug":"les-francais-ne-jurent-que-par-ces-meubles-de-jardin-pour-une-terrasse-tendance","status":"publish","type":"post","link":"http:\/\/www.affinite.fr\/index.php\/2024\/06\/20\/les-francais-ne-jurent-que-par-ces-meubles-de-jardin-pour-une-terrasse-tendance\/","title":{"rendered":"Les Fran\u00e7ais ne jurent que par ces meubles de jardin pour une terrasse tendance"},"content":{"rendered":"<p> [ad_1]<br \/>\n<br \/><img decoding=\"async\" src=\"https:\/\/img-3.journaldesfemmes.fr\/f-YX6PfXYHzxd1KdDwxhKbuK4jI=\/1280x\/smart\/193588ebac244ae3bacb23f0f64ef4e4\/ccmcms-jdf\/39977369.jpg\" \/><\/p>\n<p>\n                Accessible, durable et design, le mobilier d&rsquo;ext\u00e9rieur imagin\u00e9 par cette marque a tout pour plaire. Pas \u00e9tonnant qu&rsquo;elle soit votre pr\u00e9f\u00e9r\u00e9e cette ann\u00e9e. De quelle enseigne s&rsquo;agit-il\u00a0? On vous d\u00e9voile son identit\u00e9 et plus encore\u00a0!            <\/p>\n<div>\n<p>Ce n&rsquo;est pas parce que les beaux jours ont bien du mal \u00e0 pointer le bout de leur nez que l&rsquo;on n&rsquo;a pas le droit d&rsquo;am\u00e9nager nos espaces ext\u00e9rieurs.\u00a0Balcons, terrasses et jardins n&rsquo;attendent que d&rsquo;\u00eatre r\u00e9investis afin d&rsquo;y passer de joyeux moments la truffe au vent.\u00a0<\/p>\n<p>Dans l&rsquo;univers du mobilier de jardin, il y a une marque qui a su tirer son \u00e9pingle du jeu.\u00a0Depuis sa cr\u00e9ation en 2010, elle n&rsquo;a de cesse de se r\u00e9inventer avec des gammes pratiques, modulables et r\u00e9solument dans l&rsquo;air du temps,\u00a0et ce, en conservant toujours des prix accessibles.\u00a0Un vrai d\u00e9fi dans le contexte inflationniste qui est le n\u00f4tre.\u00a0<\/p>\n<p>Capable de r\u00e9pondre \u00e0 tous les besoins, du petit\u00a0balcon\u00a0au grand\u00a0jardin, elle signe plus de 800\u00a0mod\u00e8les ou 1 000\u00a0r\u00e9f\u00e9rences, dont les styles vari\u00e9s permettent \u00e0 tout un chacun d&rsquo;y trouver son compte.\u00a0Tables, chaises (ses best-sellers),\u00a0salons de jardin,\u00a0balancelles, hamacs, transats, chiliennes, tonnelles, parasols, divers accessoires de jardin&#8230; Aucune envie n&rsquo;est ainsi laiss\u00e9e de c\u00f4t\u00e9 et ce sont pas moins de\u00a03\u00a0millions de produits issus de leur catalogue qui ont \u00e9t\u00e9 vendus en 2023, un chiffre qui donne le tournis !<\/p>\n<p>Con\u00e7us pour \u00eatre \u00e0 l&rsquo;\u00e9preuve du temps, en t\u00e9moigne une table de jardin l\u00e9gu\u00e9e par mes grands-parents et qui, m\u00eame apr\u00e8s de nombreuses ann\u00e9es pass\u00e9es au bord de la mer, semble comme neuve, les produits de la marque se font durables, voire increvables.\u00a0De quoi\u00a0cr\u00e9er un espace de qualit\u00e9 pour partager de bons moments en famille comme entre amis.<\/p>\n<p>Preuve, s&rsquo;il en fallait une, les c\u00e9l\u00e8bres Internationaux de France, aka Roland-Garros, lui ont fait confiance puisque la marque est partenaire et signe tout le mobilier officiel du tournoi depuis 2021 d\u00e9j\u00e0.\u00a0Cerise sur le g\u00e2teau, elle a \u00e9t\u00e9\u00a0\u00e9lue pour la 1\u02b3\u1d49\u00a0fois marque pr\u00e9f\u00e9r\u00e9e des Fran\u00e7ais dans la cat\u00e9gorie \u00ab\u00a0mobilier de jardin\u00a0\u00bb ! Un titre dont s&rsquo;est\u00a0r\u00e9jouie V\u00e9ronique Ollivier, directrice d&rsquo;Hesp\u00e9ride\u00ae, parce que c&rsquo;est bien d&rsquo;elle dont il s&rsquo;agit.\u00a0<\/p>\n<p>Bas\u00e9e sur des \u00e9tudes r\u00e9alis\u00e9es par un institut de sondage externe qui compare toutes les marques existantes du march\u00e9, l&rsquo;organisme nomm\u00e9 la Marque Pr\u00e9f\u00e9r\u00e9e des Fran\u00e7ais r\u00e9compense celle ayant le taux d&#8217;empathie le plus \u00e9lev\u00e9 du march\u00e9, et ce, pour\u00a0une dur\u00e9e de deux\u00a0ans. Un vrai gage de\u00a0qualit\u00e9 et d&rsquo;un niveau de recommandation par les consommateurs Fran\u00e7ais, dont Hesp\u00e9ride\u00ae n&rsquo;a pas \u00e0 rougir.\u00a0<\/p>\n<p>Pour information, Hesp\u00e9ride\u00ae appartient au groupe familial JJA, qui commercialise \u00e9galement les marques Atmosphera (d\u00e9coration d&rsquo;int\u00e9rieur) et 5five (produits utiles et malins du quotidien). Le groupe JJA a son si\u00e8ge social \u00e0 Gonesse (dans le Val d&rsquo;Oise, 95), et 4\u00a0entrep\u00f4ts distincts (trois dans la Somme \u00e0 Amiens, Flixecourt et Croixrault, et un en Seine-Maritime, \u00e0 Sandouville) et deux bureaux en Asie. Il emploie environ 750\u00a0personnes. Enfin,\u00a0Hesp\u00e9ride\u00ae est aujourd&rsquo;hui distribu\u00e9e dans plus de 1 700\u00a0points de vente, dont pr\u00e8s de 400\u00a0distributeurs partenaires. Et la marque commercialise aussi ses produits directement via son site marchand depuis 2015.<\/p>\n<\/p><\/div>\n<p>[ad_2]<br \/>\n<br \/><a href=\"https:\/\/www.journaldesfemmes.fr\/jardin\/amenagement-du-jardin\/3186502-les-francais-ne-jurent-que-par-ces-meubles-de-jardin-pour-une-terrasse-tendance\/\">Source link <\/a><\/p>\n","protected":false},"excerpt":{"rendered":"<p>[ad_1] Accessible, durable et design, le mobilier d&rsquo;ext\u00e9rieur imagin\u00e9 par cette marque a tout pour plaire. Pas \u00e9tonnant qu&rsquo;elle soit &hellip; <a href=\"http:\/\/www.affinite.fr\/index.php\/2024\/06\/20\/les-francais-ne-jurent-que-par-ces-meubles-de-jardin-pour-une-terrasse-tendance\/\" class=\"more-link\">Plus <span class=\"screen-reader-text\">Les Fran\u00e7ais ne jurent que par ces meubles de jardin pour une terrasse tendance<\/span> <span class=\"meta-nav\">&rarr;<\/span><\/a><\/p>\n","protected":false},"author":1,"featured_media":10540,"comment_status":"","ping_status":"open","sticky":false,"template":"","format":"standard","meta":{"_sitemap_exclude":false,"_sitemap_priority":"","_sitemap_frequency":"","footnotes":""},"categories":[1],"tags":[],"class_list":["post-10539","post","type-post","status-publish","format-standard","has-post-thumbnail","hentry","category-tous"],"_links":{"self":[{"href":"http:\/\/www.affinite.fr\/index.php\/wp-json\/wp\/v2\/posts\/10539"}],"collection":[{"href":"http:\/\/www.affinite.fr\/index.php\/wp-json\/wp\/v2\/posts"}],"about":[{"href":"http:\/\/www.affinite.fr\/index.php\/wp-json\/wp\/v2\/types\/post"}],"author":[{"embeddable":true,"href":"http:\/\/www.affinite.fr\/index.php\/wp-json\/wp\/v2\/users\/1"}],"replies":[{"embeddable":true,"href":"http:\/\/www.affinite.fr\/index.php\/wp-json\/wp\/v2\/comments?post=10539"}],"version-history":[{"count":0,"href":"http:\/\/www.affinite.fr\/index.php\/wp-json\/wp\/v2\/posts\/10539\/revisions"}],"wp:featuredmedia":[{"embeddable":true,"href":"http:\/\/www.affinite.fr\/index.php\/wp-json\/wp\/v2\/media\/10540"}],"wp:attachment":[{"href":"http:\/\/www.affinite.fr\/index.php\/wp-json\/wp\/v2\/media?parent=10539"}],"wp:term":[{"taxonomy":"category","embeddable":true,"href":"http:\/\/www.affinite.fr\/index.php\/wp-json\/wp\/v2\/categories?post=10539"},{"taxonomy":"post_tag","embeddable":true,"href":"http:\/\/www.affinite.fr\/index.php\/wp-json\/wp\/v2\/tags?post=10539"}],"curies":[{"name":"wp","href":"https:\/\/api.w.org\/{rel}","templated":true}]}}