{"id":10533,"date":"2024-06-19T15:09:22","date_gmt":"2024-06-19T15:09:22","guid":{"rendered":"http:\/\/www.affinite.fr\/index.php\/2024\/06\/19\/vous-ne-pouvez-pas-me-faire-ca\/"},"modified":"2024-06-19T15:09:22","modified_gmt":"2024-06-19T15:09:22","slug":"vous-ne-pouvez-pas-me-faire-ca","status":"publish","type":"post","link":"http:\/\/www.affinite.fr\/index.php\/2024\/06\/19\/vous-ne-pouvez-pas-me-faire-ca\/","title":{"rendered":"\u00ab\u00a0Vous ne pouvez pas me faire \u00e7a\u00a0\u00bb"},"content":{"rendered":"<p> [ad_1]<br \/>\n<br \/><img decoding=\"async\" src=\"https:\/\/img-3.journaldesfemmes.fr\/yk3MABMfJxvrYY_tGGGWC3C4Yw8=\/1280x\/smart\/b90a57924b2748c3af6945a0fec2a366\/ccmcms-jdf\/39977695.jpg\" \/><\/p>\n<p>\n                Charlotte de Turckheim \u00e9tait l&rsquo;invit\u00e9e de Thomas Sotto et Emilie Tran Nguyen dans \u00ab\u00a0T\u00e9l\u00e9matin\u00a0\u00bb ce 19\u00a0juin. Venue parler de son prochain film, \u00ab\u00a0Les F\u00eal\u00e9s\u00a0\u00bb, elle a surtout eu la surprise de recevoir un message des plus \u00e9mouvants en direct. Et elle a fondu en larmes&#8230;            <\/p>\n<div>\n<p><a href=\"https:\/\/www.journaldesfemmes.fr\/people\/personnalites\/2869345-charlotte-de-turckheim-sa-bio-son-titre-de-noblesse-coluche-son-mari-ses-filles\/\" title=\"Charlotte de Turckheim\">Charlotte de Turckheim<\/a> sera \u00e0 l&rsquo;affiche du film de Christophe Duthuron,<em>\u00a0F\u00eal\u00e9s<\/em>, dans lequel elle donnera notamment la r\u00e9plique \u00e0 Bernard Le Coq et Pierre Richard en ao\u00fbt prochain. Ce 19\u00a0juin, l&rsquo;actrice de 69\u00a0ans est donc venue en faire la promotion sur le plateau de <em>T\u00e9l\u00e9matin<\/em>. Mais elle ne s&rsquo;attendait certainement pas \u00e0 \u00eatre si \u00e9mue\u2026\u00a0<\/p>\n<h2>Charlotte de Turckheim fond en larmes en direct sur France 2<\/h2>\n<p>Charlotte de Turckheim a v\u00e9cu un grand moment d&rsquo;\u00e9motion face \u00e0 <a href=\"https:\/\/www.journaldesfemmes.fr\/people\/personnalites\/2932667-thomas-sotto-age-telematin-vie-privee\/\" title=\"Thomas Sotto\">Thomas Sotto<\/a> et Emilie Tran Nguyen en direct sur France 2. Et pour cause, celle qui partage sa vie avec Zaman Hachemi a tr\u00e8s vite \u00e9t\u00e9 d\u00e9crite par la rempla\u00e7ante de <a href=\"https:\/\/cuisine.journaldesfemmes.fr\/chefs-et-gastronomie\/2743515-marie-portolano-qui-est-nouvelle-presentatrice-meilleur-patissier\/\" title=\"Marie Portolano\">Marie Portolano<\/a> comme une femme au grand c\u0153ur. D&rsquo;ailleurs, la pr\u00e9sentatrice a expliqu\u00e9 que Charlotte de Turckheim avait<em> \u00ab\u00a0beaucoup fait pour une jeune femme\u00a0\u00bb,<\/em>\u00a0qui a donc tenu \u00e0 lui adresser un message des plus \u00e9mouvants\u00a0!\u00a0<\/p>\n<p><em>\u00ab\u00a0Je m&rsquo;appelle Rowe-Ann, une des anciennes filleules de Charlotte avec Enfants d&rsquo;Asie, en 1997. Charlotte s&rsquo;est engag\u00e9e pour moi et mon <a href=\"http:\/\/www.affinite.fr\/index.php\/2024\/12\/08\/chere-maman-et-si-ce-noel-vous-offriez-a-votre-ado-un-avenir-%f0%9f%8e%84%e2%9c%a8\/\">avenir<\/a>. Et avec l&rsquo;incroyable soutien de l&rsquo;association, j&rsquo;ai pu obtenir ma licence\u00a0\u00bb<\/em>, a commenc\u00e9 la jeune femme face cam\u00e9ra. <em>\u00ab\u00a0Je travaille aujourd&rsquo;hui dans une banque prestigieuse, ce qui me permet de donner en retour, soutenir les programmes d&rsquo;Enfants d&rsquo;Asie aux Philippines et am\u00e9liorer la qualit\u00e9 de vie de ma famille. Madame Charlotte, je vous suis tr\u00e8s reconnaissante pour votre amour, votre soutien et pour les nombreuses vies que vous avez chang\u00e9es. Merci et j&rsquo;ai h\u00e2te de vous revoir\u00a0\u00bb<\/em>, a-t-elle conclu.<\/p>\n<p>Les larmes aux yeux et la voix remplie de tr\u00e9molos, l&rsquo;actrice a l\u00e2ch\u00e9 du tac au tac\u00a0: <em>\u00ab\u00a0Ah non, vous ne pouvez pas me faire \u00e7a\u00a0\u00e0 8\u00a0heures du matin\u00a0!\u00a0\u00bb<\/em>. Avant de poursuivre\u00a0: <em>\u00ab\u00a0Mon Dieu, je l&rsquo;ai souvent par internet mais je ne l&rsquo;avais pas vue me parler comme \u00e7a\u00a0\u00bb<\/em>.\u00a0<\/p>\n<h2>Charlotte de Turckheim\u00a0r\u00e9v\u00e8le \u00ab\u00a0sa grande fiert\u00e9\u00a0\u00bb<\/h2>\n<p>Dans la foul\u00e9e, l&rsquo;actrice, r\u00e9alisatrice et humoriste a tenu \u00e0 rappeler son engagement aupr\u00e8s de l&rsquo;association o\u00f9 elle a rencontr\u00e9 Rowe-Ann, Enfants d&rsquo;Asie. <em>\u00ab\u00a0Je l&rsquo;ai connue elle avait dix ans, et maintenant elle et des centaines d&rsquo;autres filles ont des super boulots et sortent toutes des bidonvilles quand m\u00eame\u00a0\u00bb<\/em>, a-t-elle d&rsquo;abord expliqu\u00e9.<\/p>\n<p><em>\u00ab\u00a0Enfants d&rsquo;Asie c&rsquo;est une histoire extraordinaire. L&rsquo;associatif \u00e7a marche tr\u00e8s bien, c&rsquo;est hyper efficace et il y a \u00e9norm\u00e9ment de gens, en particulier en France, qui s&rsquo;occupent de l&rsquo;associatif et qui ont des r\u00e9sultats extraordinaires<\/em> \u00ab\u00a0, a-t-elle continu\u00e9 non sans \u00e9motion.<em> \u00ab\u00a0C&rsquo;est une de mes grandes fiert\u00e9s\u00a0\u00bb<\/em>, a poursuivi la m\u00e8re de Julia, Clara et Johanna Piaton en \u00e9voquant son engagement au sein de ce collectif dont elle est marraine depuis 1997.\u00a0<\/p>\n<\/p><\/div>\n<p>[ad_2]<br \/>\n<br \/><a href=\"https:\/\/www.journaldesfemmes.fr\/people\/actus\/3186712-charlotte-de-turckheim-en-larmes-a-la-television-vous-ne-pouvez-pas-me-faire-ca\/\">Source link <\/a><\/p>\n","protected":false},"excerpt":{"rendered":"<p>[ad_1] Charlotte de Turckheim \u00e9tait l&rsquo;invit\u00e9e de Thomas Sotto et Emilie Tran Nguyen dans \u00ab\u00a0T\u00e9l\u00e9matin\u00a0\u00bb ce 19\u00a0juin. Venue parler de &hellip; <a href=\"http:\/\/www.affinite.fr\/index.php\/2024\/06\/19\/vous-ne-pouvez-pas-me-faire-ca\/\" class=\"more-link\">Plus <span class=\"screen-reader-text\">\u00ab\u00a0Vous ne pouvez pas me faire \u00e7a\u00a0\u00bb<\/span> <span class=\"meta-nav\">&rarr;<\/span><\/a><\/p>\n","protected":false},"author":1,"featured_media":10534,"comment_status":"","ping_status":"open","sticky":false,"template":"","format":"standard","meta":{"_sitemap_exclude":false,"_sitemap_priority":"","_sitemap_frequency":"","footnotes":""},"categories":[1],"tags":[],"class_list":["post-10533","post","type-post","status-publish","format-standard","has-post-thumbnail","hentry","category-tous"],"_links":{"self":[{"href":"http:\/\/www.affinite.fr\/index.php\/wp-json\/wp\/v2\/posts\/10533"}],"collection":[{"href":"http:\/\/www.affinite.fr\/index.php\/wp-json\/wp\/v2\/posts"}],"about":[{"href":"http:\/\/www.affinite.fr\/index.php\/wp-json\/wp\/v2\/types\/post"}],"author":[{"embeddable":true,"href":"http:\/\/www.affinite.fr\/index.php\/wp-json\/wp\/v2\/users\/1"}],"replies":[{"embeddable":true,"href":"http:\/\/www.affinite.fr\/index.php\/wp-json\/wp\/v2\/comments?post=10533"}],"version-history":[{"count":0,"href":"http:\/\/www.affinite.fr\/index.php\/wp-json\/wp\/v2\/posts\/10533\/revisions"}],"wp:featuredmedia":[{"embeddable":true,"href":"http:\/\/www.affinite.fr\/index.php\/wp-json\/wp\/v2\/media\/10534"}],"wp:attachment":[{"href":"http:\/\/www.affinite.fr\/index.php\/wp-json\/wp\/v2\/media?parent=10533"}],"wp:term":[{"taxonomy":"category","embeddable":true,"href":"http:\/\/www.affinite.fr\/index.php\/wp-json\/wp\/v2\/categories?post=10533"},{"taxonomy":"post_tag","embeddable":true,"href":"http:\/\/www.affinite.fr\/index.php\/wp-json\/wp\/v2\/tags?post=10533"}],"curies":[{"name":"wp","href":"https:\/\/api.w.org\/{rel}","templated":true}]}}