{"id":10515,"date":"2024-06-15T15:00:31","date_gmt":"2024-06-15T15:00:31","guid":{"rendered":"https:\/\/www.affinite.fr\/index.php\/2024\/06\/15\/daniel-auteuil-plus-heureux-vieux-qua-20-ans-les-douleurs-ca-fait-chier\/"},"modified":"2024-06-15T15:00:31","modified_gmt":"2024-06-15T15:00:31","slug":"daniel-auteuil-plus-heureux-vieux-qua-20-ans-les-douleurs-ca-fait-chier","status":"publish","type":"post","link":"http:\/\/www.affinite.fr\/index.php\/2024\/06\/15\/daniel-auteuil-plus-heureux-vieux-qua-20-ans-les-douleurs-ca-fait-chier\/","title":{"rendered":"Daniel Auteuil plus heureux \u00ab\u00a0vieux\u00a0\u00bb qu&rsquo;\u00e0 20\u00a0ans\u00a0? \u00ab\u00a0Les douleurs \u00e7a fait chier&#8230;\u00a0\u00bb"},"content":{"rendered":"<p> [ad_1]<br \/>\n<br \/><img decoding=\"async\" src=\"https:\/\/img-3.journaldesfemmes.fr\/Fdd_zeAyhm-BOoWio1oKLhExhes=\/1280x\/smart\/e108c89b26d342afaeb3f837858a9f46\/ccmcms-jdf\/39976677.jpg\" \/><\/p>\n<p>\n                La vieillesse, un naufrage\u00a0? Pour Daniel Auteuil, clairement pas\u00a0! Interrog\u00e9 dans le nouveau magazine \u00ab\u00a0Vieux\u00a0\u00bb, d&rsquo;Antoine De Caunes, il a \u00e9voqu\u00e9 avec sinc\u00e9rit\u00e9 ses 74\u00a0ans.            <\/p>\n<div>\n<p>\u00c0 74\u00a0ans, <a href=\"https:\/\/www.journaldesfemmes.fr\/people\/personnalites\/2859215-daniel-auteuil-pere-enfants-compagnes-emmanuelle-beart-films\/\" title=\"Daniel Auteuil\">Daniel Auteuil<\/a> ne se refuse plus rien. L&rsquo;acteur de <em>Manon des sources<\/em>, <em>Le Huiti\u00e8me jour<\/em>, des <em>Sous-dou\u00e9s<\/em>\u00a0ou plus r\u00e9cemment\u00a0<em>Le Nouveau jouet<\/em> s&rsquo;est m\u00eame lanc\u00e9 dans la chanson. Il a sorti deux albums et il vient de terminer la tourn\u00e9e du deuxi\u00e8me <em>Si tu as peur, n&rsquo;aies pas peur de l&rsquo;amour<\/em>. Il \u00e9tait aussi \u00e0 l&rsquo;affiche du film de Bruno Podalyd\u00e8s,\u00a0<em>La Petite Vadrouille,\u00a0<\/em>d\u00e9but juin et sera \u00e0 la rentr\u00e9e dans <em>Le Fil,<\/em> dont il est le r\u00e9alisateur.<\/p>\n<p>S&rsquo;il est aussi bien dans ses baskets, c&rsquo;est gr\u00e2ce \u00e0 l&rsquo;\u00e2ge. C&rsquo;est en tout ce qu&rsquo;il a expliqu\u00e9 dans le magazine <em>Vieux<\/em>.<\/p>\n<h2>Daniel Auteuil veut \u00ab\u00a0<em>\u00eatre le plus vieux possible<\/em>\u00ab\u00a0<\/h2>\n<p>Daniel Auteuil est totalement \u00e9panoui en septuag\u00e9naire. \u00ab\u00a0<em>Mon souhait, aujourd&rsquo;hui, la chose que je d\u00e9sire le plus au monde, c&rsquo;est d&rsquo;\u00eatre le plus vieux possible. Je ne saurais le dire mieux. C&rsquo;est un royaume et je m&rsquo;y sens tr\u00e8s bien install\u00e9<\/em>\u00ab\u00a0, a-t-il expliqu\u00e9 dans les pages du nouveau magazine.\u00a0<\/p>\n<p>\u00c9videmment, l&rsquo;ancien compagnon d&rsquo;Emmanuelle B\u00e9art\u00a0ne nie pas qu&rsquo;il y a certains inconv\u00e9nients in\u00e9vitables en prenant de l&rsquo;\u00e2ge :\u00a0\u00ab\u00a0<em>Les douleurs \u00e7a fait chier.\u00a0\u00bb<\/em>\u00a0Cependant, l&rsquo;acteur\u00a0relativise en disant que ce n&rsquo;est pas un drame non plus et que c&rsquo;est plut\u00f4t pour son fils, adolescent d\u00e9sormais \u00e2g\u00e9\u00a0de 14\u00a0ans, qu&rsquo;il s&rsquo;inqui\u00e8te. \u00ab\u00a0<em>Les grandes (Aurore et Nelly), elles sont d\u00e9j\u00e0 taill\u00e9es, \u00e7a roule. Zac a 14\u00a0ans, il a encore un bout de chemin \u00e0 faire\u00a0\u00bb, <\/em>a ajout\u00e9 Daniel Auteuil, concernant son fils n\u00e9 de son mariage actuel avec sa femme\u00a0Aude Ambroggi.<\/p>\n<h2>Pourquoi Daniel Auteuil aime autant prendre de l&rsquo;\u00e2ge\u00a0?<\/h2>\n<p>Daniel Auteuil avait essay\u00e9 de se lancer dans la chanson dans les ann\u00e9es 80, mais cela n&rsquo;avait pas march\u00e9. Maintenant, avec le temps qui passe,\u00a0tout lui sourit. \u00ab\u00a0<em>L\u00e0, maintenant je chante sur sc\u00e8ne, avec un groupe. On tourne, etc. \u00c7a commence \u00e0 bien marcher m\u00eame (&#8230;), je me fais plaisir<\/em>\u00ab\u00a0,\u00a0a-t-il indiqu\u00e9.<\/p>\n<p>Il se conna\u00eet mieux et ne commet plus les m\u00eames erreurs. \u00ab\u00a0<em>Je sais ce que j&rsquo;aime vraiment. Je sais que je n&rsquo;aime plus perdre mon temps, que les grands voyages, ce n&rsquo;est plus pour moi. (&#8230;) Je vois les gens que j&rsquo;ai envie de voir. Et j&rsquo;ai appris \u00e0 dire non<\/em>\u00ab\u00a0.\u00a0Et puis surtout, Daniel Auteuil savoure son succ\u00e8s et sa popularit\u00e9 :\u00a0\u00ab\u00a0<em>Je fais ce que je veux ! Je chante, je fais les films que je veux, les \u00e9missions que je veux<\/em>\u00ab\u00a0.\u00a0Bref, la vie est belle.<\/p>\n<\/p><\/div>\n<p>[ad_2]<br \/>\n<br \/><a href=\"https:\/\/www.journaldesfemmes.fr\/people\/actus\/3185472-daniel-auteuil-plus-heureux-en-septuagenaire-qu-a-20-ans-je-m-y-sens-tres-bien\/\">Source link <\/a><\/p>\n","protected":false},"excerpt":{"rendered":"<p>[ad_1] La vieillesse, un naufrage\u00a0? Pour Daniel Auteuil, clairement pas\u00a0! Interrog\u00e9 dans le nouveau magazine \u00ab\u00a0Vieux\u00a0\u00bb, d&rsquo;Antoine De Caunes, il &hellip; <a href=\"http:\/\/www.affinite.fr\/index.php\/2024\/06\/15\/daniel-auteuil-plus-heureux-vieux-qua-20-ans-les-douleurs-ca-fait-chier\/\" class=\"more-link\">Plus <span class=\"screen-reader-text\">Daniel Auteuil plus heureux \u00ab\u00a0vieux\u00a0\u00bb qu&rsquo;\u00e0 20\u00a0ans\u00a0? \u00ab\u00a0Les douleurs \u00e7a fait chier&#8230;\u00a0\u00bb<\/span> <span class=\"meta-nav\">&rarr;<\/span><\/a><\/p>\n","protected":false},"author":1,"featured_media":10516,"comment_status":"","ping_status":"open","sticky":false,"template":"","format":"standard","meta":{"_sitemap_exclude":false,"_sitemap_priority":"","_sitemap_frequency":"","footnotes":""},"categories":[1],"tags":[],"class_list":["post-10515","post","type-post","status-publish","format-standard","has-post-thumbnail","hentry","category-tous"],"_links":{"self":[{"href":"http:\/\/www.affinite.fr\/index.php\/wp-json\/wp\/v2\/posts\/10515"}],"collection":[{"href":"http:\/\/www.affinite.fr\/index.php\/wp-json\/wp\/v2\/posts"}],"about":[{"href":"http:\/\/www.affinite.fr\/index.php\/wp-json\/wp\/v2\/types\/post"}],"author":[{"embeddable":true,"href":"http:\/\/www.affinite.fr\/index.php\/wp-json\/wp\/v2\/users\/1"}],"replies":[{"embeddable":true,"href":"http:\/\/www.affinite.fr\/index.php\/wp-json\/wp\/v2\/comments?post=10515"}],"version-history":[{"count":0,"href":"http:\/\/www.affinite.fr\/index.php\/wp-json\/wp\/v2\/posts\/10515\/revisions"}],"wp:featuredmedia":[{"embeddable":true,"href":"http:\/\/www.affinite.fr\/index.php\/wp-json\/wp\/v2\/media\/10516"}],"wp:attachment":[{"href":"http:\/\/www.affinite.fr\/index.php\/wp-json\/wp\/v2\/media?parent=10515"}],"wp:term":[{"taxonomy":"category","embeddable":true,"href":"http:\/\/www.affinite.fr\/index.php\/wp-json\/wp\/v2\/categories?post=10515"},{"taxonomy":"post_tag","embeddable":true,"href":"http:\/\/www.affinite.fr\/index.php\/wp-json\/wp\/v2\/tags?post=10515"}],"curies":[{"name":"wp","href":"https:\/\/api.w.org\/{rel}","templated":true}]}}