{"id":1049,"date":"2020-03-24T08:20:01","date_gmt":"2020-03-24T08:20:01","guid":{"rendered":"https:\/\/www.affinite.fr\/index.php\/2020\/03\/24\/canneles-vegan-et-sans-gluten\/"},"modified":"2020-03-24T08:20:01","modified_gmt":"2020-03-24T08:20:01","slug":"canneles-vegan-et-sans-gluten","status":"publish","type":"post","link":"http:\/\/www.affinite.fr\/index.php\/2020\/03\/24\/canneles-vegan-et-sans-gluten\/","title":{"rendered":"Cannel\u00e9s vegan et sans gluten"},"content":{"rendered":"<p> [ad_1]<br \/>\n<\/p>\n<div>\n<p><img itemprop=\"image\" class=\"aligncenter size-full wp-image-37623\" data-src=\"https:\/\/static.chefnini.com\/wp-content\/uploads\/2020\/02\/canneles-vegan3.jpg\" alt=\"\" width=\"730\" height=\"487\" srcset=\"https:\/\/static.chefnini.com\/wp-content\/uploads\/2020\/02\/canneles-vegan3.jpg 730w, https:\/\/static.chefnini.com\/wp-content\/uploads\/2020\/02\/canneles-vegan3-300x200.jpg 300w, https:\/\/static.chefnini.com\/wp-content\/uploads\/2020\/02\/canneles-vegan3-450x300.jpg 450w\" sizes=\"(max-width: 730px) 100vw, 730px\"\/><\/p>\n<p itemprop=\"description\">Je dois vous dire que ces cannel\u00e9s vegan n\u2019ont vraiment pas dur\u00e9 bien longtemps. En m\u00eame pas deux jours, tout \u00e9tait parti ! <em>Pfiout !\u00a0<\/em>Quel d\u00e9lice, vraiment ! Meilleurs \u00e0 consommer peu de temps apr\u00e8s leur cuisson. Ils sont ainsi bien moelleux \u00e0 l\u2019int\u00e9rieur et croustillants dedans. Mais s\u2019ils doivent attendre, repassez-les un petit peu au four avant.<\/p>\n<p>Contrairement aux cannel\u00e9s classiques, vous pouvez remplir les moules \u00e0 cannel\u00e9s quasiment \u00e0 hauteur, la p\u00e2te ne d\u00e9bordera pas. Je pr\u00e9f\u00e8re le dire car j\u2019avais pris mes pr\u00e9cautions \u00e0 la premi\u00e8re fourn\u00e9e et j\u2019ai obtenu des mini-cannel\u00e9s (tr\u00e8s bien aussi soit dit en passant ! ^^)<\/p>\n<p><img itemprop=\"image\" class=\"aligncenter size-full wp-image-37624\" data-src=\"https:\/\/static.chefnini.com\/wp-content\/uploads\/2020\/02\/canneles-vegan4.jpg\" alt=\"\" width=\"500\" height=\"750\" srcset=\"https:\/\/static.chefnini.com\/wp-content\/uploads\/2020\/02\/canneles-vegan4.jpg 500w, https:\/\/static.chefnini.com\/wp-content\/uploads\/2020\/02\/canneles-vegan4-200x300.jpg 200w\" sizes=\"(max-width: 500px) 100vw, 500px\"\/><img itemprop=\"image\" class=\"aligncenter size-full wp-image-37626\" data-src=\"https:\/\/static.chefnini.com\/wp-content\/uploads\/2020\/02\/canneles-vegan6.jpg\" alt=\"\" width=\"500\" height=\"750\" srcset=\"https:\/\/static.chefnini.com\/wp-content\/uploads\/2020\/02\/canneles-vegan6.jpg 500w, https:\/\/static.chefnini.com\/wp-content\/uploads\/2020\/02\/canneles-vegan6-200x300.jpg 200w\" sizes=\"(max-width: 500px) 100vw, 500px\"\/><img itemprop=\"image\" class=\"aligncenter size-full wp-image-37625\" data-src=\"https:\/\/static.chefnini.com\/wp-content\/uploads\/2020\/02\/canneles-vegan5.jpg\" alt=\"\" width=\"500\" height=\"750\" srcset=\"https:\/\/static.chefnini.com\/wp-content\/uploads\/2020\/02\/canneles-vegan5.jpg 500w, https:\/\/static.chefnini.com\/wp-content\/uploads\/2020\/02\/canneles-vegan5-200x300.jpg 200w\" sizes=\"(max-width: 500px) 100vw, 500px\"\/><\/p>\n<p><em>Recette inspir\u00e9e d\u2019une recette de Marie Lafor\u00eat dans son <a href=\"http:\/\/www.affinite.fr\/index.php\/2023\/08\/24\/lart-de-la-glace-transforme-en-business-la-vision-unique-de-fabien-gris\/\">livre<\/a> 25 recettes vegan.<\/em><\/p>\n<h3 itemprop=\"recipeYield\">Pour 16 cannel\u00e9s :<\/h3>\n<ul>\n<li itemprop=\"ingredients\">35 cl de boisson au soja<\/li>\n<li itemprop=\"ingredients\">15 cl de cr\u00e8me de soja<\/li>\n<li itemprop=\"ingredients\">120 g de sucre en poudre<\/li>\n<li itemprop=\"ingredients\">50 g d\u2019huile (ou de margarine fondue)<\/li>\n<li itemprop=\"ingredients\">1 cuill\u00e8re \u00e0 soupe de pur\u00e9e de noix de cajou<\/li>\n<li itemprop=\"ingredients\">100 g de farine de riz<\/li>\n<li itemprop=\"ingredients\">550 g de f\u00e9cule de ma\u00efs<\/li>\n<li itemprop=\"ingredients\">2 cuill\u00e8res \u00e0 soupe de rhum (facultatif)<\/li>\n<li itemprop=\"ingredients\">1 cuill\u00e8re \u00e0 caf\u00e9 d\u2019extrait de vanille liquide<\/li>\n<\/ul>\n<div itemprop=\"recipeInstructions\">\n<p><img itemprop=\"image\" class=\"aligncenter size-full wp-image-37622\" data-src=\"https:\/\/static.chefnini.com\/wp-content\/uploads\/2020\/02\/canneles-vegan2.jpg\" alt=\"\" width=\"730\" height=\"487\" srcset=\"https:\/\/static.chefnini.com\/wp-content\/uploads\/2020\/02\/canneles-vegan2.jpg 730w, https:\/\/static.chefnini.com\/wp-content\/uploads\/2020\/02\/canneles-vegan2-300x200.jpg 300w, https:\/\/static.chefnini.com\/wp-content\/uploads\/2020\/02\/canneles-vegan2-450x300.jpg 450w\" sizes=\"(max-width: 730px) 100vw, 730px\"\/><\/p>\n<p>1- Versez la boisson au soja, la cr\u00e8me de soja, le sucre, l\u2019huile (ou la margarine fondue), la pur\u00e9e de noix de cajou, la farine de riz, la f\u00e9cule de ma\u00efs, le rhum et la vanille dans un saladier.<\/p>\n<p>2- M\u00e9langez au fouet jusqu\u2019\u00e0 obtenir un m\u00e9lange homog\u00e8ne.<\/p>\n<p>3- Placez au frais 12 h \u00e0 24 h, (couvrez d\u2019un film alimentaire).<\/p>\n<p>4- Huilez les cavit\u00e9s d\u2019un moule \u00e0 cannel\u00e9s et versez la p\u00e2te au 3\/4.<\/p>\n<p>5- Faites pr\u00e9chauffer votre four \u00e0 200\u00b0C et enfourne pour 50 minutes. D\u00e9moulez aussit\u00f4t sur une grille et recommencez la seconde fourn\u00e9e.<\/p>\n<p><img itemprop=\"image\" class=\"aligncenter size-full wp-image-37621\" data-src=\"https:\/\/static.chefnini.com\/wp-content\/uploads\/2020\/02\/canneles-vegan.jpg\" alt=\"\" width=\"500\" height=\"750\" srcset=\"https:\/\/static.chefnini.com\/wp-content\/uploads\/2020\/02\/canneles-vegan.jpg 500w, https:\/\/static.chefnini.com\/wp-content\/uploads\/2020\/02\/canneles-vegan-200x300.jpg 200w\" sizes=\"(max-width: 500px) 100vw, 500px\"\/><\/p>\n<\/div>\n<p> <!-- recipeInstructions -->\n\t\t\t\t\t\t\t\t\t<\/div>\n<p>[ad_2]<br \/>\n<br \/><a href=\"https:\/\/www.chefnini.com\/canneles-vegan-et-sans-gluten\/\">Source link <\/a><\/p>\n","protected":false},"excerpt":{"rendered":"<p>[ad_1] Je dois vous dire que ces cannel\u00e9s vegan n\u2019ont vraiment pas dur\u00e9 bien longtemps. En m\u00eame pas deux jours, &hellip; <a href=\"http:\/\/www.affinite.fr\/index.php\/2020\/03\/24\/canneles-vegan-et-sans-gluten\/\" class=\"more-link\">Plus <span class=\"screen-reader-text\">Cannel\u00e9s vegan et sans gluten<\/span> <span class=\"meta-nav\">&rarr;<\/span><\/a><\/p>\n","protected":false},"author":1,"featured_media":1050,"comment_status":"open","ping_status":"open","sticky":false,"template":"","format":"standard","meta":{"_sitemap_exclude":false,"_sitemap_priority":"","_sitemap_frequency":"","footnotes":""},"categories":[1],"tags":[],"class_list":["post-1049","post","type-post","status-publish","format-standard","has-post-thumbnail","hentry","category-tous"],"_links":{"self":[{"href":"http:\/\/www.affinite.fr\/index.php\/wp-json\/wp\/v2\/posts\/1049"}],"collection":[{"href":"http:\/\/www.affinite.fr\/index.php\/wp-json\/wp\/v2\/posts"}],"about":[{"href":"http:\/\/www.affinite.fr\/index.php\/wp-json\/wp\/v2\/types\/post"}],"author":[{"embeddable":true,"href":"http:\/\/www.affinite.fr\/index.php\/wp-json\/wp\/v2\/users\/1"}],"replies":[{"embeddable":true,"href":"http:\/\/www.affinite.fr\/index.php\/wp-json\/wp\/v2\/comments?post=1049"}],"version-history":[{"count":0,"href":"http:\/\/www.affinite.fr\/index.php\/wp-json\/wp\/v2\/posts\/1049\/revisions"}],"wp:featuredmedia":[{"embeddable":true,"href":"http:\/\/www.affinite.fr\/index.php\/wp-json\/wp\/v2\/media\/1050"}],"wp:attachment":[{"href":"http:\/\/www.affinite.fr\/index.php\/wp-json\/wp\/v2\/media?parent=1049"}],"wp:term":[{"taxonomy":"category","embeddable":true,"href":"http:\/\/www.affinite.fr\/index.php\/wp-json\/wp\/v2\/categories?post=1049"},{"taxonomy":"post_tag","embeddable":true,"href":"http:\/\/www.affinite.fr\/index.php\/wp-json\/wp\/v2\/tags?post=1049"}],"curies":[{"name":"wp","href":"https:\/\/api.w.org\/{rel}","templated":true}]}}