{"id":10487,"date":"2024-06-11T14:53:25","date_gmt":"2024-06-11T14:53:25","guid":{"rendered":"https:\/\/www.affinite.fr\/index.php\/2024\/06\/11\/avec-ses-cheveux-de-sirene-et-sa-silhouette-athletique-demi-moore-prouve-que-lage-nest-quun-chiffre\/"},"modified":"2024-06-11T14:53:25","modified_gmt":"2024-06-11T14:53:25","slug":"avec-ses-cheveux-de-sirene-et-sa-silhouette-athletique-demi-moore-prouve-que-lage-nest-quun-chiffre","status":"publish","type":"post","link":"http:\/\/www.affinite.fr\/index.php\/2024\/06\/11\/avec-ses-cheveux-de-sirene-et-sa-silhouette-athletique-demi-moore-prouve-que-lage-nest-quun-chiffre\/","title":{"rendered":"Avec ses cheveux de sir\u00e8ne et sa silhouette athl\u00e9tique, Demi Moore prouve que l&rsquo;\u00e2ge n&rsquo;est qu&rsquo;un chiffre"},"content":{"rendered":"<p> [ad_1]<br \/>\n<\/p>\n<p>\n                Silhouette de r\u00eave, cheveux boucl\u00e9s, Demi Moore a fait sensation au festival du Film de Tribeca et elle n&rsquo;a vraiment rien \u00e0 envier aux jeunes actrices. La preuve en photo.            <\/p>\n<div>\n<p><a href=\"https:\/\/www.journaldesfemmes.fr\/people\/demi-moore\/\" title=\"Demi Moore\">Demi Moore<\/a> \u00e9tait pr\u00e9sente \u00e0 l&rsquo;avant-premi\u00e8re du documentaire intitul\u00e9\u00a0<em>Brats<\/em>,\u00a0r\u00e9alis\u00e9 par\u00a0Andrew McCarthy, lors du Festival du Film de Tribeca. Et une chose est s\u00fbre, elle a de nouveau fait une apparition remarqu\u00e9e avec sa sublime cascade de boucles et son corps de r\u00eave.<\/p>\n<h2>Demi Moore opte pour une coiffure wavy<\/h2>\n<p>Aux c\u00f4t\u00e9s d&rsquo;Andrew McCarthy, Ally Sheedy et Jon Cryer, Demi Moore \u00e9tait tout \u00e0 fait splendide gr\u00e2ce \u00e0 ses longueurs XXL coiff\u00e9es dans un magnifique <a href=\"https:\/\/www.journaldesfemmes.fr\/beaute\/conseils-cheveux\/2513474-wavy-hair-technique\/\" title=\"Cheveux wavy\">wavy<\/a>. En effet, l&rsquo;actrice am\u00e9ricaine avait mis en avant son beau visage avec des <strong>cheveux noirs tout en volume et en mouvement<\/strong>, qui ressortaient encore plus que d&rsquo;habitude gr\u00e2ce \u00e0 son ensemble blanc. Un effet \u00ab\u00a0mermaid hair\u00a0\u00bb\u00a0qu&rsquo;il est possible de reproduire \u00e0 l&rsquo;aide d&rsquo;un fer \u00e0 boucler \u00e0 trois t\u00eates. Et pour celles qui ne veulent pas utiliser d&rsquo;outils chauffants, il existe toujours l&rsquo;option de la tresse bien serr\u00e9e. Niveau maquillage, c&rsquo;est pour un <strong>look frais et lumineux<\/strong> que la star a craqu\u00e9. Et elle a tout bon\u00a0!<\/p>\n<div style=\"text-align:center; float:center\">\n<figure class=\"image\" style=\"display: inline-block;\"><img decoding=\"async\" alt=\"Demi Moore \u00e0 l'avant-premi\u00e8re de Brats\" src=\"https:\/\/img-3.journaldesfemmes.fr\/dGCMJjHcmKKLkTz9eKrf9qpJfz0=\/450x\/smart\/4ba15b970dda48bba0001f164f4b3442\/ccmcms-jdf\/39975544.jpg\"\/><\/figure>\n<\/div>\n<h2>La silhouette tonique de Demi Moore<\/h2>\n<p>Si les magnifiques <a href=\"https:\/\/www.journaldesfemmes.fr\/beaute\/conseils-cheveux\/2513442-cheveux-boucles\/\" title=\"Chevelure boucl\u00e9e\">cheveux boucl\u00e9s<\/a> de Demi Moore n&rsquo;ont laiss\u00e9 personne indiff\u00e9rent, que dire de sa plastique exceptionnelle\u2026 \u00c0 61\u00a0ans, l&rsquo;ancienne \u00e9pouse de Bruce Willis affiche toujours <strong>un ventre plat, des abdos sculpt\u00e9s, des bras fermes et des jambes fusel\u00e9es<\/strong>. Un corps athl\u00e9tique qu&rsquo;elle entretient gr\u00e2ce \u00e0 la pratique du yoga Bikram, mais aussi du <a href=\"https:\/\/www.journaldesfemmes.fr\/beaute\/conseils-forme-et-minceur\/2733471-renforcement-musculaire\/\" title=\"Renforcement musculaire\">renforcement musculaire<\/a>, de la danse et du cardio. Le r\u00e9gime alimentaire assez strict de Demi Moore est \u00e9galement un \u00e9l\u00e9ment cl\u00e9 de sa forme physique. Depuis de nombreuses ann\u00e9es, elle ne consomme plus de produits d&rsquo;origine animale, de l\u00e9gumes cuits ni de glucides. Une hygi\u00e8ne de vie tr\u00e8s stricte que s&rsquo;impose la star de cin\u00e9ma.\u00a0<\/p>\n<\/p><\/div>\n<p>[ad_2]<br \/>\n<br \/><a href=\"https:\/\/www.journaldesfemmes.fr\/beaute\/magazine\/3184940-avec-ses-cheveux-wavy-xxl-et-sa-silhouette-athletique-demi-moore-prouve-que-l-age-n-est-qu-un-chiffre\/\">Source link <\/a><\/p>\n","protected":false},"excerpt":{"rendered":"<p>[ad_1] Silhouette de r\u00eave, cheveux boucl\u00e9s, Demi Moore a fait sensation au festival du Film de Tribeca et elle n&rsquo;a &hellip; <a href=\"http:\/\/www.affinite.fr\/index.php\/2024\/06\/11\/avec-ses-cheveux-de-sirene-et-sa-silhouette-athletique-demi-moore-prouve-que-lage-nest-quun-chiffre\/\" class=\"more-link\">Plus <span class=\"screen-reader-text\">Avec ses cheveux de sir\u00e8ne et sa silhouette athl\u00e9tique, Demi Moore prouve que l&rsquo;\u00e2ge n&rsquo;est qu&rsquo;un chiffre<\/span> <span class=\"meta-nav\">&rarr;<\/span><\/a><\/p>\n","protected":false},"author":1,"featured_media":10488,"comment_status":"","ping_status":"open","sticky":false,"template":"","format":"standard","meta":{"_sitemap_exclude":false,"_sitemap_priority":"","_sitemap_frequency":"","footnotes":""},"categories":[1],"tags":[],"class_list":["post-10487","post","type-post","status-publish","format-standard","has-post-thumbnail","hentry","category-tous"],"_links":{"self":[{"href":"http:\/\/www.affinite.fr\/index.php\/wp-json\/wp\/v2\/posts\/10487"}],"collection":[{"href":"http:\/\/www.affinite.fr\/index.php\/wp-json\/wp\/v2\/posts"}],"about":[{"href":"http:\/\/www.affinite.fr\/index.php\/wp-json\/wp\/v2\/types\/post"}],"author":[{"embeddable":true,"href":"http:\/\/www.affinite.fr\/index.php\/wp-json\/wp\/v2\/users\/1"}],"replies":[{"embeddable":true,"href":"http:\/\/www.affinite.fr\/index.php\/wp-json\/wp\/v2\/comments?post=10487"}],"version-history":[{"count":0,"href":"http:\/\/www.affinite.fr\/index.php\/wp-json\/wp\/v2\/posts\/10487\/revisions"}],"wp:featuredmedia":[{"embeddable":true,"href":"http:\/\/www.affinite.fr\/index.php\/wp-json\/wp\/v2\/media\/10488"}],"wp:attachment":[{"href":"http:\/\/www.affinite.fr\/index.php\/wp-json\/wp\/v2\/media?parent=10487"}],"wp:term":[{"taxonomy":"category","embeddable":true,"href":"http:\/\/www.affinite.fr\/index.php\/wp-json\/wp\/v2\/categories?post=10487"},{"taxonomy":"post_tag","embeddable":true,"href":"http:\/\/www.affinite.fr\/index.php\/wp-json\/wp\/v2\/tags?post=10487"}],"curies":[{"name":"wp","href":"https:\/\/api.w.org\/{rel}","templated":true}]}}