{"id":1047,"date":"2020-03-24T07:19:30","date_gmt":"2020-03-24T07:19:30","guid":{"rendered":"https:\/\/www.affinite.fr\/index.php\/2020\/03\/24\/liphone-2020-beneficierait-dune-stabilisation-dimage-renforcee\/"},"modified":"2020-03-24T07:19:30","modified_gmt":"2020-03-24T07:19:30","slug":"liphone-2020-beneficierait-dune-stabilisation-dimage-renforcee","status":"publish","type":"post","link":"http:\/\/www.affinite.fr\/index.php\/2020\/03\/24\/liphone-2020-beneficierait-dune-stabilisation-dimage-renforcee\/","title":{"rendered":"L\u2019iPhone 2020 b\u00e9n\u00e9ficierait d\u2019une stabilisation d\u2019image renforc\u00e9e"},"content":{"rendered":"<p> [ad_1]<br \/>\n<br \/><img decoding=\"async\" src=\"https:\/\/img.bfmtv.com\/i\/0\/0\/542\/9d8c3f7861a1cb94bdcb1ee029a35.jpg\" \/><\/p>\n<div itemprop=\"articleBody\">\n<p>La qualit\u00e9 photographique des iPhone devrait conna\u00eetre une nouvelle \u00e9tape cette ann\u00e9e. La stabilisation pourrait en effet \u00eatre int\u00e9grale sur les prochains mod\u00e8les haut de gamme. Sur les iPhone 11 Pro, elle n\u2019est, en effet, propos\u00e9e que sur le capteur grand-angle et t\u00e9l\u00e9objectif, mais pas sur l\u2019ultra grand-angle.\u00a0<\/p>\n<h3 style=\"color:#333;font-family:arial,helvetica,sans-serif;font-size:23px;font-weight:700;\">Le capteur en mouvement<\/h3>\n<p>Cela devrait \u00eatre r\u00e9par\u00e9 sur les smartphones qui sortiront en septembre prochain explique le souvent tr\u00e8s bien inform\u00e9 analyste Ming-Chi Kuo. Cette stabilisation serait obtenue par la technologie \u00ab sensor shift \u00bb qui permet au capteur de se d\u00e9placer sur tous les axes pour compenser les mouvements de l\u2019appareil.\u00a0<\/p>\n<p>L\u2019ultra grand-angle pourrait \u00e9galement b\u00e9n\u00e9ficier d\u2019un nouveau capteur plus grand : 1\/1,9&Prime; au lieu du 1\/3,6&Prime; actuel. Peut-\u00eatre de quoi apporter le mode nuit \u00e0 ce capteur qui n\u2019en profite pas aujourd\u2019hui.\u00a0<\/p>\n<aside class=\"bg-color-0 padding-inside-all-s bloc border-s\">\n<h4 class=\"box-txt-normal\">\n<p><strong>A d\u00e9couvrir aussi en vid\u00e9o<\/strong><\/p>\n<\/h4>\n<\/aside>\n<p>Enfin, la note de Ming-Chi Kuo d\u00e9taille aussi les avanc\u00e9es qui pourraient \u00eatre faites sur les iPhone de\u2026 2022. Selon lui, une optique p\u00e9riscopique pourrait faire son apparition sur au moins l\u2019un des mod\u00e8les de la gamme. De quoi b\u00e9n\u00e9ficier d\u2019un zoom x5 ou x10, comme c\u2019est notamment le cas aujourd\u2019hui sur certains mod\u00e8les Huawei ou Samsung.\u00a0<\/p>\n<p><strong>Source : <a data-cke-saved-href=\"https:\/\/www.macrumors.com\/2020\/03\/23\/kuo-iphones-sensor-shift-2021-periscope-2022\/\" target=\"_blank\" href=\"https:\/\/www.macrumors.com\/2020\/03\/23\/kuo-iphones-sensor-shift-2021-periscope-2022\/\" rel=\"noopener noreferrer\">MacRumors<\/a><\/strong><\/p>\n<\/p><\/div>\n<p><script>\n         !function(f,b,e,v,n,t,s){if(f.fbq)return;n=f.fbq=function()\n         {n.callMethod? n.callMethod.apply(n,arguments):n.queue.push(arguments)}\n         ;if(!f._fbq)f._fbq=n;\n             n.push=n;n.loaded=!0;n.version='2.0';n.queue=[];t=b.createElement(e);t.async=!0;\n             t.src=v;s=b.getElementsByTagName(e)[0];s.parentNode.insertBefore(t,s)}(window,\n                 document,'script','https:\/\/connect.facebook.net\/en_US\/fbevents.js');\n         fbq('init', '1065890633454496');\n         fbq('track', 'PageView');\n     <\/script><br \/>\n<br \/>[ad_2]<br \/>\n<br \/><a href=\"https:\/\/www.01net.com\/actualites\/l-iphone-2020-beneficierait-d-une-stabilisation-d-image-renforcee-1881067.html\">Source link <\/a><\/p>\n","protected":false},"excerpt":{"rendered":"<p>[ad_1] La qualit\u00e9 photographique des iPhone devrait conna\u00eetre une nouvelle \u00e9tape cette ann\u00e9e. La stabilisation pourrait en effet \u00eatre int\u00e9grale &hellip; <a href=\"http:\/\/www.affinite.fr\/index.php\/2020\/03\/24\/liphone-2020-beneficierait-dune-stabilisation-dimage-renforcee\/\" class=\"more-link\">Plus <span class=\"screen-reader-text\">L\u2019iPhone 2020 b\u00e9n\u00e9ficierait d\u2019une stabilisation d\u2019image renforc\u00e9e<\/span> <span class=\"meta-nav\">&rarr;<\/span><\/a><\/p>\n","protected":false},"author":1,"featured_media":1048,"comment_status":"open","ping_status":"open","sticky":false,"template":"","format":"standard","meta":{"_sitemap_exclude":false,"_sitemap_priority":"","_sitemap_frequency":"","footnotes":""},"categories":[1],"tags":[],"class_list":["post-1047","post","type-post","status-publish","format-standard","has-post-thumbnail","hentry","category-tous"],"_links":{"self":[{"href":"http:\/\/www.affinite.fr\/index.php\/wp-json\/wp\/v2\/posts\/1047"}],"collection":[{"href":"http:\/\/www.affinite.fr\/index.php\/wp-json\/wp\/v2\/posts"}],"about":[{"href":"http:\/\/www.affinite.fr\/index.php\/wp-json\/wp\/v2\/types\/post"}],"author":[{"embeddable":true,"href":"http:\/\/www.affinite.fr\/index.php\/wp-json\/wp\/v2\/users\/1"}],"replies":[{"embeddable":true,"href":"http:\/\/www.affinite.fr\/index.php\/wp-json\/wp\/v2\/comments?post=1047"}],"version-history":[{"count":0,"href":"http:\/\/www.affinite.fr\/index.php\/wp-json\/wp\/v2\/posts\/1047\/revisions"}],"wp:featuredmedia":[{"embeddable":true,"href":"http:\/\/www.affinite.fr\/index.php\/wp-json\/wp\/v2\/media\/1048"}],"wp:attachment":[{"href":"http:\/\/www.affinite.fr\/index.php\/wp-json\/wp\/v2\/media?parent=1047"}],"wp:term":[{"taxonomy":"category","embeddable":true,"href":"http:\/\/www.affinite.fr\/index.php\/wp-json\/wp\/v2\/categories?post=1047"},{"taxonomy":"post_tag","embeddable":true,"href":"http:\/\/www.affinite.fr\/index.php\/wp-json\/wp\/v2\/tags?post=1047"}],"curies":[{"name":"wp","href":"https:\/\/api.w.org\/{rel}","templated":true}]}}