{"id":1043,"date":"2020-03-24T05:05:36","date_gmt":"2020-03-24T05:05:36","guid":{"rendered":"https:\/\/www.affinite.fr\/index.php\/2020\/03\/24\/en-pologne-le-gouvernement-surveille-les-confines-en-exigeant-des-selfies\/"},"modified":"2020-03-24T05:05:36","modified_gmt":"2020-03-24T05:05:36","slug":"en-pologne-le-gouvernement-surveille-les-confines-en-exigeant-des-selfies","status":"publish","type":"post","link":"http:\/\/www.affinite.fr\/index.php\/2020\/03\/24\/en-pologne-le-gouvernement-surveille-les-confines-en-exigeant-des-selfies\/","title":{"rendered":"en Pologne, le gouvernement surveille les confin\u00e9s en exigeant des selfies"},"content":{"rendered":"<p> [ad_1]<br \/>\n<\/p>\n<div itemprop=\"articleBody\">\n<p>La Pologne propose, depuis vendredi 20 mars,\u00a0une application baptis\u00e9e\u00a0\u00ab<em>Kwarantanna domowa<\/em>\u00bb (\u00e0 traduire par \u00ab Quarantaine \u00e0 domicile \u00bb) pour surveiller les citoyens qui doivent rester confin\u00e9s chez eux. Une surveillance \u00e0 base de selfies.\u00a0<\/p>\n<h3 style=\"color:#333; font-family:arial,helvetica,sans-serif; font-size:23px; font-weight:700\">\u00ab\u00a0Kwarantanna domowa\u00a0\u00bb<\/h3>\n<blockquote>\n<p>\u00ab <em>L&rsquo;application est destin\u00e9e aux personnes qui restent en quarantaine, qui rentrent de l\u2019\u00e9tranger<\/em>\u00bb, dont les donn\u00e9es et le num\u00e9ro de t\u00e9l\u00e9phone sont inscrits dans une base de donn\u00e9es sp\u00e9ciale, a d\u00e9clar\u00e9 \u00e0 l&rsquo;AFP Karol Manys, porte-parole du minist\u00e8re polonais du num\u00e9rique. \u00ab\u00a0<em>Les personnes plac\u00e9es en quarantaine ont le choix : soit recevoir des visites impr\u00e9vues de la police, soit t\u00e9l\u00e9charger l&rsquo;application. <\/em>\u00bb<\/p>\n<\/blockquote>\n<p>M\u00ealant technos de reconnaissance faciale et de g\u00e9olocalisation, le fonctionnement de l\u2019app est aussi simple que surprenant.\u00a0Une fois que l\u2019appli\u00a0install\u00e9e, l\u2019utilisateur re\u00e7oit des SMS de la part du gouvernement sur son smartphone de mani\u00e8re impromptue. D\u00e8s que le message est re\u00e7u, il a alors vingt minutes pour prendre un selfie et le retourner \u00e0 l\u2019envoyeur. Le terminal est ainsi g\u00e9olocalis\u00e9 et les autorit\u00e9s peuvent v\u00e9rifier si la personne est bien dans un p\u00e9rim\u00e8tre de 100 m\u00e8tres autour de son lieu d\u00e9clar\u00e9 de confinement.<\/p>\n<figure class=\"figure text-center\"><img decoding=\"async\" class=\"article-img img-responsive-l\" src=\"https:\/\/img.bfmtv.com\/c\/0\/708\/909ea\/76bb1999d7df5061d4d745e3729.png\" alt=\"\"\/><figcaption class=\"figure-caption figcaption color-txt-0 title-xs hidden-xs\">\n                                    Apple Store<br \/>\n                                                    &#8211; Capture d&rsquo;\u00e9cran de l&rsquo;Apple store pour t\u00e9l\u00e9charger l&rsquo;appli.<br \/>\n                            <\/figcaption><\/figure>\n<h3 style=\"color:#333; font-family:arial,helvetica,sans-serif; font-size:23px; font-weight:700\">Une amende de 111 euros\u00a0<\/h3>\n<p>Au terme du d\u00e9lai, il re\u00e7oit un appel, ce qui \u00e9quivaut \u00e0 vingt nouvelles\u00a0minutes de sursis suppl\u00e9mentaire. Mais si l\u2019individu ne r\u00e9agit toujours pas aux sollicitations du gouvernement, la police peut verbaliser. Et les amendes polonaises sont nettement plus \u00e9lev\u00e9es qu\u2019en France,\u00a0s\u2019\u00e9levant au maximum \u00e0 5 000 z\u0142oty, environ 1 080 euros. D\u00e8s la mise en place de ce syst\u00e8me de surveillance, la police polonaise a indiqu\u00e9 avoir puni d&rsquo;une amende de 500 zlotys (111 euros) une personne qui s&rsquo;est \u00e9loign\u00e9e de son domicile &#8211; d&rsquo;apr\u00e8s l&rsquo;AFP.<\/p>\n<aside class=\"bg-color-0 padding-inside-all-s bloc border-s\">\n<h4 class=\"box-txt-normal\">\n<p><strong>\u00c0 d\u00e9couvrir aussi en vid\u00e9o\u00a0<\/strong><\/p>\n<\/h4>\n<\/aside>\n<p>De plus, comme le rapporte <em>Nextinpact<\/em> l\u2019application permet d\u2019organiser le portage de repas ou l\u2019aide psychologique des personnes infect\u00e9es. L\u2019appli ne peut \u00eatre utilis\u00e9e que par les personnes qui sont identifi\u00e9es comme \u00e0 risque. Pas les autres.\u00a0<\/p>\n<p><strong>Source<\/strong> : <a href=\"https:\/\/www.nextinpact.com\/brief\/en-pologne--une-application--des-selfies-et-de-la-geoloc-pour-surveiller-les-mises-en-quarantaine-11742.htm\" target=\"_blank\" rel=\"noopener noreferrer\">Nextinpact<\/a>\u00a0<\/p>\n<\/p><\/div>\n<p><script>\n         !function(f,b,e,v,n,t,s){if(f.fbq)return;n=f.fbq=function()\n         {n.callMethod? n.callMethod.apply(n,arguments):n.queue.push(arguments)}\n         ;if(!f._fbq)f._fbq=n;\n             n.push=n;n.loaded=!0;n.version='2.0';n.queue=[];t=b.createElement(e);t.async=!0;\n             t.src=v;s=b.getElementsByTagName(e)[0];s.parentNode.insertBefore(t,s)}(window,\n                 document,'script','https:\/\/connect.facebook.net\/en_US\/fbevents.js');\n         fbq('init', '1065890633454496');\n         fbq('track', 'PageView');\n     <\/script><br \/>\n<br \/>[ad_2]<br \/>\n<br \/><a href=\"https:\/\/www.01net.com\/actualites\/coronavirus-en-pologne-le-gouvernement-surveille-les-confines-en-exigeant-des-selfies-1880679.html\">Source link <\/a><\/p>\n","protected":false},"excerpt":{"rendered":"<p>[ad_1] La Pologne propose, depuis vendredi 20 mars,\u00a0une application baptis\u00e9e\u00a0\u00abKwarantanna domowa\u00bb (\u00e0 traduire par \u00ab Quarantaine \u00e0 domicile \u00bb) pour &hellip; <a href=\"http:\/\/www.affinite.fr\/index.php\/2020\/03\/24\/en-pologne-le-gouvernement-surveille-les-confines-en-exigeant-des-selfies\/\" class=\"more-link\">Plus <span class=\"screen-reader-text\">en Pologne, le gouvernement surveille les confin\u00e9s en exigeant des selfies<\/span> <span class=\"meta-nav\">&rarr;<\/span><\/a><\/p>\n","protected":false},"author":1,"featured_media":1044,"comment_status":"open","ping_status":"open","sticky":false,"template":"","format":"standard","meta":{"_sitemap_exclude":false,"_sitemap_priority":"","_sitemap_frequency":"","footnotes":""},"categories":[1],"tags":[],"class_list":["post-1043","post","type-post","status-publish","format-standard","has-post-thumbnail","hentry","category-tous"],"_links":{"self":[{"href":"http:\/\/www.affinite.fr\/index.php\/wp-json\/wp\/v2\/posts\/1043"}],"collection":[{"href":"http:\/\/www.affinite.fr\/index.php\/wp-json\/wp\/v2\/posts"}],"about":[{"href":"http:\/\/www.affinite.fr\/index.php\/wp-json\/wp\/v2\/types\/post"}],"author":[{"embeddable":true,"href":"http:\/\/www.affinite.fr\/index.php\/wp-json\/wp\/v2\/users\/1"}],"replies":[{"embeddable":true,"href":"http:\/\/www.affinite.fr\/index.php\/wp-json\/wp\/v2\/comments?post=1043"}],"version-history":[{"count":0,"href":"http:\/\/www.affinite.fr\/index.php\/wp-json\/wp\/v2\/posts\/1043\/revisions"}],"wp:featuredmedia":[{"embeddable":true,"href":"http:\/\/www.affinite.fr\/index.php\/wp-json\/wp\/v2\/media\/1044"}],"wp:attachment":[{"href":"http:\/\/www.affinite.fr\/index.php\/wp-json\/wp\/v2\/media?parent=1043"}],"wp:term":[{"taxonomy":"category","embeddable":true,"href":"http:\/\/www.affinite.fr\/index.php\/wp-json\/wp\/v2\/categories?post=1043"},{"taxonomy":"post_tag","embeddable":true,"href":"http:\/\/www.affinite.fr\/index.php\/wp-json\/wp\/v2\/tags?post=1043"}],"curies":[{"name":"wp","href":"https:\/\/api.w.org\/{rel}","templated":true}]}}