{"id":1022,"date":"2020-03-23T16:09:47","date_gmt":"2020-03-23T16:09:47","guid":{"rendered":"https:\/\/www.affinite.fr\/index.php\/2020\/03\/23\/comment-le-coronavirus-impacte-notre-consommation-des-reseaux\/"},"modified":"2020-03-23T16:09:47","modified_gmt":"2020-03-23T16:09:47","slug":"comment-le-coronavirus-impacte-notre-consommation-des-reseaux","status":"publish","type":"post","link":"http:\/\/www.affinite.fr\/index.php\/2020\/03\/23\/comment-le-coronavirus-impacte-notre-consommation-des-reseaux\/","title":{"rendered":"Comment le coronavirus impacte notre consommation des r\u00e9seaux"},"content":{"rendered":"<p> [ad_1]<br \/>\n<\/p>\n<div itemprop=\"articleBody\">\n<p>L\u2019un des effets de la pand\u00e9mie du Coronavirus est une hausse du trafic Internet due au t\u00e9l\u00e9travail et \u00e0 la fermeture des \u00e9coles partielle ou totale. L\u2019\u00e9quipementier Nokia a analys\u00e9 l\u2019\u00e9volution de la data des r\u00e9seaux de chaque pays europ\u00e9en touch\u00e9 et confin\u00e9 \u00e0 tour de r\u00f4le depuis le 9 mars. Il <a href=\"http:\/\/www.affinite.fr\/index.php\/2023\/08\/24\/lart-de-la-glace-transforme-en-business-la-vision-unique-de-fabien-gris\/\">livre<\/a> quelques donn\u00e9es cl\u00e9s.<\/p>\n<h3 style=\"color:#333; font-family:arial,helvetica,sans-serif; font-size:23px; font-weight:700\"><strong>WhatsApp hyper sollicit\u00e9 le premier jour <\/strong><\/h3>\n<p>Le premier jour et le premier dimanche de confinement, les applications de messagerie et les r\u00e9seaux sociaux sont fr\u00e9n\u00e9tiquement utilis\u00e9s. Mais c\u2019est WhatsApp qui est le plus sollicit\u00e9. Il augmente de 117 \u00e0 217% la premi\u00e8re journ\u00e9e avec un gros pic le matin dans le cas o\u00f9 les \u00e9coles sont \u00e9galement ferm\u00e9es. Le dimanche suivant, WhatsApp doit g\u00e9n\u00e9ralement faire face \u00e0 une croissance de 500%.<\/p>\n<figure class=\"figure text-center\"><img decoding=\"async\" class=\"article-img img-responsive-l\" src=\"https:\/\/img.bfmtv.com\/c\/992\/452\/23e\/1af1ff948142764e8cdecacd987d0.jpeg\" alt=\"L'\u00e9volution de WhatsApp la premi\u00e8re semaine de confinement.\"\/><figcaption class=\"figure-caption figcaption color-txt-0 title-xs hidden-xs\">\n                                    Nokia<br \/>\n                                                    &#8211; L&rsquo;\u00e9volution de WhatsApp la premi\u00e8re semaine de confinement.<br \/>\n                            <\/figcaption><\/figure>\n<h3 style=\"color:#333; font-family:arial,helvetica,sans-serif; font-size:23px; font-weight:700\"><strong>Les utilisateurs regardent Netflix d\u00e8s le matin<\/strong><\/h3>\n<p>D\u2019ordinaire, Netflix conna\u00eet un pic en soir\u00e9e toute la semaine et particuli\u00e8rement le dimanche soir \u00e0 21h00 dans tous les pays dans le monde. Avec le confinement, les augmentations les plus fortes se situent le matin (+97%) et en d\u00e9but d\u2019apr\u00e8s-midi (+27 \u00e0 42%). Les soir\u00e9es enregistrent une augmentation de \u00ab\u00a0seulement\u00a0\u00bb 20%. Le premier week-end, la croissance est de 54 \u00e0 75% aux heures habituelles de grande \u00e9coute.<\/p>\n<figure class=\"figure text-center\"><img decoding=\"async\" class=\"article-img img-responsive-l\" src=\"https:\/\/img.bfmtv.com\/c\/992\/452\/2d5\/d80257a445c635f783cb18b173820.jpeg\" alt=\"L'\u00e9volution de Netflix la premi\u00e8re semaine.\"\/><figcaption class=\"figure-caption figcaption color-txt-0 title-xs hidden-xs\">\n                                    Nokia<br \/>\n                                                    &#8211; L&rsquo;\u00e9volution de Netflix la premi\u00e8re semaine.<br \/>\n                            <\/figcaption><\/figure>\n<aside class=\"bg-color-0 padding-inside-all-s bloc border-s\">\n<h4 class=\"box-txt-normal\">\n<p><strong>A d\u00e9couvrir aussi en vid\u00e9o<\/strong><\/p>\n<\/h4>\n<\/aside>\n<h3 style=\"color:#333; font-family:arial,helvetica,sans-serif; font-size:23px; font-weight:700\"><strong>Le trafic total explose le premier week-end<\/strong><\/h3>\n<p>Les r\u00e9seaux enregistrent chaque ann\u00e9e une croissance de 30 \u00e0 45%. Dans les territoires touch\u00e9s par la pand\u00e9mie, on observe un pic de 20 \u00e0 40% en soir\u00e9e mais il doit \u00eatre absorb\u00e9 en seulement quelques jours. Le trafic du dimanche du premier week-end doit notamment supporter de 34% \u00e0 97% d\u2019augmentation pendant la journ\u00e9e, avec plusieurs t\u00e9rabits suppl\u00e9mentaires en volume de trafic.<\/p>\n<figure class=\"figure text-center\"><img decoding=\"async\" class=\"article-img img-responsive-l\" src=\"https:\/\/img.bfmtv.com\/c\/992\/452\/5a5\/5afd74a7f1ee4156cfa25b03dfbd7.jpeg\" alt=\"L'augmentation du trafic g\u00e9n\u00e9ral dans la journ\u00e9e du premier dimanche.\"\/><figcaption class=\"figure-caption figcaption color-txt-0 title-xs hidden-xs\">\n                                    Nokia<br \/>\n                                                    &#8211; L&rsquo;augmentation du trafic g\u00e9n\u00e9ral dans la journ\u00e9e du premier dimanche.<br \/>\n                            <\/figcaption><\/figure>\n<p>La bonne nouvelle, c\u2019est que les acteurs des t\u00e9l\u00e9coms ont r\u00e9ussi pour le moment \u00e0 faire face \u00e0 ces sollicitations sans avoir \u00e0 d\u00e9grader la qualit\u00e9 de service. Les \u00e9diteurs qui ont le plus d&rsquo;impact comme <a href=\"https:\/\/www.01net.com\/actualites\/facebook-baisse-la-qualite-du-streaming-video-sur-toutes-ses-plates-formes-en-europe-1880412.html\" target=\"_blank\" rel=\"noopener noreferrer\">Facebook<\/a>, <a href=\"https:\/\/www.01net.com\/actualites\/coronavirus-netflix-va-reduire-sa-qualite-video-pour-diminuer-le-trafic-internet-1878445.html\" target=\"_blank\" rel=\"noopener noreferrer\">Netflix<\/a> et <a href=\"https:\/\/www.01net.com\/actualites\/apres-netflix-youtube-passe-toutes-ses-videos-en-definition-standard-1878509.html\" target=\"_blank\" rel=\"noopener noreferrer\">YouTube<\/a> viennent toutefois d&rsquo;<a href=\"https:\/\/www.01net.com\/actualites\/petit-guide-des-bonnes-pratiques-numeriques-en-temps-de-coronavirus-1878014.html#content\/contribution\/edit\" target=\"_blank\" rel=\"noopener noreferrer\">abaisser la qualit\u00e9 de leurs vid\u00e9os<\/a>. Cela pourrait ne pas suffire si la situation se prolonge et que de plus en plus de pays se retrouvent \u00e0 l\u2019arr\u00eat et confin\u00e9s.<\/p>\n<p>Source : <a href=\"https:\/\/www.nokia.com\/blog\/early-effects-covid-19-lockdowns-service-provider-networks-networks-soldier\/\" target=\"_blank\" rel=\"noopener noreferrer\">Nokia<\/a><\/p><\/div>\n<p><script>\n         !function(f,b,e,v,n,t,s){if(f.fbq)return;n=f.fbq=function()\n         {n.callMethod? n.callMethod.apply(n,arguments):n.queue.push(arguments)}\n         ;if(!f._fbq)f._fbq=n;\n             n.push=n;n.loaded=!0;n.version='2.0';n.queue=[];t=b.createElement(e);t.async=!0;\n             t.src=v;s=b.getElementsByTagName(e)[0];s.parentNode.insertBefore(t,s)}(window,\n                 document,'script','https:\/\/connect.facebook.net\/en_US\/fbevents.js');\n         fbq('init', '1065890633454496');\n         fbq('track', 'PageView');\n     <\/script><br \/>\n<br \/>[ad_2]<br \/>\n<br \/><a href=\"https:\/\/www.01net.com\/actualites\/comment-le-coronavirus-impacte-notre-consommation-des-reseaux-1880499.html\">Source link <\/a><\/p>\n","protected":false},"excerpt":{"rendered":"<p>[ad_1] L\u2019un des effets de la pand\u00e9mie du Coronavirus est une hausse du trafic Internet due au t\u00e9l\u00e9travail et \u00e0 &hellip; <a href=\"http:\/\/www.affinite.fr\/index.php\/2020\/03\/23\/comment-le-coronavirus-impacte-notre-consommation-des-reseaux\/\" class=\"more-link\">Plus <span class=\"screen-reader-text\">Comment le coronavirus impacte notre consommation des r\u00e9seaux<\/span> <span class=\"meta-nav\">&rarr;<\/span><\/a><\/p>\n","protected":false},"author":1,"featured_media":1023,"comment_status":"open","ping_status":"open","sticky":false,"template":"","format":"standard","meta":{"_sitemap_exclude":false,"_sitemap_priority":"","_sitemap_frequency":"","footnotes":""},"categories":[1],"tags":[],"class_list":["post-1022","post","type-post","status-publish","format-standard","has-post-thumbnail","hentry","category-tous"],"_links":{"self":[{"href":"http:\/\/www.affinite.fr\/index.php\/wp-json\/wp\/v2\/posts\/1022"}],"collection":[{"href":"http:\/\/www.affinite.fr\/index.php\/wp-json\/wp\/v2\/posts"}],"about":[{"href":"http:\/\/www.affinite.fr\/index.php\/wp-json\/wp\/v2\/types\/post"}],"author":[{"embeddable":true,"href":"http:\/\/www.affinite.fr\/index.php\/wp-json\/wp\/v2\/users\/1"}],"replies":[{"embeddable":true,"href":"http:\/\/www.affinite.fr\/index.php\/wp-json\/wp\/v2\/comments?post=1022"}],"version-history":[{"count":0,"href":"http:\/\/www.affinite.fr\/index.php\/wp-json\/wp\/v2\/posts\/1022\/revisions"}],"wp:featuredmedia":[{"embeddable":true,"href":"http:\/\/www.affinite.fr\/index.php\/wp-json\/wp\/v2\/media\/1023"}],"wp:attachment":[{"href":"http:\/\/www.affinite.fr\/index.php\/wp-json\/wp\/v2\/media?parent=1022"}],"wp:term":[{"taxonomy":"category","embeddable":true,"href":"http:\/\/www.affinite.fr\/index.php\/wp-json\/wp\/v2\/categories?post=1022"},{"taxonomy":"post_tag","embeddable":true,"href":"http:\/\/www.affinite.fr\/index.php\/wp-json\/wp\/v2\/tags?post=1022"}],"curies":[{"name":"wp","href":"https:\/\/api.w.org\/{rel}","templated":true}]}}