{"id":10215,"date":"2024-04-14T04:23:33","date_gmt":"2024-04-14T04:23:33","guid":{"rendered":"https:\/\/www.affinite.fr\/index.php\/2024\/04\/14\/cette-femme-a-opere-une-transformation-radicale-en-mangeant-plus-et-en-faisant-moins-de-sport\/"},"modified":"2024-04-14T04:23:33","modified_gmt":"2024-04-14T04:23:33","slug":"cette-femme-a-opere-une-transformation-radicale-en-mangeant-plus-et-en-faisant-moins-de-sport","status":"publish","type":"post","link":"http:\/\/www.affinite.fr\/index.php\/2024\/04\/14\/cette-femme-a-opere-une-transformation-radicale-en-mangeant-plus-et-en-faisant-moins-de-sport\/","title":{"rendered":"cette femme a op\u00e9r\u00e9 une transformation radicale en mangeant plus et en faisant moins de sport"},"content":{"rendered":"<p> [ad_1]<br \/>\n<\/p>\n<p>\n                \u00c0 l&rsquo;\u00e2ge de 53\u00a0ans, Jenn Reed affiche une silhouette sculpt\u00e9e qui attire l&rsquo;attention. D\u00e9couvrez ses astuces pour maigrir en mangeant plus et en faisant moins de sport. Photo avant-apr\u00e8s \u00e0 l&rsquo;appui.            <\/p>\n<div>\n<p>Oublier la taille de gu\u00eape\u00a0! Tel a \u00e9t\u00e9 le d\u00e9clic pour Jenn Reed, cherchant \u00e0 perdre du poids apr\u00e8s 50\u00a0ans. Convaincue que sa f\u00e9minit\u00e9 ne se limitait pas \u00e0 une taille 36, cette quinquag\u00e9naire a revu son mode de vie et pr\u00e9sente aujourd&rsquo;hui un corps svelte et muscl\u00e9. D\u00e9finir des objectifs raisonnables, adopter une alimentation plus \u00e9quilibr\u00e9e et plus nourrissante, r\u00e9duire le cardio, voil\u00e0 ce qui semble \u00eatre la recette gagnante pour maigrir apr\u00e8s 50\u00a0ans.<\/p>\n<div style=\"text-align:center\">\n<figure class=\"image\" style=\"display:inline-block\"><img decoding=\"async\" alt=\"jenn-reed-perte-de-poids\" src=\"https:\/\/img-3.journaldesfemmes.fr\/7PmJy2sgx9D_FQTfG1yzY3JMySc=\/450x\/smart\/d65a4a0058ad4622ae58b5ba8fdf0a2d\/ccmcms-jdf\/39960042.png\"\/><figcaption data-credit=\"Instagram \/ Jenn Reed\"><small>\u00a9\u00a0Instagram \/ Jenn Reed<\/small><\/figcaption><\/figure>\n<\/div>\n<p><em>\u00ab\u00a0Les r\u00e9sultats n&rsquo;arrivent pas du jour au lendemain, mais de petits changements peuvent conduire \u00e0 de grands changements [et] parfois, nous devons revoir nos strat\u00e9gies\u00a0\u00bb, <\/em>tels sont les propos de Jenn Reed, tenus sur son compte Instagram.\u00a0La femme de 53\u00a0ans a d\u00e9clar\u00e9\u00a0avoir mis en place quelques nouveaux r\u00e9flexes au quotidien, l&rsquo;ayant ainsi conduit \u00e0 <strong>se sentir mieux dans son corps<\/strong>.\u00a0Et pour cause, cette derni\u00e8re pr\u00e9sente aujourd&rsquo;hui <strong>des abdos saillants, des jambes fusel\u00e9es et des bras toniques<\/strong>.\u00a0Alors, comment en est-elle arriv\u00e9e l\u00e0\u00a0? Tout d&rsquo;abord, elle explique avoir compl\u00e8tement \u00e9limin\u00e9 l&rsquo;alcool. En rempla\u00e7ant une margarita par un <a href=\"https:\/\/www.journaldesfemmes.fr\/beaute\/conseils-forme-et-minceur\/2731899-kombucha-maigrir\/\" title=\"Kombucha\">kombucha<\/a>, vous profiterez d&rsquo;un moment festif tout en \u00e9vitant d&rsquo;accumuler les calories. Elle confie \u00e9galement accorder une grande importance aux p\u00e9riodes de repos entre ses s\u00e9ances de sport. Le corps a besoin de r\u00e9cup\u00e9rer pour \u00eatre plus performant. De plus, ses s\u00e9ances de sport se concentrent davantage sur le <a href=\"https:\/\/www.journaldesfemmes.fr\/beaute\/conseils-forme-et-minceur\/2733471-renforcement-musculaire\/\" title=\"Renforcement musculaire\">renforcement musculaire<\/a>, avec des exercices de soulev\u00e9 de poids, plut\u00f4t que sur le cardio. Une routine \u00e0 privil\u00e9gier chez les personnes de plus de 50\u00a0ans pour se tonifier tout en \u00e9vitant les mouvements brusques.<\/p>\n<p>Jenn Reed a aussi augment\u00e9 son apport de prot\u00e9ines, soit une consommation de<strong> 165\u00a0grammes par jour.<\/strong> Ainsi, elle mange plus qu&rsquo;avant et permet \u00e0 ses muscles de se dessiner plus rapidement.\u00a0M\u00eame chose pour les glucides.\u00a0Elle indique\u00a0: <em>\u00ab\u00a0Vous n&rsquo;\u00eates pas oblig\u00e9 d&rsquo;\u00e9liminer tous les aliments que vous aimez. Je mange trois repas par jour, un shake prot\u00e9in\u00e9 et une autre collation.\u00a0\u00bb\u00a0<\/em>Contrairement \u00e0 ce que l&rsquo;on pourrait penser, les glucides ne doivent pas \u00eatre per\u00e7us comme des ennemis dans le cadre d&rsquo;un r\u00e9gime minceur.\u00a0La preuve,\u00a0ils ont jou\u00e9 un r\u00f4le important dans la transformation physique de Jenn Reed.\u00a0Un parcours inspirant qui m\u00e9rite d&rsquo;\u00eatre test\u00e9 apr\u00e8s 50\u00a0ans.\u00a0<\/p>\n<\/p><\/div>\n<p>[ad_2]<br \/>\n<br \/><a href=\"https:\/\/www.journaldesfemmes.fr\/beaute\/forme-et-minceur\/3172844-maigrir-apres-50-ans-cette-femme-a-opere-une-transformation-radicale-en-mangeant-plus-et-en-faisant-moins-de-sport\/\">Source link <\/a><\/p>\n","protected":false},"excerpt":{"rendered":"<p>[ad_1] \u00c0 l&rsquo;\u00e2ge de 53\u00a0ans, Jenn Reed affiche une silhouette sculpt\u00e9e qui attire l&rsquo;attention. D\u00e9couvrez ses astuces pour maigrir en &hellip; <a href=\"http:\/\/www.affinite.fr\/index.php\/2024\/04\/14\/cette-femme-a-opere-une-transformation-radicale-en-mangeant-plus-et-en-faisant-moins-de-sport\/\" class=\"more-link\">Plus <span class=\"screen-reader-text\">cette femme a op\u00e9r\u00e9 une transformation radicale en mangeant plus et en faisant moins de sport<\/span> <span class=\"meta-nav\">&rarr;<\/span><\/a><\/p>\n","protected":false},"author":1,"featured_media":10216,"comment_status":"","ping_status":"open","sticky":false,"template":"","format":"standard","meta":{"_sitemap_exclude":false,"_sitemap_priority":"","_sitemap_frequency":"","footnotes":""},"categories":[1],"tags":[],"class_list":["post-10215","post","type-post","status-publish","format-standard","has-post-thumbnail","hentry","category-tous"],"_links":{"self":[{"href":"http:\/\/www.affinite.fr\/index.php\/wp-json\/wp\/v2\/posts\/10215"}],"collection":[{"href":"http:\/\/www.affinite.fr\/index.php\/wp-json\/wp\/v2\/posts"}],"about":[{"href":"http:\/\/www.affinite.fr\/index.php\/wp-json\/wp\/v2\/types\/post"}],"author":[{"embeddable":true,"href":"http:\/\/www.affinite.fr\/index.php\/wp-json\/wp\/v2\/users\/1"}],"replies":[{"embeddable":true,"href":"http:\/\/www.affinite.fr\/index.php\/wp-json\/wp\/v2\/comments?post=10215"}],"version-history":[{"count":0,"href":"http:\/\/www.affinite.fr\/index.php\/wp-json\/wp\/v2\/posts\/10215\/revisions"}],"wp:featuredmedia":[{"embeddable":true,"href":"http:\/\/www.affinite.fr\/index.php\/wp-json\/wp\/v2\/media\/10216"}],"wp:attachment":[{"href":"http:\/\/www.affinite.fr\/index.php\/wp-json\/wp\/v2\/media?parent=10215"}],"wp:term":[{"taxonomy":"category","embeddable":true,"href":"http:\/\/www.affinite.fr\/index.php\/wp-json\/wp\/v2\/categories?post=10215"},{"taxonomy":"post_tag","embeddable":true,"href":"http:\/\/www.affinite.fr\/index.php\/wp-json\/wp\/v2\/tags?post=10215"}],"curies":[{"name":"wp","href":"https:\/\/api.w.org\/{rel}","templated":true}]}}