{"id":10209,"date":"2024-04-13T04:22:28","date_gmt":"2024-04-13T04:22:28","guid":{"rendered":"http:\/\/www.affinite.fr\/index.php\/2024\/04\/13\/adorees-des-fashionistas-ces-deux-marques-de-sport-ont-ete-fondees-par-des-ennemis-jures\/"},"modified":"2024-04-13T04:22:28","modified_gmt":"2024-04-13T04:22:28","slug":"adorees-des-fashionistas-ces-deux-marques-de-sport-ont-ete-fondees-par-des-ennemis-jures","status":"publish","type":"post","link":"http:\/\/www.affinite.fr\/index.php\/2024\/04\/13\/adorees-des-fashionistas-ces-deux-marques-de-sport-ont-ete-fondees-par-des-ennemis-jures\/","title":{"rendered":"Ador\u00e9es des fashionistas, ces deux marques de sport ont \u00e9t\u00e9 fond\u00e9es par des ennemis jur\u00e9s"},"content":{"rendered":"<p> [ad_1]<br \/>\n<\/p>\n<p>\n                Adidas et Puma font partie des marques pr\u00e9f\u00e9r\u00e9es des fashionistas. Aujourd&rsquo;hui concurrents, les deux \u00e9quipementiers sportifs ont pourtant une histoire commune.            <\/p>\n<div>\n<p>Quand la mode se retrouve au c\u0153ur d&rsquo;un conflit familial\u2026\u00a0Leaders sur le march\u00e9 de l&rsquo;\u00e9quipement sportif, Adidas et Puma sont \u00e0 l&rsquo;origine des baskets que s&rsquo;arrachent les cool kids du moment. Stan Smith, Palermo, Easy Rider, Continental ou encore Samba\u00a0sont quelques-unes des\u00a0paires embl\u00e9matiques commercialis\u00e9es par les deux marques. Aujourd&rsquo;hui concurrentes directes sur le march\u00e9, elles n&rsquo;ont\u00a0pourtant form\u00e9 qu&rsquo;une seule et m\u00eame entit\u00e9 pendant pr\u00e8s de trois d\u00e9cennies. Tout commence en 1920, quand les fr\u00e8res <strong>Adolf et Rudolph Dassler<\/strong> reprennent l&rsquo;entreprise familiale sp\u00e9cialis\u00e9e dans la pantoufle. Gr\u00e2ce \u00e0 des chutes de cuir provenant de l&rsquo;arm\u00e9e allemande, ils ont l&rsquo;id\u00e9e de cr\u00e9er leur premi\u00e8re paire de chaussures de sport. Tr\u00e8s appr\u00e9ci\u00e9, le mod\u00e8le de l&rsquo;entreprise appel\u00e9e Gebr\u00fcder Dassler OHG\u00a0permet m\u00eame\u00a0\u00e0 l&rsquo;athl\u00e8te Jesse Owens de remporter quatre m\u00e9dailles lors des <strong>Jeux olympiques de 1936<\/strong>.<\/p>\n<p>La success story de l&rsquo;entreprise allemande aurait pu continuer ainsi, mais lorsque la\u00a0Seconde Guerre mondiale \u00e9clate, des d\u00e9saccords s\u00e9parent\u00a0d\u00e9finitivement les deux fr\u00e8res, pourtant tous deux soutiens\u00a0d&rsquo;Adolf Hitler. Alors qu&rsquo;Adi\u00a0reste\u00a0travailler dans l&rsquo;usine, Rudi s&rsquo;engage dans la Wehrmacht (l&rsquo;arm\u00e9e du III<sup>\u00e8me<\/sup> Reich) et finit emprisonn\u00e9.\u00a0\u00c0 son retour, les divergences d&rsquo;opinion demeurent et la fratrie d\u00e9cide de\u00a0fermer la\u00a0soci\u00e9t\u00e9 en 1948. Adolf garde les brevets et l&rsquo;usine, qu&rsquo;il renomme Adidas (contraction de son pr\u00e9nom et de son nom). Quant \u00e0 Rudolf, il ouvre dans la m\u00eame ville sa propre usine de&#8230; chaussures de sport qu&rsquo;il baptise Puma. Loin d&rsquo;enterrer la hache de guerre, les fr\u00e8res resteront ennemis jusqu&rsquo;\u00e0 la fin de leurs vies.\u00a0<\/p>\n<h2>Deux marques leaders<\/h2>\n<figure class=\"image\" style=\"float:right\"><a class=\"fancy\" href=\"https:\/\/img-3.journaldesfemmes.fr\/gB5FMkIkAm6S1HhCLg583vx-O1w=\/1080x\/smart\/e3451ac184b84393966b3283bd2ffc10\/ccmcms-jdf\/39960613.jpg\" target=\"_blank\" rel=\"noopener\"><img decoding=\"async\" alt=\"jenna-ortega-look-adidas\" src=\"https:\/\/img-3.journaldesfemmes.fr\/FKccd0U5Hxqv66XEOD3kTM-tCbc=\/300x\/smart\/e3451ac184b84393966b3283bd2ffc10\/ccmcms-jdf\/39960613.jpg\"\/><\/a><figcaption data-credit=\"par Diggzy\/Shutterstock\/SIPA\" data-legend=\"L'actrice Jenna Ortega en total look Adidas \u00e0 New York le 9 mars 2023 \">L&rsquo;actrice Jenna Ortega en total look Adidas \u00e0 New York le 9\u00a0mars 2023 <small>\u00a9\u00a0par Diggzy\/Shutterstock\/SIPA<\/small><\/figcaption><\/figure>\n<p>\u00c0 l&rsquo;arriv\u00e9e des ann\u00e9es 60, Horst Dassler, le fils d&rsquo;Adi, transforme Adidas en multinationale \u00e0 succ\u00e8s. Dix ans plus tard, la marque aux trois bandes est m\u00eame charg\u00e9e de fournir les ballons de la coupe du monde de football. Mais \u00e0\u00a0bout de souffle dans les ann\u00e9es 90, Adidas est rachet\u00e9e par Bernard Tapis, puis Robert Louis-Dreyfus, qui contribuent tous deux \u00e0 redorer\u00a0son image. Collaborations avec des marques de luxe (Gucci et Stella McCartney pour ne citer qu&rsquo;elles) et ambassadrices prestigieuses (comme les actrices\u00a0<strong>Selena Gomez <\/strong>et Jenna Ortega), la marque aux trois bandes s&rsquo;est, au XXI<sup>\u00e8me<\/sup> si\u00e8cle, affranchie de son statut d&rsquo;\u00e9quipementier sportif pour devenir une griffe lifestyle, technique ou pointue, selon les envies des client-e-s.\u00a0Une strat\u00e9gie payante, puisqu&rsquo;en 2023, Adidas affichait un chiffre d&rsquo;affaires de\u00a021,4\u00a0milliards d&rsquo;euros.<\/p>\n<p>Pour Puma, en revanche, le d\u00e9veloppement n&rsquo;a\u00a0pas \u00e9t\u00e9 aussi rapide. Mais apr\u00e8s avoir perdu des parts de march\u00e9 face \u00e0 Adidas, l&rsquo;entreprise se r\u00e9invente et devient le sponsor de l&rsquo;\u00e9quipe de football d&rsquo;Italie, puis celui du sprinteur\u00a0<strong>Usain Bolt<\/strong> en 2003<strong>. <\/strong>Outre les athl\u00e8tes, la marque, qui a un temps appartenu au groupe de luxe fran\u00e7ais Kering, a su s\u00e9duire la rappeuse Shay et la mannequin Cara Delevingne. Puma encha\u00eene\u00a0\u00e9galement les collaborations avec de grands noms internationaux. La derni\u00e8re\u00a0en date ? Celle qui lie la griffe\u00a0\u00e0 la chanteuse <strong><a href=\"https:\/\/www.journaldesfemmes.fr\/people\/personnalites\/2560028-rihanna-age-chansons-compagnon-enfants-bebe\/\" title=\"Robyn Fenty\">Rihanna<\/a><\/strong>. La Barbadienne et l&rsquo;\u00e9quipementier ont d\u00e9j\u00e0 sign\u00e9 plusieurs collections que les modeuses affectionnent tout particuli\u00e8rement.<\/p>\n<\/p><\/div>\n<p>[ad_2]<br \/>\n<br \/><a href=\"https:\/\/www.journaldesfemmes.fr\/mode\/magazine-mode\/3171214-ennemis-jures-les-fondateurs-de-puma-et-adidas-sont-pourtant-tres-lies\/\">Source link <\/a><\/p>\n","protected":false},"excerpt":{"rendered":"<p>[ad_1] Adidas et Puma font partie des marques pr\u00e9f\u00e9r\u00e9es des fashionistas. Aujourd&rsquo;hui concurrents, les deux \u00e9quipementiers sportifs ont pourtant une &hellip; <a href=\"http:\/\/www.affinite.fr\/index.php\/2024\/04\/13\/adorees-des-fashionistas-ces-deux-marques-de-sport-ont-ete-fondees-par-des-ennemis-jures\/\" class=\"more-link\">Plus <span class=\"screen-reader-text\">Ador\u00e9es des fashionistas, ces deux marques de sport ont \u00e9t\u00e9 fond\u00e9es par des ennemis jur\u00e9s<\/span> <span class=\"meta-nav\">&rarr;<\/span><\/a><\/p>\n","protected":false},"author":1,"featured_media":10210,"comment_status":"","ping_status":"open","sticky":false,"template":"","format":"standard","meta":{"_sitemap_exclude":false,"_sitemap_priority":"","_sitemap_frequency":"","footnotes":""},"categories":[1],"tags":[],"class_list":["post-10209","post","type-post","status-publish","format-standard","has-post-thumbnail","hentry","category-tous"],"_links":{"self":[{"href":"http:\/\/www.affinite.fr\/index.php\/wp-json\/wp\/v2\/posts\/10209"}],"collection":[{"href":"http:\/\/www.affinite.fr\/index.php\/wp-json\/wp\/v2\/posts"}],"about":[{"href":"http:\/\/www.affinite.fr\/index.php\/wp-json\/wp\/v2\/types\/post"}],"author":[{"embeddable":true,"href":"http:\/\/www.affinite.fr\/index.php\/wp-json\/wp\/v2\/users\/1"}],"replies":[{"embeddable":true,"href":"http:\/\/www.affinite.fr\/index.php\/wp-json\/wp\/v2\/comments?post=10209"}],"version-history":[{"count":0,"href":"http:\/\/www.affinite.fr\/index.php\/wp-json\/wp\/v2\/posts\/10209\/revisions"}],"wp:featuredmedia":[{"embeddable":true,"href":"http:\/\/www.affinite.fr\/index.php\/wp-json\/wp\/v2\/media\/10210"}],"wp:attachment":[{"href":"http:\/\/www.affinite.fr\/index.php\/wp-json\/wp\/v2\/media?parent=10209"}],"wp:term":[{"taxonomy":"category","embeddable":true,"href":"http:\/\/www.affinite.fr\/index.php\/wp-json\/wp\/v2\/categories?post=10209"},{"taxonomy":"post_tag","embeddable":true,"href":"http:\/\/www.affinite.fr\/index.php\/wp-json\/wp\/v2\/tags?post=10209"}],"curies":[{"name":"wp","href":"https:\/\/api.w.org\/{rel}","templated":true}]}}